{"id":83382,"date":"2023-08-23T12:20:37","date_gmt":"2023-08-23T15:20:37","guid":{"rendered":"https:\/\/catolicanet.net\/wp-cnet\/?p=83382"},"modified":"2023-08-23T12:20:37","modified_gmt":"2023-08-23T15:20:37","slug":"video-oracao-pelo-crescimento-espiritual-e-desapego","status":"publish","type":"post","link":"https:\/\/catolicanet.net\/wp-cnet\/video-oracao-pelo-crescimento-espiritual-e-desapego\/","title":{"rendered":"[V\u00cdDEO] Ora\u00e7\u00e3o pelo crescimento espiritual e desapego"},"content":{"rendered":"<h2 class=\"subtitle\" style=\"text-align: justify;\">Uma ora\u00e7\u00e3o a S\u00e3o Jo\u00e3o Batista, primo de Jesus, filho de Isabel e Zacarias, aqueles que foram prontamente visitados por Maria, para que interceda em nosso crescimento espiritual e nos ajude a alcan\u00e7ar liberdade e desapego<\/h2>\n<p><iframe loading=\"lazy\" title=\"S\u00e3o Jo\u00e3o Batista, rogai por n\u00f3s! \" frameborder=\"0\" width=\"696\" height=\"696\" src=\"https:\/\/geo.dailymotion.com\/player.html?video=x8nc2jz&#038;\" allowfullscreen allow=\"autoplay; fullscreen; picture-in-picture\"><\/iframe><\/p>\n","protected":false},"excerpt":{"rendered":"<p>Uma ora\u00e7\u00e3o a S\u00e3o Jo\u00e3o Batista, primo de Jesus, filho de Isabel e Zacarias, aqueles que foram prontamente visitados por Maria, para que interceda em nosso crescimento espiritual e nos ajude a alcan\u00e7ar liberdade e desapego<\/p>\n","protected":false},"author":1,"featured_media":83383,"comment_status":"open","ping_status":"closed","sticky":false,"template":"","format":"standard","meta":{"footnotes":""},"categories":[4],"tags":[],"class_list":["post-83382","post","type-post","status-publish","format-standard","has-post-thumbnail","hentry","category-cotidiano"],"_links":{"self":[{"href":"https:\/\/catolicanet.net\/wp-cnet\/wp-json\/wp\/v2\/posts\/83382","targetHints":{"allow":["GET"]}}],"collection":[{"href":"https:\/\/catolicanet.net\/wp-cnet\/wp-json\/wp\/v2\/posts"}],"about":[{"href":"https:\/\/catolicanet.net\/wp-cnet\/wp-json\/wp\/v2\/types\/post"}],"author":[{"embeddable":true,"href":"https:\/\/catolicanet.net\/wp-cnet\/wp-json\/wp\/v2\/users\/1"}],"replies":[{"embeddable":true,"href":"https:\/\/catolicanet.net\/wp-cnet\/wp-json\/wp\/v2\/comments?post=83382"}],"version-history":[{"count":1,"href":"https:\/\/catolicanet.net\/wp-cnet\/wp-json\/wp\/v2\/posts\/83382\/revisions"}],"predecessor-version":[{"id":83384,"href":"https:\/\/catolicanet.net\/wp-cnet\/wp-json\/wp\/v2\/posts\/83382\/revisions\/83384"}],"wp:featuredmedia":[{"embeddable":true,"href":"https:\/\/catolicanet.net\/wp-cnet\/wp-json\/wp\/v2\/media\/83383"}],"wp:attachment":[{"href":"https:\/\/catolicanet.net\/wp-cnet\/wp-json\/wp\/v2\/media?parent=83382"}],"wp:term":[{"taxonomy":"category","embeddable":true,"href":"https:\/\/catolicanet.net\/wp-cnet\/wp-json\/wp\/v2\/categories?post=83382"},{"taxonomy":"post_tag","embeddable":true,"href":"https:\/\/catolicanet.net\/wp-cnet\/wp-json\/wp\/v2\/tags?post=83382"}],"curies":[{"name":"wp","href":"https:\/\/api.w.org\/{rel}","templated":true}]}}