{"id":83370,"date":"2023-08-23T12:10:24","date_gmt":"2023-08-23T15:10:24","guid":{"rendered":"https:\/\/catolicanet.net\/wp-cnet\/?p=83370"},"modified":"2023-08-23T12:10:24","modified_gmt":"2023-08-23T15:10:24","slug":"pastoral-afro-brasileira-publica-nota-pelo-assassinato-da-ialorixa-bernadete-pacifico","status":"publish","type":"post","link":"https:\/\/catolicanet.net\/wp-cnet\/pastoral-afro-brasileira-publica-nota-pelo-assassinato-da-ialorixa-bernadete-pacifico\/","title":{"rendered":"PASTORAL AFRO-BRASILEIRA PUBLICA NOTA PELO ASSASSINATO DA IALORIX\u00c1 BERNADETE PAC\u00cdFICO"},"content":{"rendered":"<p style=\"text-align: justify;\">A Pastoral Afro-Brasileira publicou uma nota pelo assassinato da Ialorix\u00e1 Bernadete Pac\u00edfico, ocorrido no \u00faltimo dia 17 de agosto, na cidade de Sim\u00f5es Filho, regi\u00e3o metropolitana de Salvador (BA). Segue, abaixo, a \u00edntegra da nota.<\/p>\n<h3 style=\"text-align: justify;\">Nota de solidariedade da Pastoral Afro-Brasileira pelo assassinato da Ialorix\u00e1 Bernadete Pac\u00edfico<\/h3>\n<p style=\"text-align: justify;\"><em>\u201cA morte de Bernadete e de Zumbi dos Palmares n\u00e3o pode ser entendida como um fracasso, mas como conseq\u00fc\u00eancia l\u00f3gica de uma vida comprometida e doada\u201d<br \/>\nDom Zanoni Demettino Castro<\/em><\/p>\n<p style=\"text-align: justify;\">A Pastoral Afro-Brasileira se solidariza com a comunidade do quilombo Pitanga dos Palmares, Sim\u00f5es Filho (BA), ao mesmo tempo em que expressa dor, pesar e indigna\u00e7\u00e3o pelo constante holocausto do povo afro-descendente em solo brasileiro.<\/p>\n<p style=\"text-align: justify;\">Como afirma Papa Francisco, \u201cvivemos num contexto de guerra mundial em peda\u00e7os, de constantes conflitos\u201d, no qual a popula\u00e7\u00e3o negra se torna a principal v\u00edtima. O documento de Aparecida, por sua vez, recorda que \u201ca hist\u00f3ria dos afro-descendentes tem sido atravessada por uma exclus\u00e3o social, econ\u00f4mica pol\u00edtica e, sobretudo racial, onde a identidade \u00e9tnica \u00e9 fator de subordina\u00e7\u00e3o social\u201d (DA, n\u00ba 96).<\/p>\n<p style=\"text-align: justify;\">Diante desta perda brutal da nossa irm\u00e3 Bernadete Pac\u00edfico e de seu filho, F\u00e1bio Gabriel Pac\u00edfico dos Santos, assassinado h\u00e1 seis anos, e por todos aqueles que tomaram pela causa da justi\u00e7a e dos direitos, conclamamos \u00e0s autoridades competentes, justi\u00e7a por meio da puni\u00e7\u00e3o dos culpados, como tamb\u00e9m, celeridade na homologa\u00e7\u00e3o das terras quilombolas no pa\u00eds.<\/p>\n","protected":false},"excerpt":{"rendered":"<p>A Pastoral Afro-Brasileira publicou uma nota pelo assassinato da Ialorix\u00e1 Bernadete Pac\u00edfico, ocorrido no \u00faltimo dia 17 de agosto, na cidade de Sim\u00f5es Filho, regi\u00e3o metropolitana de Salvador (BA). Segue, abaixo, a \u00edntegra da nota. Nota de solidariedade da Pastoral Afro-Brasileira pelo assassinato da Ialorix\u00e1 Bernadete Pac\u00edfico \u201cA morte de Bernadete e de Zumbi dos [&hellip;]<\/p>\n","protected":false},"author":1,"featured_media":83371,"comment_status":"open","ping_status":"closed","sticky":false,"template":"","format":"standard","meta":{"footnotes":""},"categories":[7],"tags":[],"class_list":["post-83370","post","type-post","status-publish","format-standard","has-post-thumbnail","hentry","category-cnbb"],"_links":{"self":[{"href":"https:\/\/catolicanet.net\/wp-cnet\/wp-json\/wp\/v2\/posts\/83370","targetHints":{"allow":["GET"]}}],"collection":[{"href":"https:\/\/catolicanet.net\/wp-cnet\/wp-json\/wp\/v2\/posts"}],"about":[{"href":"https:\/\/catolicanet.net\/wp-cnet\/wp-json\/wp\/v2\/types\/post"}],"author":[{"embeddable":true,"href":"https:\/\/catolicanet.net\/wp-cnet\/wp-json\/wp\/v2\/users\/1"}],"replies":[{"embeddable":true,"href":"https:\/\/catolicanet.net\/wp-cnet\/wp-json\/wp\/v2\/comments?post=83370"}],"version-history":[{"count":1,"href":"https:\/\/catolicanet.net\/wp-cnet\/wp-json\/wp\/v2\/posts\/83370\/revisions"}],"predecessor-version":[{"id":83372,"href":"https:\/\/catolicanet.net\/wp-cnet\/wp-json\/wp\/v2\/posts\/83370\/revisions\/83372"}],"wp:featuredmedia":[{"embeddable":true,"href":"https:\/\/catolicanet.net\/wp-cnet\/wp-json\/wp\/v2\/media\/83371"}],"wp:attachment":[{"href":"https:\/\/catolicanet.net\/wp-cnet\/wp-json\/wp\/v2\/media?parent=83370"}],"wp:term":[{"taxonomy":"category","embeddable":true,"href":"https:\/\/catolicanet.net\/wp-cnet\/wp-json\/wp\/v2\/categories?post=83370"},{"taxonomy":"post_tag","embeddable":true,"href":"https:\/\/catolicanet.net\/wp-cnet\/wp-json\/wp\/v2\/tags?post=83370"}],"curies":[{"name":"wp","href":"https:\/\/api.w.org\/{rel}","templated":true}]}}