{"id":83302,"date":"2023-08-21T10:27:02","date_gmt":"2023-08-21T13:27:02","guid":{"rendered":"https:\/\/catolicanet.net\/wp-cnet\/?p=83302"},"modified":"2023-08-21T10:27:02","modified_gmt":"2023-08-21T13:27:02","slug":"comissao-episcopal-para-o-laicato-realiza-16o-seminario-com-os-bispos-referenciais-para-as-cebs-e-para-o-laicato-de-21-a-24-de-agosto","status":"publish","type":"post","link":"https:\/\/catolicanet.net\/wp-cnet\/comissao-episcopal-para-o-laicato-realiza-16o-seminario-com-os-bispos-referenciais-para-as-cebs-e-para-o-laicato-de-21-a-24-de-agosto\/","title":{"rendered":"COMISS\u00c3O EPISCOPAL PARA O LAICATO REALIZA 16\u00ba SEMIN\u00c1RIO COM OS BISPOS REFERENCIAIS PARA AS CEBS E PARA O LAICATO DE 21 A 24 DE AGOSTO"},"content":{"rendered":"<p style=\"text-align: justify;\">A Comiss\u00e3o Episcopal para o Laicato da Confer\u00eancia Nacional dos Bispos do Brasil (CNBB) realiza, de 21 a 24 de agosto, o 16\u00ba Semin\u00e1rio com os Bispos Referenciais para as Comunidades Eclesiais de Base (CEBs) e para o Laicato dos 19 regionais da Confer\u00eancia. O encontro ser\u00e1 realizado na casa Dom Luciano Mendes de Almeida, em Bras\u00edlia \u2013 DF<\/p>\n<p style=\"text-align: justify;\">O objetivo do semin\u00e1rio, que tem como tema: \u201cPara uma igreja sinodal em sa\u00edda para as periferias\u201d, ser\u00e1 avaliar o quadri\u00eanio 2019-2023 (23\u00b0 Plano Pastoral) e organizar as propostas para a elabora\u00e7\u00e3o do 24\u00b0 Plano Pastoral. De acordo com a comiss\u00e3o, at\u00e9 o momento, s\u00e3o 58 inscritos, sendo 22 bispos referenciais para as CEB\u2019s e para o Laicato.<\/p>\n<p style=\"text-align: justify;\">Al\u00e9m dos bispos, o semin\u00e1rio ter\u00e1 a participa\u00e7\u00e3o de representantes do Conselho Nacional do Laicato do Brasil (CNLB), da\u00a0 Ampliada Nacional das CEBs, do Centro Nacional de F\u00e9 e Pol\u00edtica (CEFEP), do CHARIS e das demais Express\u00f5es Laicais da Igreja no Brasil\u00a0(Movimentos, Associa\u00e7\u00f5es Laicais, Servi\u00e7os Eclesiais, Fam\u00edlia dos Carismas e Novas Comunidades).<\/p>\n<p style=\"text-align: justify;\">De acordo com a comiss\u00e3o estes bispos t\u00eam a miss\u00e3o de acompanhar os organismos, as express\u00f5es e movimentos laicais, as CEB\u2019s e anim\u00e1-los na sua identidade, na sua voca\u00e7\u00e3o e miss\u00e3o como crist\u00e3os leigos e leigas na Igreja no Brasil.<\/p>\n","protected":false},"excerpt":{"rendered":"<p>A Comiss\u00e3o Episcopal para o Laicato da Confer\u00eancia Nacional dos Bispos do Brasil (CNBB) realiza, de 21 a 24 de agosto, o 16\u00ba Semin\u00e1rio com os Bispos Referenciais para as Comunidades Eclesiais de Base (CEBs) e para o Laicato dos 19 regionais da Confer\u00eancia. O encontro ser\u00e1 realizado na casa Dom Luciano Mendes de Almeida, [&hellip;]<\/p>\n","protected":false},"author":1,"featured_media":83303,"comment_status":"open","ping_status":"closed","sticky":false,"template":"","format":"standard","meta":{"footnotes":""},"categories":[7],"tags":[],"class_list":["post-83302","post","type-post","status-publish","format-standard","has-post-thumbnail","hentry","category-cnbb"],"_links":{"self":[{"href":"https:\/\/catolicanet.net\/wp-cnet\/wp-json\/wp\/v2\/posts\/83302","targetHints":{"allow":["GET"]}}],"collection":[{"href":"https:\/\/catolicanet.net\/wp-cnet\/wp-json\/wp\/v2\/posts"}],"about":[{"href":"https:\/\/catolicanet.net\/wp-cnet\/wp-json\/wp\/v2\/types\/post"}],"author":[{"embeddable":true,"href":"https:\/\/catolicanet.net\/wp-cnet\/wp-json\/wp\/v2\/users\/1"}],"replies":[{"embeddable":true,"href":"https:\/\/catolicanet.net\/wp-cnet\/wp-json\/wp\/v2\/comments?post=83302"}],"version-history":[{"count":1,"href":"https:\/\/catolicanet.net\/wp-cnet\/wp-json\/wp\/v2\/posts\/83302\/revisions"}],"predecessor-version":[{"id":83304,"href":"https:\/\/catolicanet.net\/wp-cnet\/wp-json\/wp\/v2\/posts\/83302\/revisions\/83304"}],"wp:featuredmedia":[{"embeddable":true,"href":"https:\/\/catolicanet.net\/wp-cnet\/wp-json\/wp\/v2\/media\/83303"}],"wp:attachment":[{"href":"https:\/\/catolicanet.net\/wp-cnet\/wp-json\/wp\/v2\/media?parent=83302"}],"wp:term":[{"taxonomy":"category","embeddable":true,"href":"https:\/\/catolicanet.net\/wp-cnet\/wp-json\/wp\/v2\/categories?post=83302"},{"taxonomy":"post_tag","embeddable":true,"href":"https:\/\/catolicanet.net\/wp-cnet\/wp-json\/wp\/v2\/tags?post=83302"}],"curies":[{"name":"wp","href":"https:\/\/api.w.org\/{rel}","templated":true}]}}