{"id":83290,"date":"2023-08-21T10:11:56","date_gmt":"2023-08-21T13:11:56","guid":{"rendered":"https:\/\/catolicanet.net\/wp-cnet\/?p=83290"},"modified":"2023-08-21T10:11:56","modified_gmt":"2023-08-21T13:11:56","slug":"o-desejo-do-papa-para-sinodo-valdense-em-torre-pellice-que-seja-ocasiao-de-comunhao","status":"publish","type":"post","link":"https:\/\/catolicanet.net\/wp-cnet\/o-desejo-do-papa-para-sinodo-valdense-em-torre-pellice-que-seja-ocasiao-de-comunhao\/","title":{"rendered":"O desejo do Papa para S\u00ednodo Valdense em Torre Pellice: que seja ocasi\u00e3o de comunh\u00e3o"},"content":{"rendered":"<div class=\"mediaContent__inner \">\n<figure class=\"article__image\"><span class=\"didascalia_img\">A Casa Valdense em Torre Pellice (Vatican Media)<\/span><\/figure>\n<\/div>\n<article class=\"article \">\n<div class=\"article__meta audioInside\" data-mediatype=\"foto\">\n<div class=\"article__subTitle\" style=\"text-align: justify;\">Em um telegrama assinado pelo cardeal secret\u00e1rio de Estado Parolin, Francisco expressa a esperan\u00e7a de que os dias da reuni\u00e3o das Igrejas Metodistas-Valdenses sejam vividos como uma &#8220;profunda experi\u00eancia de Cristo&#8221; e que &#8220;se possa crescer no conhecimento m\u00fatuo&#8221;. A reuni\u00e3o habitual, com 180 delegados e delegadas de toda a It\u00e1lia, come\u00e7ou em 20 de agosto e continua at\u00e9 o dia 25 do mesmo<\/div>\n<div class=\"title__separator\" style=\"text-align: justify;\"><\/div>\n<div class=\"article__text\">\n<p style=\"text-align: justify;\"><b>Antonella Palermo \u2013 Vatican News<\/b><\/p>\n<div style=\"text-align: justify;\">\n<div class=\"article__embed article__embed--unwrap article__embed--dark\">\n<div class=\"article__innerTitle\">Ou\u00e7a a reportagem e compartilhe<\/div>\n<div>\n<!--[if lt IE 9]><script>document.createElement('audio');<\/script><![endif]-->\n<audio class=\"wp-audio-shortcode\" id=\"audio-83290-1\" preload=\"none\" style=\"width: 100%;\" controls=\"controls\"><source type=\"audio\/mpeg\" src=\"https:\/\/media.vaticannews.va\/media\/audio\/s1\/2023\/08\/21\/14\/137274377_F137274377.mp3?_=1\" \/><a href=\"https:\/\/media.vaticannews.va\/media\/audio\/s1\/2023\/08\/21\/14\/137274377_F137274377.mp3\">https:\/\/media.vaticannews.va\/media\/audio\/s1\/2023\/08\/21\/14\/137274377_F137274377.mp3<\/a><\/audio>\n<\/div>\n<\/div>\n<\/div>\n<p style=\"text-align: justify;\">Uma oportunidade para uma &#8220;profunda experi\u00eancia de Cristo que acolhe, guia e conduz \u00e0 plenitude da comunh\u00e3o&#8221;. \u00c9 o que deseja o Papa Francisco em um telegrama assinado pelo cardeal secret\u00e1rio de Estado vaticano, Pietro Parolin, enviado a dom Derio Olivero, bispo de Pinerolo, norte da It\u00e1lia, a todos os envolvidos no S\u00ednodo das Igrejas Metodistas-Valdenses que est\u00e1 sendo realizado em Torre Pellice, norte da Pen\u00ednsula, desde este domingo, 20 de agosto, at\u00e9 o dia 25 do mesmo.<\/p>\n<h2 style=\"text-align: justify;\">Que o S\u00ednodo seja uma ocasi\u00e3o de plena comunh\u00e3o<\/h2>\n<p style=\"text-align: justify;\">O Papa envia sua cordial sauda\u00e7\u00e3o aos participantes do S\u00ednodo das Igrejas Metodistas-Valdenses &#8211; diz o texto do telegrama &#8211; &#8220;para que os dias de encontro sejam para cada um ocasi\u00e3o de uma profunda experi\u00eancia de Cristo que acolhe, guia e conduz \u00e0 plenitude da comunh\u00e3o com Ele e com os irm\u00e3os&#8221;.<\/p>\n<p style=\"text-align: justify;\">Sua Santidade, enquanto eleva uma ora\u00e7\u00e3o de louvor a Deus Pai pelos dons concedidos atrav\u00e9s do di\u00e1logo ecum\u00eanico, bem como pela colabora\u00e7\u00e3o harmoniosa entre as Igrejas, deseja unir-se espiritualmente a um evento t\u00e3o importante, para que se possa crescer no conhecimento m\u00fatuo, a fim de testemunhar juntos o Evangelho de Jesus. Com esses sentimentos, o Sumo Pont\u00edfice, ao expressar seus melhores votos para os trabalhos desta assembleia sinodal, invoca a b\u00ean\u00e7\u00e3o do Senhor.<\/p>\n<h2 style=\"text-align: justify;\">Temas sinodais: a Igreja na sociedade, f\u00e9, \u00e9tica<\/h2>\n<p style=\"text-align: justify;\">O tradicional encontro anual que se realiza no cora\u00e7\u00e3o dos vales valdenses re\u00fane 180 delegados e delegadas de toda a It\u00e1lia, cerca de 30 convidados internacionais e representantes ecum\u00eanicos que se alternam nestes dias. O S\u00ednodo representa o mais alto \u00f3rg\u00e3o de decis\u00e3o e assembleia democr\u00e1tica dessas Igrejas protestantes italianas. Temas principais da edi\u00e7\u00e3o de 2023: o compromisso da Igreja na sociedade, a f\u00e9 e a \u00e9tica. O programa inclui, em particular, o culto de abertura, a habitual noite p\u00fablica (na noite de segunda-feira, 21 de agosto, no templo valdense em Torre Pellice), este ano intitulada &#8220;Opress\u00e3o, resili\u00eancia, transforma\u00e7\u00e3o: mulheres no espa\u00e7o p\u00fablico&#8221;, mas tamb\u00e9m o pr\u00e9-S\u00ednodo das mulheres e o pr\u00e9-S\u00ednodo da Federa\u00e7\u00e3o da juventude evang\u00e9lica na It\u00e1lia (FGEI). Outra data importante est\u00e1 sendo preparada: 2024 \u00e9 um marco para os valdenses, que celebrar\u00e3o os 850 anos do nascimento em Lyon do movimento de Pedro Valdo. O S\u00ednodo tra\u00e7ar\u00e1 as linhas de trabalho para o pr\u00f3ximo ano.<\/p>\n<\/div>\n<\/div>\n<\/article>\n","protected":false},"excerpt":{"rendered":"<p>A Casa Valdense em Torre Pellice (Vatican Media) Em um telegrama assinado pelo cardeal secret\u00e1rio de Estado Parolin, Francisco expressa a esperan\u00e7a de que os dias da reuni\u00e3o das Igrejas Metodistas-Valdenses sejam vividos como uma &#8220;profunda experi\u00eancia de Cristo&#8221; e que &#8220;se possa crescer no conhecimento m\u00fatuo&#8221;. A reuni\u00e3o habitual, com 180 delegados e delegadas [&hellip;]<\/p>\n","protected":false},"author":1,"featured_media":83291,"comment_status":"open","ping_status":"closed","sticky":false,"template":"","format":"standard","meta":{"footnotes":""},"categories":[3],"tags":[],"class_list":["post-83290","post","type-post","status-publish","format-standard","has-post-thumbnail","hentry","category-vaticano"],"_links":{"self":[{"href":"https:\/\/catolicanet.net\/wp-cnet\/wp-json\/wp\/v2\/posts\/83290","targetHints":{"allow":["GET"]}}],"collection":[{"href":"https:\/\/catolicanet.net\/wp-cnet\/wp-json\/wp\/v2\/posts"}],"about":[{"href":"https:\/\/catolicanet.net\/wp-cnet\/wp-json\/wp\/v2\/types\/post"}],"author":[{"embeddable":true,"href":"https:\/\/catolicanet.net\/wp-cnet\/wp-json\/wp\/v2\/users\/1"}],"replies":[{"embeddable":true,"href":"https:\/\/catolicanet.net\/wp-cnet\/wp-json\/wp\/v2\/comments?post=83290"}],"version-history":[{"count":1,"href":"https:\/\/catolicanet.net\/wp-cnet\/wp-json\/wp\/v2\/posts\/83290\/revisions"}],"predecessor-version":[{"id":83292,"href":"https:\/\/catolicanet.net\/wp-cnet\/wp-json\/wp\/v2\/posts\/83290\/revisions\/83292"}],"wp:featuredmedia":[{"embeddable":true,"href":"https:\/\/catolicanet.net\/wp-cnet\/wp-json\/wp\/v2\/media\/83291"}],"wp:attachment":[{"href":"https:\/\/catolicanet.net\/wp-cnet\/wp-json\/wp\/v2\/media?parent=83290"}],"wp:term":[{"taxonomy":"category","embeddable":true,"href":"https:\/\/catolicanet.net\/wp-cnet\/wp-json\/wp\/v2\/categories?post=83290"},{"taxonomy":"post_tag","embeddable":true,"href":"https:\/\/catolicanet.net\/wp-cnet\/wp-json\/wp\/v2\/tags?post=83290"}],"curies":[{"name":"wp","href":"https:\/\/api.w.org\/{rel}","templated":true}]}}