{"id":83253,"date":"2023-08-17T10:11:06","date_gmt":"2023-08-17T13:11:06","guid":{"rendered":"https:\/\/catolicanet.net\/wp-cnet\/?p=83253"},"modified":"2023-08-17T10:11:06","modified_gmt":"2023-08-17T13:11:06","slug":"parolin-no-sudao-do-sul-poder-do-perdao-dissipa-medos-e-cria-fraternidade","status":"publish","type":"post","link":"https:\/\/catolicanet.net\/wp-cnet\/parolin-no-sudao-do-sul-poder-do-perdao-dissipa-medos-e-cria-fraternidade\/","title":{"rendered":"Parolin no Sud\u00e3o do Sul: poder do perd\u00e3o dissipa medos e cria fraternidade"},"content":{"rendered":"<figure class=\"article__image\"><span class=\"didascalia_img\">Cardeal Parolin em Rumbek, Sud\u00e3o do Sul, onde presidiu a Santa Missa na manh\u00e3 desta quinta-feira\u00a0<\/span><\/figure>\n<div class=\"article__meta audioInside\" data-mediatype=\"\">\n<div class=\"article__subTitle\" style=\"text-align: justify;\">Quarto e \u00faltimo dia no Sud\u00e3o do Sul para o cardeal secret\u00e1rio de Estado, que chegou a Juba na \u00faltima segunda-feira. Na manh\u00e3 desta quinta-feira, a acolhida em Rumbek, no Estado dos Lagos, seguida pela Missa pela paz e a reconcilia\u00e7\u00e3o.<\/div>\n<div class=\"title__separator\" style=\"text-align: justify;\"><\/div>\n<div class=\"article__text\">\n<p style=\"text-align: justify;\"><b>Paolo Ondarza &#8211; Cidade do Vaticano<\/b><\/p>\n<p style=\"text-align: justify;\">&#8220;\u00c9 tempo de virar a p\u00e1gina&#8221;, para dar espa\u00e7o \u00e0 justi\u00e7a e \u00e0 paz. O cardeal Pietro Parolin cita o Papa Francisco e pronuncia palavras cheias de esperan\u00e7a em Rumbek, no Sud\u00e3o do Sul, durante a Missa pela paz e a reconcilia\u00e7\u00e3o.<\/p>\n<div style=\"text-align: justify;\">\n<div class=\"article__embed article__embed--unwrap article__embed--dark\">\n<div class=\"article__innerTitle\">Ou\u00e7a e compartilhe<\/div>\n<div>\n<!--[if lt IE 9]><script>document.createElement('audio');<\/script><![endif]-->\n<audio class=\"wp-audio-shortcode\" id=\"audio-83253-1\" preload=\"none\" style=\"width: 100%;\" controls=\"controls\"><source type=\"audio\/mpeg\" src=\"https:\/\/media.vaticannews.va\/media\/audio\/s1\/2023\/08\/17\/14\/137270405_F137270405.mp3?_=1\" \/><a href=\"https:\/\/media.vaticannews.va\/media\/audio\/s1\/2023\/08\/17\/14\/137270405_F137270405.mp3\">https:\/\/media.vaticannews.va\/media\/audio\/s1\/2023\/08\/17\/14\/137270405_F137270405.mp3<\/a><\/audio>\n<\/div>\n<\/div>\n<\/div>\n<p style=\"text-align: justify;\">No Senhor Jesus &#8211; que depois de sua morte na cruz e ressurrei\u00e7\u00e3o apareceu entre os disc\u00edpulos assustados dizendo-lhes &#8220;a paz esteja com voc\u00eas&#8221; &#8211; todo medo pode ser transformado. Hoje essas palavras, continuou o cardeal, \u201cs\u00e3o dirigidas a n\u00f3s\u201d.<\/p>\n<h2 style=\"text-align: justify;\">A tenta\u00e7\u00e3o das armas e a for\u00e7a do perd\u00e3o<\/h2>\n<p style=\"text-align: justify;\">A aus\u00eancia de justi\u00e7a e paz, observou o secret\u00e1rio de Estado, gera &#8220;medos e sentimentos de impot\u00eancia&#8221;: quando o medo prevalece, cede-se \u00e0 tenta\u00e7\u00e3o de &#8220;colocar a confian\u00e7a mais nas pr\u00f3prias armas do que no poder do perd\u00e3o&#8221;, de confiar \u201cmais nos nossos meios do que na transforma\u00e7\u00e3o que vem do Senhor ressuscitado\u201d, tornando-nos incapazes de nos comprometermos com a justi\u00e7a e a paz e construir uma comunidade mais fraterna. Alargam-se as causas da disc\u00f3rdia, como as desigualdades econ\u00f4micas, cedemos \u00e0 ira, \u00e0 desconfian\u00e7a, ao orgulho e ao ego\u00edsmo.<\/p>\n<p style=\"text-align: justify;\">\u201cO medo tamb\u00e9m pode surgir de dentro de n\u00f3s mesmos, da realidade do pecado, mas Cristo expulsou o pecado, venceu o medo, revelou o amor perfeito\u201d, frisou o cardeal Parolin fazendo um apelo \u00e0 comunidade eclesial que \u201cfaz parte da sociedade humana e traz consigo a mesmas dificuldades e contradi\u00e7\u00f5es\u201d.<\/p>\n<div style=\"text-align: justify;\">\n<div class=\"article__embed article__embed--unwrap article__embed--photo\">\n<figure><picture><img decoding=\"async\" class=\"loaded\" src=\"https:\/\/www.vaticannews.va\/content\/dam\/vaticannews\/multimedia\/2023\/08\/17\/WhatsApp-Image-2023-08-17-at-12.20.42-1.jpeg\/_jcr_content\/renditions\/cq5dam.thumbnail.cropped.750.422.jpeg\" alt=\"A acolhida em Rumbek\" data-original=\"\/content\/dam\/vaticannews\/multimedia\/2023\/08\/17\/WhatsApp-Image-2023-08-17-at-12.20.42-1.jpeg\/_jcr_content\/renditions\/cq5dam.thumbnail.cropped.750.422.jpeg\" data-was-processed=\"true\" \/><\/picture><\/figure>\n<div class=\"photo_embed--Title\">A acolhida em Rumbek<\/div>\n<\/div>\n<\/div>\n<h2 style=\"text-align: justify;\">Somos Igreja ao servi\u00e7o da reconcilia\u00e7\u00e3o<\/h2>\n<p style=\"text-align: justify;\">\u201cA Igreja \u00e9 a esposa de Cristo, n\u00e3o uma ag\u00eancia humanit\u00e1ria ou uma empresa\u201d, continuou: \u201cFazemos parte da Igreja porque Deus nos chamou, confiando-nos o minist\u00e9rio da reconcilia\u00e7\u00e3o\u201d. Algu\u00e9m n\u00e3o se torna membro da Igreja por contratado, como em um escrit\u00f3rio, ou por atribui\u00e7\u00f5es de projetos no \u00e2mbito da educa\u00e7\u00e3o ou da sa\u00fade. \u201cSomos servidores do Evangelho &#8211; afirmou Parolin &#8211; pertencemos uns aos outros pela nossa f\u00e9 crist\u00e3\u201d, \u201cindependentemente da nossa proveni\u00eancia ou tribo de perten\u00e7a\u201d.<\/p>\n<h2 style=\"text-align: justify;\">O perd\u00e3o, a chave da justi\u00e7a e da paz<\/h2>\n<p style=\"text-align: justify;\">Qualquer dano causado a uma \u00fanica pessoa, &#8220;a um irm\u00e3o ou a uma irm\u00e3, prejudica toda a sociedade&#8221;, continuou, exortando a renunciar \u00e0 viol\u00eancia como meio de resolver as diferen\u00e7as: &#8220;\u00e9 o perd\u00e3o, obtido de Cristo na cruz, a chave para a justi\u00e7a e a paz\u201d, a n\u00e3o-viol\u00eancia \u00e9 a \u00fanica forma de superar as divis\u00f5es dentro de uma comunidade\u201d.<\/p>\n<p style=\"text-align: justify;\">O cardeal Parolin recordou ent\u00e3o &#8211; citando as palavras do Papa Francisco durante sua\u00a0<a href=\"https:\/\/www.vatican.va\/content\/francesco\/pt\/travels\/2023\/outside\/documents\/congo-sudsudan-2023.html\" rel=\"external\">visita ao Sud\u00e3o do Sul<\/a> em fevereiro passado &#8211; que, fazendo-se pequeno e deixando espa\u00e7o para o pr\u00f3ximo no qual se reconhece um irm\u00e3o, torna-se grande aos olhos do Senhor.<\/p>\n<div style=\"text-align: justify;\">\n<div class=\"article__embed article__embed--unwrap article__embed--photo\">\n<figure><picture><img decoding=\"async\" class=\"loaded\" src=\"https:\/\/www.vaticannews.va\/content\/dam\/vaticannews\/multimedia\/2023\/08\/17\/WhatsApp-Image-2023-08-17-at-12.20.42-3.jpeg\/_jcr_content\/renditions\/cq5dam.thumbnail.cropped.750.422.jpeg\" alt=\"Momento da celebra\u00e7\u00e3o em Rumbek\" data-original=\"\/content\/dam\/vaticannews\/multimedia\/2023\/08\/17\/WhatsApp-Image-2023-08-17-at-12.20.42-3.jpeg\/_jcr_content\/renditions\/cq5dam.thumbnail.cropped.750.422.jpeg\" data-was-processed=\"true\" \/><\/picture><\/figure>\n<div class=\"photo_embed--Title\">Momento da celebra\u00e7\u00e3o em Rumbek<\/div>\n<\/div>\n<\/div>\n<h2 style=\"text-align: justify;\">Fam\u00edlias crist\u00e3s e ministros altru\u00edstas<\/h2>\n<p style=\"text-align: justify;\">Forte o apelo a abandonar os \u00eddolos da honra pessoa e do prest\u00edgio, para ir al\u00e9m das diferen\u00e7as e da perten\u00e7a a grupos \u00e9tniacos. Ser Igreja, acrescentou ainda Parolin, n\u00e3o significa apenas ter recebido o batismo de uma vez por todas ou participar passivamente de alguma celebra\u00e7\u00e3o. Da\u00ed a exorta\u00e7\u00e3o a receber com frequ\u00eancia os Sacramentos da Eucaristia e da Reconcilia\u00e7\u00e3o, a valorizar o compromisso crist\u00e3o no matrim\u00f4nio ou na vida consagrada: &#8220;A fam\u00edlia \u00e9 a primeira escola da sociedade e a vida religiosa \u00e9 vital para a miss\u00e3o da Igreja, chamada para servir, n\u00e3o para comandar&#8221;.<\/p>\n<h2 style=\"text-align: justify;\">A coragem da paz<\/h2>\n<p style=\"text-align: justify;\">\u201cTenham coragem\u201d, exortou o secret\u00e1rio de Estado: \u201cEste \u00e9 o momento de se comprometer, vejo o seu entusiasmo, o seu potencial e o desejo de se envolver\u201d. A Celebra\u00e7\u00e3o Eucar\u00edstica foi animada por cantos e dan\u00e7as tradicionais.<\/p>\n<p style=\"text-align: justify;\">Esta manh\u00e3, assim que desceu do avi\u00e3o em Rumbek, Parolin foi acolhido com aplausos e homenageado pelos habitantes da diocese com express\u00f5es de afeto e coroas de flores. Interpelado por um jornalista, o cardeal logo expressou sua alegria por estar novamente no pa\u00eds: \u201cEstou me tornando um cidad\u00e3o do Sud\u00e3o do Sul. \u00c9 sempre um prazer estar aqui&#8221;, afirmou, especificando que a sua viagem se realiza no seguimento da visita ecum\u00eanica do Papa Francisco em fevereiro passado com o arcebispo de Canterbury e o moderador da Igreja Presbiteriana da Esc\u00f3cia &#8220;para promover, fortalecer, encorajar o processo de paz, reconcilia\u00e7\u00e3o e paz no Sud\u00e3o do Sul\u201d.<\/p>\n<div style=\"text-align: justify;\">\n<div class=\"article__embed article__embed--unwrap article__embed--photo\">\n<figure><picture><img decoding=\"async\" class=\"loaded\" src=\"https:\/\/www.vaticannews.va\/content\/dam\/vaticannews\/multimedia\/2023\/08\/15\/IMG-20230815-WA0016.jpg\/_jcr_content\/renditions\/cq5dam.thumbnail.cropped.750.422.jpeg\" alt=\"Plantio de \u00e1rvores como sinal de paz\" data-original=\"\/content\/dam\/vaticannews\/multimedia\/2023\/08\/15\/IMG-20230815-WA0016.jpg\/_jcr_content\/renditions\/cq5dam.thumbnail.cropped.750.422.jpeg\" data-was-processed=\"true\" \/><\/picture><\/figure>\n<div class=\"photo_embed--Title\">Plantio de \u00e1rvores como sinal de paz<\/div>\n<\/div>\n<\/div>\n<p style=\"text-align: justify;\">O secret\u00e1rio de Estado recordou ent\u00e3o que, na passada ter\u00e7a-feira, Solenidade da Assun\u00e7\u00e3o de Maria, j\u00e1 havia estado em Malakal, local onde \u201co problema dos deslocados e refugiados \u00e9 muito cr\u00edtico\u201d. Em seguida, explicou que aceitou com alegria o convite do bispo de Rumbek para visitar sua diocese para um &#8220;momento de f\u00e9, ora\u00e7\u00e3o, comunh\u00e3o na Igreja&#8221;.<\/p>\n<p style=\"text-align: justify;\">Ao chegar a Juba, em 14 de agosto, Parolin encontrou-se com o presidente do Sud\u00e3o do Sul, Salva Kiir, e entregou-lhe uma mensagem do Papa. e a prepara\u00e7\u00e3o do pa\u00eds para as elei\u00e7\u00f5es gerais do pr\u00f3ximo ano\u201d. Do cardeal o convite ao povo do Sud\u00e3o do Sul \u201ca abra\u00e7ar o esp\u00edrito de paz e reconcilia\u00e7\u00e3o para construir uma sociedade harmoniosa no pa\u00eds\u201d.<\/p>\n<p style=\"text-align: justify;\">Na tarde de segunda-feira na Catedral de Santa Teresa em Juba, Parolin, com o Conselho de Igrejas do Sud\u00e3o do Sul, \u00f3rg\u00e3o que re\u00fane representantes cat\u00f3licos, presbiterianos, pentecostais, episcopais, e depois com a juventude ecum\u00eanica e com o crian\u00e7as do pa\u00eds, plantou algumas \u00e1rvores em sinal de paz, esperan\u00e7a e uni\u00e3o para as gera\u00e7\u00f5es futuras.<\/p>\n<p style=\"text-align: justify;\">Em Malakal, onde disse ter percebido pessoalmente o grave problema dos refugiados, o cardeal rezou pelo fim das vingan\u00e7as: &#8220;O mal &#8211; disse &#8211; n\u00e3o tem a \u00faltima palavra&#8221;. Antes do Sud\u00e3o do Sul, Parolin esteve em Angola de 11 a 13 de agosto.<\/p>\n<\/div>\n<\/div>\n","protected":false},"excerpt":{"rendered":"<p>Cardeal Parolin em Rumbek, Sud\u00e3o do Sul, onde presidiu a Santa Missa na manh\u00e3 desta quinta-feira\u00a0 Quarto e \u00faltimo dia no Sud\u00e3o do Sul para o cardeal secret\u00e1rio de Estado, que chegou a Juba na \u00faltima segunda-feira. Na manh\u00e3 desta quinta-feira, a acolhida em Rumbek, no Estado dos Lagos, seguida pela Missa pela paz e [&hellip;]<\/p>\n","protected":false},"author":1,"featured_media":83254,"comment_status":"open","ping_status":"closed","sticky":false,"template":"","format":"standard","meta":{"footnotes":""},"categories":[3],"tags":[],"class_list":["post-83253","post","type-post","status-publish","format-standard","has-post-thumbnail","hentry","category-vaticano"],"_links":{"self":[{"href":"https:\/\/catolicanet.net\/wp-cnet\/wp-json\/wp\/v2\/posts\/83253","targetHints":{"allow":["GET"]}}],"collection":[{"href":"https:\/\/catolicanet.net\/wp-cnet\/wp-json\/wp\/v2\/posts"}],"about":[{"href":"https:\/\/catolicanet.net\/wp-cnet\/wp-json\/wp\/v2\/types\/post"}],"author":[{"embeddable":true,"href":"https:\/\/catolicanet.net\/wp-cnet\/wp-json\/wp\/v2\/users\/1"}],"replies":[{"embeddable":true,"href":"https:\/\/catolicanet.net\/wp-cnet\/wp-json\/wp\/v2\/comments?post=83253"}],"version-history":[{"count":1,"href":"https:\/\/catolicanet.net\/wp-cnet\/wp-json\/wp\/v2\/posts\/83253\/revisions"}],"predecessor-version":[{"id":83255,"href":"https:\/\/catolicanet.net\/wp-cnet\/wp-json\/wp\/v2\/posts\/83253\/revisions\/83255"}],"wp:featuredmedia":[{"embeddable":true,"href":"https:\/\/catolicanet.net\/wp-cnet\/wp-json\/wp\/v2\/media\/83254"}],"wp:attachment":[{"href":"https:\/\/catolicanet.net\/wp-cnet\/wp-json\/wp\/v2\/media?parent=83253"}],"wp:term":[{"taxonomy":"category","embeddable":true,"href":"https:\/\/catolicanet.net\/wp-cnet\/wp-json\/wp\/v2\/categories?post=83253"},{"taxonomy":"post_tag","embeddable":true,"href":"https:\/\/catolicanet.net\/wp-cnet\/wp-json\/wp\/v2\/tags?post=83253"}],"curies":[{"name":"wp","href":"https:\/\/api.w.org\/{rel}","templated":true}]}}