{"id":83249,"date":"2023-08-17T10:07:49","date_gmt":"2023-08-17T13:07:49","guid":{"rendered":"https:\/\/catolicanet.net\/wp-cnet\/?p=83249"},"modified":"2023-08-17T10:07:49","modified_gmt":"2023-08-17T13:07:49","slug":"papa-que-maria-conceda-a-paz-onde-quer-que-se-ouca-o-barulho-de-armas","status":"publish","type":"post","link":"https:\/\/catolicanet.net\/wp-cnet\/papa-que-maria-conceda-a-paz-onde-quer-que-se-ouca-o-barulho-de-armas\/","title":{"rendered":"Papa: que Maria conceda a paz, onde quer que se ou\u00e7a o barulho de armas"},"content":{"rendered":"<figure class=\"article__image\" style=\"text-align: justify;\"><span class=\"didascalia_img\">Peregrinos rezam na Gruta de Lourdes nos 150 anos das peregrina\u00e7\u00e3o ao santu\u00e1rio franc\u00eas\u00a0 (ANSA)<\/span><\/figure>\n<div class=\"article__meta audioInside\" data-mediatype=\"\">\n<div class=\"article__subTitle\" style=\"text-align: justify;\">O Santo Padre enviou uma mensagem \u00e0 Igreja francesa, que celebrou 150 anos de peregrina\u00e7\u00f5es nacionais ao Santu\u00e1rio mariano de Lourdes nos dias da Assun\u00e7\u00e3o: o mundo precisa da prote\u00e7\u00e3o da Virgem diante das preocupa\u00e7\u00f5es e desafios atuais<\/div>\n<div class=\"title__separator\" style=\"text-align: justify;\"><\/div>\n<div class=\"article__text\">\n<p style=\"text-align: justify;\"><b>Vatican News<\/b><\/p>\n<p style=\"text-align: justify;\">Neste m\u00eas de agosto, celebram-se os 150 anos do in\u00edcio das peregrina\u00e7\u00f5es ao Santu\u00e1rio de Nossa Senhora de Lourdes, na Fran\u00e7a.<\/p>\n<p style=\"text-align: justify;\">A data foi festejada com uma grande peregrina\u00e7\u00e3o nacional no dia 15 de agosto. Durante a Celebra\u00e7\u00e3o Eucar\u00edstica, foi lida uma mensagem de sauda\u00e7\u00e3o do Papa Francisco, que sublinhou a import\u00e2ncia deste tipo de devo\u00e7\u00e3o.<\/p>\n<div style=\"text-align: justify;\">\n<div class=\"article__embed article__embed--unwrap article__embed--dark\">\n<div class=\"article__innerTitle\">Ou\u00e7a e compartilhe<\/div>\n<div>\n<!--[if lt IE 9]><script>document.createElement('audio');<\/script><![endif]-->\n<audio class=\"wp-audio-shortcode\" id=\"audio-83249-1\" preload=\"none\" style=\"width: 100%;\" controls=\"controls\"><source type=\"audio\/mpeg\" src=\"https:\/\/media.vaticannews.va\/media\/audio\/s1\/2023\/08\/17\/14\/137270419_F137270419.mp3?_=1\" \/><a href=\"https:\/\/media.vaticannews.va\/media\/audio\/s1\/2023\/08\/17\/14\/137270419_F137270419.mp3\">https:\/\/media.vaticannews.va\/media\/audio\/s1\/2023\/08\/17\/14\/137270419_F137270419.mp3<\/a><\/audio>\n<\/div>\n<\/div>\n<\/div>\n<p style=\"text-align: justify;\">Hoje, mais do que nunca, escreve o Pont\u00edfice, &#8220;o mundo precisa da prote\u00e7\u00e3o de Maria diante das dificuldades, das inquieta\u00e7\u00f5es e dos desafios do tempo presente&#8221;.<\/p>\n<p style=\"text-align: justify;\">&#8220;Voltemo-nos portanto com firmeza em dire\u00e7\u00e3o a Ela, porque Ela \u00e9 nossa M\u00e3e e n\u00f3s somos os seus filhos!&#8221;, exortou Francisco.<\/p>\n<p style=\"text-align: justify;\">O Papa ent\u00e3o faz uma s\u00e9rie de s\u00faplicas, pedindo de modo especial \u00e0 &#8220;Rainha da paz&#8221; que interceda junto a seu Filho para que esta paz t\u00e3o desejada seja estabelecida onde quer que se ou\u00e7a o barulho de armas.<\/p>\n<p style=\"text-align: justify;\">E prosseguiu: &#8220;Que ela inspire sentimentos genu\u00ednos de amor fraterno no cora\u00e7\u00e3o de todos, para que as sociedades cres\u00e7am harmoniosamente no respeito pelos outros, salvaguardando sua dignidade e seus direitos, e para que ningu\u00e9m seja deixado de lado&#8221;.<\/p>\n<p style=\"text-align: justify;\">&#8220;Que a M\u00e3e de Jesus proteja as fam\u00edlias de maneira especial: os pais que carregam o fardo di\u00e1rio de uma grande responsabilidade; os jovens, t\u00e3o ricos em potencial, mas muitas vezes preocupados com o futuro ou, infelizmente, j\u00e1 impedidos por muitas restri\u00e7\u00f5es; os idosos, ricos em sua experi\u00eancia e sabedoria, mas muitas vezes abandonados e negligenciados.&#8221;<\/p>\n<p style=\"text-align: justify;\">&#8220;Que ela conforte os doentes, os solit\u00e1rios, os marginalizados, os exilados ou refugiados, todos os que sofrem&#8230; E n\u00e3o quero deixar de saudar a todos os doentes e deficientes aqui presentes, que sempre v\u00eam em grande n\u00famero a Lourdes para buscar o consolo de Maria e que, junto com aqueles que os acompanham, d\u00e3o ao mundo um testemunho eloquente de f\u00e9 e caridade.&#8221;<\/p>\n<div>\n<div class=\"article__embed article__embed--unwrap article__embed--photo\">\n<figure><picture><img decoding=\"async\" class=\"loaded\" src=\"https:\/\/www.vaticannews.va\/content\/dam\/vaticannews\/agenzie\/images\/afp\/2023\/08\/14\/23\/1692047289479.jpg\/_jcr_content\/renditions\/cq5dam.thumbnail.cropped.750.422.jpeg\" alt=\"Prociss\u00e3o luminosa em Lourdes na Solenidade da Assun\u00e7\u00e3o\" data-original=\"\/content\/dam\/vaticannews\/agenzie\/images\/afp\/2023\/08\/14\/23\/1692047289479.jpg\/_jcr_content\/renditions\/cq5dam.thumbnail.cropped.750.422.jpeg\" data-was-processed=\"true\" \/><\/picture><\/figure>\n<div class=\"photo_embed--Title\">Prociss\u00e3o luminosa em Lourdes na Solenidade da Assun\u00e7\u00e3o<\/div>\n<\/div>\n<\/div>\n<\/div>\n<\/div>\n","protected":false},"excerpt":{"rendered":"<p>Peregrinos rezam na Gruta de Lourdes nos 150 anos das peregrina\u00e7\u00e3o ao santu\u00e1rio franc\u00eas\u00a0 (ANSA) O Santo Padre enviou uma mensagem \u00e0 Igreja francesa, que celebrou 150 anos de peregrina\u00e7\u00f5es nacionais ao Santu\u00e1rio mariano de Lourdes nos dias da Assun\u00e7\u00e3o: o mundo precisa da prote\u00e7\u00e3o da Virgem diante das preocupa\u00e7\u00f5es e desafios atuais Vatican News [&hellip;]<\/p>\n","protected":false},"author":1,"featured_media":83250,"comment_status":"open","ping_status":"closed","sticky":false,"template":"","format":"standard","meta":{"footnotes":""},"categories":[13,3],"tags":[],"class_list":["post-83249","post","type-post","status-publish","format-standard","has-post-thumbnail","hentry","category-featured","category-vaticano"],"_links":{"self":[{"href":"https:\/\/catolicanet.net\/wp-cnet\/wp-json\/wp\/v2\/posts\/83249","targetHints":{"allow":["GET"]}}],"collection":[{"href":"https:\/\/catolicanet.net\/wp-cnet\/wp-json\/wp\/v2\/posts"}],"about":[{"href":"https:\/\/catolicanet.net\/wp-cnet\/wp-json\/wp\/v2\/types\/post"}],"author":[{"embeddable":true,"href":"https:\/\/catolicanet.net\/wp-cnet\/wp-json\/wp\/v2\/users\/1"}],"replies":[{"embeddable":true,"href":"https:\/\/catolicanet.net\/wp-cnet\/wp-json\/wp\/v2\/comments?post=83249"}],"version-history":[{"count":1,"href":"https:\/\/catolicanet.net\/wp-cnet\/wp-json\/wp\/v2\/posts\/83249\/revisions"}],"predecessor-version":[{"id":83251,"href":"https:\/\/catolicanet.net\/wp-cnet\/wp-json\/wp\/v2\/posts\/83249\/revisions\/83251"}],"wp:featuredmedia":[{"embeddable":true,"href":"https:\/\/catolicanet.net\/wp-cnet\/wp-json\/wp\/v2\/media\/83250"}],"wp:attachment":[{"href":"https:\/\/catolicanet.net\/wp-cnet\/wp-json\/wp\/v2\/media?parent=83249"}],"wp:term":[{"taxonomy":"category","embeddable":true,"href":"https:\/\/catolicanet.net\/wp-cnet\/wp-json\/wp\/v2\/categories?post=83249"},{"taxonomy":"post_tag","embeddable":true,"href":"https:\/\/catolicanet.net\/wp-cnet\/wp-json\/wp\/v2\/tags?post=83249"}],"curies":[{"name":"wp","href":"https:\/\/api.w.org\/{rel}","templated":true}]}}