{"id":83140,"date":"2023-08-27T10:06:39","date_gmt":"2023-08-27T13:06:39","guid":{"rendered":"https:\/\/catolicanet.net\/wp-cnet\/?p=83140"},"modified":"2023-08-15T10:08:08","modified_gmt":"2023-08-15T13:08:08","slug":"tu-es-o-messias-o-filho-do-deus-vivo-2","status":"publish","type":"post","link":"https:\/\/catolicanet.net\/wp-cnet\/tu-es-o-messias-o-filho-do-deus-vivo-2\/","title":{"rendered":"Tu \u00e9s o Messias, o Filho do Deus vivo"},"content":{"rendered":"<p style=\"text-align: center;\"><em>(Mt 16,16)<\/em><\/p>\n<p style=\"text-align: center;\"><em>21\u00ba Domingo do Tempo Comum<\/em><\/p>\n<p style=\"text-align: justify;\">Celebramos no quarto domingo de agosto o vig\u00e9simo primeiro desse tempo comum, ainda dentro do m\u00eas vocacional, recordamos a voca\u00e7\u00e3o para os minist\u00e9rios e servi\u00e7os nas comunidades e, tamb\u00e9m, como \u00faltimo domingo deste m\u00eas, o Dia Nacional do Catequista. Na pr\u00f3xima quinta-feira, encerramos esse m\u00eas vocacional, mas n\u00e3o deixaremos de rezar pelas voca\u00e7\u00f5es. Que esse m\u00eas vocacional tenha produzido frutos em nossas comunidades e quem ainda n\u00e3o se encontrou em sua voca\u00e7\u00e3o, reze a Deus para que Ele mostre qual caminho seguir.<\/p>\n<p style=\"text-align: justify;\">Rezemos na celebra\u00e7\u00e3o de hoje por todos os catequistas, para que perseverem em sua miss\u00e3o de anunciar Jesus Cristo \u00e0s crian\u00e7as, jovens e adultos. Os catequistas s\u00e3o o bra\u00e7o direito do padre, pois o primeiro catequista da par\u00f3quia \u00e9 o padre, mas como ele n\u00e3o pode estar nas turmas de catequese devido as outras fun\u00e7\u00f5es pastorais, os catequistas evangelizam em nome do padre em suas turmas de catequese.<\/p>\n<p style=\"text-align: justify;\">Que possamos fortalecer mais em nossas comunidades a catequese, iniciando com a pr\u00e9-catequese e indo at\u00e9 a catequese de adulto. Algumas de nossas comunidades n\u00e3o t\u00eam uma dessas etapas, ou n\u00e3o t\u00eam a pr\u00e9-catequese, ou n\u00e3o tem a catequese de adulto. Na maioria das vezes, \u00e9 por falta de catequistas. Por isso, rezemos para que novas pessoas respondam ao chamado de Deus e aceitem abra\u00e7ar esse minist\u00e9rio.<\/p>\n<p style=\"text-align: justify;\">Ser catequista n\u00e3o deve ser visto como <em>status<\/em> ou achar que \u00e9 melhor do que o outro que n\u00e3o \u00e9. Deve assumir o minist\u00e9rio de maneira humilde e livre, acolhendo com alegria o chamado de Deus. O catequista n\u00e3o recebe nenhuma remunera\u00e7\u00e3o por isso, mas o faz como minist\u00e9rio, como um servi\u00e7o. A remunera\u00e7\u00e3o que o catequista ter\u00e1 \u00e9 o agradecimento dos catequisandos.<\/p>\n<p style=\"text-align: justify;\">A primeira leitura desse domingo \u00e9 do livro do profeta Isa\u00edas <em>(Is 22,19-23). <\/em>O Senhor diz a Sobna, que era administrador do pal\u00e1cio, que o destituir\u00e1 do cargo que ocupa e vai eleger Eliacim, filho de Helcias. O Senhor far\u00e1 isso porque a administra\u00e7\u00e3o de Sobna n\u00e3o estava de acordo com a vontade do Senhor. Ele governava segundo a sua pr\u00f3pria vontade e menosprezava os mais humildes. Por isso, o Senhor escolher\u00e1 o servo mais humilde, que lhe era fiel para assumir tal cargo. O Senhor o manter\u00e1 no cargo e ningu\u00e9m poder\u00e1 tir\u00e1-lo, a n\u00e3o ser atrav\u00e9s de seu querer. Essa leitura nos ensina que qualquer cargo ou fun\u00e7\u00e3o que assumamos, seja na Igreja ou na sociedade, devemos entregar nas m\u00e3os de Deus e agradec\u00ea-lo por ter a oportunidade de assumir tal fun\u00e7\u00e3o. E, ainda, devemos exercer aquela fun\u00e7\u00e3o com justi\u00e7a e retid\u00e3o.<\/p>\n<p style=\"text-align: justify;\">O salmo responsorial \u00e9 o <em>127 (128), <\/em>que diz em seu refr\u00e3o: <em>\u201c<\/em><em>\u00d3 Senhor, vossa bondade \u00e9 para sempre! Completai em mim a obra come\u00e7ada\u201d. <\/em>A bondade do Senhor \u00e9 para sempre e a sua miseric\u00f3rdia \u00e9 de gera\u00e7\u00e3o em gera\u00e7\u00e3o. O Senhor vai sempre interceder em favor do povo oprimido e vai colocar a frente de seu povo um governador que governe para todos e n\u00e3o s\u00f3 para alguns. O Senhor ouve a todos em suas necessidades, sobretudo ao povo quando clama por justi\u00e7a.<\/p>\n<p style=\"text-align: justify;\">A segunda leitura desse domingo \u00e9 da carta de S\u00e3o Paulo aos Romanos <em>(Rm 11,33-36). <\/em>Nessa leitura de Paulo \u00e0 comunidade romana, ele diz que tamanha \u00e9 a sabedoria do Senhor que ningu\u00e9m pode medir a sua grandeza ou pensar como Ele pensa. Tudo o que fazemos \u00e9 para o Senhor, a Ele devemos tudo o que temos, seja os bens materiais e espirituais.<\/p>\n<p style=\"text-align: justify;\">O Evangelho desse domingo \u00e9 de Mateus <em>(Mt 16,13-20). <\/em>O Evangelho narra quando Jesus chegou na regi\u00e3o de Cesar\u00e9ia de Filipe e, ali, perguntou aos disc\u00edpulos: <em>\u201cQuem dizem os homens ser o filho do homem\u201d?<\/em> Na verdade, Jesus sabia o que diziam a respeito Dele, mas faz essa pergunta para testar os disc\u00edpulos. Os disc\u00edpulos respondem: <em>\u201cAlguns dizem que \u00e9 Jo\u00e3o Batista; outros que \u00e9 Elias; outros ainda, que \u00e9 Jeremias ou algum dos profetas\u201d. <\/em>Jesus esperava uma resposta diferente dos disc\u00edpulos, pois, eles conviviam diariamente com Jesus, e Ele n\u00e3o queria ouvir aquilo que os homens j\u00e1 diziam a seu respeito. Por isso, Jesus pergunta novamente: <em>\u201c<\/em><em>E v\u00f3s, quem dizeis que eu sou\u201d? <\/em>Sim\u00e3o Pedro, como o l\u00edder do grupo dos doze responde: <em>\u201cTu \u00e9s o Messias, o Filho do Deus vivo\u201d. <\/em>Essa \u00e9 a resposta que Jesus esperava. Ele felicita Pedro pela resposta e diz que n\u00e3o foi um ser humano que lhe havia revelado aquela resposta, mas o Pai que est\u00e1 no c\u00e9u.<\/p>\n<p style=\"text-align: justify;\">A partir dessa resposta de Pedro, Jesus entrega as \u201cchaves da Igreja nas m\u00e3os de Pedro\u201d, e, a partir daquele momento, ele se torna o primeiro Papa da Igreja. Tudo aquilo que ligar na terra seria ligado ao c\u00e9u e tudo aquilo que Ele desligasse na terra, seria desligado no c\u00e9u.<\/p>\n<p style=\"text-align: justify;\">Meus irm\u00e3os, nos dias de hoje, Jesus faz a mesma pergunta para n\u00f3s: <em>\u201cQuem \u00e9 Ele para n\u00f3s\u201d?<\/em> Temos que dar a mesma resposta que Sim\u00e3o Pedro deu: <em>\u201cTu es o Messias, o Filho do Deus vivo\u201d. <\/em>Como daremos essa resposta ao Senhor? Por meio da ora\u00e7\u00e3o, dobrando os nossos joelhos no sacr\u00e1rio. A partir de uma intimidade com o Senhor na vida de ora\u00e7\u00e3o, poderemos dar essa resposta.<\/p>\n<p style=\"text-align: justify;\">Celebremos, com alegria, esse 21\u00ba Domingo do Tempo Comum e pe\u00e7amos ao Esp\u00edrito Santo a luz da f\u00e9 para podermos dar a resposta \u00e0 pergunta que Jesus faz hoje no Evangelho, quando Ele nos perguntar quem \u00e9 Ele para n\u00f3s, respondamos: <em>\u201cTu \u00e9s o Messias, o filho do Deus vivo\u201d. <\/em><\/p>\n","protected":false},"excerpt":{"rendered":"<p>(Mt 16,16) 21\u00ba Domingo do Tempo Comum Celebramos no quarto domingo de agosto o vig\u00e9simo primeiro desse tempo comum, ainda dentro do m\u00eas vocacional, recordamos a voca\u00e7\u00e3o para os minist\u00e9rios e servi\u00e7os nas comunidades e, tamb\u00e9m, como \u00faltimo domingo deste m\u00eas, o Dia Nacional do Catequista. Na pr\u00f3xima quinta-feira, encerramos esse m\u00eas vocacional, mas n\u00e3o [&hellip;]<\/p>\n","protected":false},"author":5,"featured_media":55819,"comment_status":"open","ping_status":"closed","sticky":false,"template":"","format":"standard","meta":{"footnotes":""},"categories":[9],"tags":[],"class_list":["post-83140","post","type-post","status-publish","format-standard","has-post-thumbnail","hentry","category-artigos"],"_links":{"self":[{"href":"https:\/\/catolicanet.net\/wp-cnet\/wp-json\/wp\/v2\/posts\/83140","targetHints":{"allow":["GET"]}}],"collection":[{"href":"https:\/\/catolicanet.net\/wp-cnet\/wp-json\/wp\/v2\/posts"}],"about":[{"href":"https:\/\/catolicanet.net\/wp-cnet\/wp-json\/wp\/v2\/types\/post"}],"author":[{"embeddable":true,"href":"https:\/\/catolicanet.net\/wp-cnet\/wp-json\/wp\/v2\/users\/5"}],"replies":[{"embeddable":true,"href":"https:\/\/catolicanet.net\/wp-cnet\/wp-json\/wp\/v2\/comments?post=83140"}],"version-history":[{"count":1,"href":"https:\/\/catolicanet.net\/wp-cnet\/wp-json\/wp\/v2\/posts\/83140\/revisions"}],"predecessor-version":[{"id":83141,"href":"https:\/\/catolicanet.net\/wp-cnet\/wp-json\/wp\/v2\/posts\/83140\/revisions\/83141"}],"wp:featuredmedia":[{"embeddable":true,"href":"https:\/\/catolicanet.net\/wp-cnet\/wp-json\/wp\/v2\/media\/55819"}],"wp:attachment":[{"href":"https:\/\/catolicanet.net\/wp-cnet\/wp-json\/wp\/v2\/media?parent=83140"}],"wp:term":[{"taxonomy":"category","embeddable":true,"href":"https:\/\/catolicanet.net\/wp-cnet\/wp-json\/wp\/v2\/categories?post=83140"},{"taxonomy":"post_tag","embeddable":true,"href":"https:\/\/catolicanet.net\/wp-cnet\/wp-json\/wp\/v2\/tags?post=83140"}],"curies":[{"name":"wp","href":"https:\/\/api.w.org\/{rel}","templated":true}]}}