{"id":83125,"date":"2023-08-13T09:53:58","date_gmt":"2023-08-13T12:53:58","guid":{"rendered":"https:\/\/catolicanet.net\/wp-cnet\/?p=83125"},"modified":"2023-08-15T09:54:54","modified_gmt":"2023-08-15T12:54:54","slug":"dia-dos-pais-6","status":"publish","type":"post","link":"https:\/\/catolicanet.net\/wp-cnet\/dia-dos-pais-6\/","title":{"rendered":"Dia dos pais"},"content":{"rendered":"<p style=\"text-align: justify;\">Texto inspirador: \u201c&#8230; e a gl\u00f3ria dos filhos s\u00e3o os pais\u201d (Pr 17, 6b) Felizes os filhos, cujos pais s\u00e3o virtuosos, pois aprendem, naturalmente, a serem bons\u201d<\/p>\n<ul>\n<li style=\"text-align: justify;\">\u2013 Olhando para a sociedade atual, quanta tristeza: fam\u00edlias separadas, monoparentais e at\u00e9 irrespons\u00e1veis. Aquele que deveria ser a sustenta\u00e7\u00e3o da vida, torna-se seu problema. Crescem as pris\u00f5es e as ruas tornam-se o lar de crian\u00e7as ou jovens. As drogas s\u00e3o o pr\u00f3ximo passo. \u00c9 lament\u00e1vel.<\/li>\n<li style=\"text-align: justify;\">\u2013 N\u00e3o sou, por\u00e9m, pessimista. Nem tudo est\u00e1 perdido. H\u00e1 pais bons, trabalhadores, exemplares, alguns at\u00e9 verdadeiros m\u00e1rtires do dever. Felizes estes. Possam as escolas e universidades, n\u00e3o apenas, formar excelentes profissionais, mas tamb\u00e9m grandes personalidades: verdadeiros her\u00f3is.<\/li>\n<li style=\"text-align: justify;\">\u2013 Sim, a paternidade n\u00e3o \u00e9, apenas, o resultado de rela\u00e7\u00e3o biol\u00f3gico afetiva, mas aut\u00eantica voca\u00e7\u00e3o, gra\u00e7a, ben\u00e7\u00e3o para o lar. Jesus soube renunciar a grandes coisas, mas n\u00e3o quis deixar de nascer num lar bem constitu\u00eddo, aben\u00e7oado e virtuoso. Foi, sempre, muito grato e amoroso com Seu Pai Divino, n\u00e3o o chamando de \u201cAB\u201d, mas de \u201cABB\u00c1\u201d (paizinho). A Ele ouvia, agradecia e lhe falava de modo muito filial e pr\u00f3prio.<\/li>\n<li style=\"text-align: justify;\">\u2013 Parab\u00e9ns a todos os pais. Desejo-lhes longa vida, sa\u00fade e felicidades. N\u00e3o por \u00faltimo, todas as b\u00ean\u00e7\u00e3os celestes, para viv\u00eancia da voca\u00e7\u00e3o paternal.<\/li>\n<\/ul>\n","protected":false},"excerpt":{"rendered":"<p>Texto inspirador: \u201c&#8230; e a gl\u00f3ria dos filhos s\u00e3o os pais\u201d (Pr 17, 6b) Felizes os filhos, cujos pais s\u00e3o virtuosos, pois aprendem, naturalmente, a serem bons\u201d \u2013 Olhando para a sociedade atual, quanta tristeza: fam\u00edlias separadas, monoparentais e at\u00e9 irrespons\u00e1veis. Aquele que deveria ser a sustenta\u00e7\u00e3o da vida, torna-se seu problema. Crescem as pris\u00f5es [&hellip;]<\/p>\n","protected":false},"author":119,"featured_media":77698,"comment_status":"open","ping_status":"closed","sticky":false,"template":"","format":"standard","meta":{"footnotes":""},"categories":[9],"tags":[],"class_list":["post-83125","post","type-post","status-publish","format-standard","has-post-thumbnail","hentry","category-artigos"],"_links":{"self":[{"href":"https:\/\/catolicanet.net\/wp-cnet\/wp-json\/wp\/v2\/posts\/83125","targetHints":{"allow":["GET"]}}],"collection":[{"href":"https:\/\/catolicanet.net\/wp-cnet\/wp-json\/wp\/v2\/posts"}],"about":[{"href":"https:\/\/catolicanet.net\/wp-cnet\/wp-json\/wp\/v2\/types\/post"}],"author":[{"embeddable":true,"href":"https:\/\/catolicanet.net\/wp-cnet\/wp-json\/wp\/v2\/users\/119"}],"replies":[{"embeddable":true,"href":"https:\/\/catolicanet.net\/wp-cnet\/wp-json\/wp\/v2\/comments?post=83125"}],"version-history":[{"count":1,"href":"https:\/\/catolicanet.net\/wp-cnet\/wp-json\/wp\/v2\/posts\/83125\/revisions"}],"predecessor-version":[{"id":83126,"href":"https:\/\/catolicanet.net\/wp-cnet\/wp-json\/wp\/v2\/posts\/83125\/revisions\/83126"}],"wp:featuredmedia":[{"embeddable":true,"href":"https:\/\/catolicanet.net\/wp-cnet\/wp-json\/wp\/v2\/media\/77698"}],"wp:attachment":[{"href":"https:\/\/catolicanet.net\/wp-cnet\/wp-json\/wp\/v2\/media?parent=83125"}],"wp:term":[{"taxonomy":"category","embeddable":true,"href":"https:\/\/catolicanet.net\/wp-cnet\/wp-json\/wp\/v2\/categories?post=83125"},{"taxonomy":"post_tag","embeddable":true,"href":"https:\/\/catolicanet.net\/wp-cnet\/wp-json\/wp\/v2\/tags?post=83125"}],"curies":[{"name":"wp","href":"https:\/\/api.w.org\/{rel}","templated":true}]}}