{"id":83116,"date":"2023-08-13T09:48:04","date_gmt":"2023-08-13T12:48:04","guid":{"rendered":"https:\/\/catolicanet.net\/wp-cnet\/?p=83116"},"modified":"2023-08-15T09:49:22","modified_gmt":"2023-08-15T12:49:22","slug":"19o-domingo-do-tempo-comum-13-08-23","status":"publish","type":"post","link":"https:\/\/catolicanet.net\/wp-cnet\/19o-domingo-do-tempo-comum-13-08-23\/","title":{"rendered":"19\u00ba Domingo do Tempo Comum 13\/08\/23"},"content":{"rendered":"<p style=\"text-align: justify;\">Mensagem central do Evangelho \u2013 Jesus lhes disse: \u201cn\u00e3o vos inquieteis, sou Eu mesmo. N\u00e3o tenhais medo\u201d (Mt 14, 22-33).<\/p>\n<ul>\n<li style=\"text-align: justify;\">\u2013 Jesus veio para evangelizar, edificar o Reino de Deus: salvar-nos da condena\u00e7\u00e3o eterna. Devia, por isso, continuar a educa\u00e7\u00e3o do povo medroso, fraco e desanimado, como aquele do \u00caxodo. Raz\u00e3o pela qual, Ele \u00e9 tido como o verdadeiro Mois\u00e9s, do qual o anterior foi apenas p\u00e1lido representante. Por isso, formou Seu povo pela Palavra, pelo agir e orar.<\/li>\n<li style=\"text-align: justify;\">\u2013 \u00c9 preciso, portanto, conhecer bem Jesus Cristo: Sua obra, pessoa e miss\u00e3o. O relato, do Evangelho de hoje, n\u00e3o \u00e9 mera cr\u00f4nica. \u00c9 catequese, pela qual Mateus ensina que, mesmo havendo persegui\u00e7\u00f5es e dificuldades \u00e9 preciso manter-se firme, pois Ele (Cristo) est\u00e1 sempre presente. Num mundo, como o de hoje, haver\u00e1 for\u00e7osamente des\u00e2nimos, defec\u00e7\u00f5es e abandonos da verdadeira vida crist\u00e3. Somos fracos. Mas acentuo: Cristo permanece eternamente conosco. Contudo, n\u00e3o podemos ser ing\u00eanuos, nem tamb\u00e9m, precisamos ver sempre fantasmas&#8230;. Onde existe o pecado, h\u00e1 tamb\u00e9m pecadores, assim como tamb\u00e9m, santos e at\u00e9 m\u00e1rtires. O discipulado crist\u00e3o nunca foi f\u00e1cil. H\u00e1, por isso, tamb\u00e9m hoje, Pedros se afogando, Thom\u00e9s querendo ver os sinais do crucificado, como Judas traindo, mas, gra\u00e7as a Deus, h\u00e1 tamb\u00e9m, Jo\u00e3os que dir\u00e3o: \u201cCristo n\u00e3o falha, Ele est\u00e1, sempre conosco, crede-O e crescereis, sempre, no amor e n\u00e3o vereis novos fantasmas. \u201d<\/li>\n<li style=\"text-align: justify;\">\u2013 Jesus \u00e9 fiel \u00e0 miss\u00e3o, porque est\u00e1 em uni\u00e3o com o Pai, A quem ouve, ama, e por isso, ora. Educa, assim, o povo a Ele confiado pelo exemplo. Pedro impelido, pelo temperamento e n\u00e3o pela f\u00e9, ia naufragando, mesmo sendo tido, como bom pescador&#8230;. Pede, ent\u00e3o, socorro e \u00e9 atendido. Mostra fraqueza, mas aprende com seus erros. Iluminado pelo Esp\u00edrito Santo, torna-se fiel e o demonstra, por seu mart\u00edrio de cruz, como o mestre. Cumpriu, o que prometera a Jesus, quando este lhe perguntou: \u201cTu me amas mais, do que estes? Apascenta, ent\u00e3o, meu rebanho.\u201d (Jo 21,15). Fez uma bela caminhada. Portanto, se o imitamos no erro, aprendamos com ele. Imitemo-lo, na busca da fidelidade, mesmo quando enfrentarmos tempestades.<\/li>\n<\/ul>\n","protected":false},"excerpt":{"rendered":"<p>Mensagem central do Evangelho \u2013 Jesus lhes disse: \u201cn\u00e3o vos inquieteis, sou Eu mesmo. N\u00e3o tenhais medo\u201d (Mt 14, 22-33). \u2013 Jesus veio para evangelizar, edificar o Reino de Deus: salvar-nos da condena\u00e7\u00e3o eterna. Devia, por isso, continuar a educa\u00e7\u00e3o do povo medroso, fraco e desanimado, como aquele do \u00caxodo. Raz\u00e3o pela qual, Ele \u00e9 [&hellip;]<\/p>\n","protected":false},"author":119,"featured_media":77698,"comment_status":"open","ping_status":"closed","sticky":false,"template":"","format":"standard","meta":{"footnotes":""},"categories":[9],"tags":[],"class_list":["post-83116","post","type-post","status-publish","format-standard","has-post-thumbnail","hentry","category-artigos"],"_links":{"self":[{"href":"https:\/\/catolicanet.net\/wp-cnet\/wp-json\/wp\/v2\/posts\/83116","targetHints":{"allow":["GET"]}}],"collection":[{"href":"https:\/\/catolicanet.net\/wp-cnet\/wp-json\/wp\/v2\/posts"}],"about":[{"href":"https:\/\/catolicanet.net\/wp-cnet\/wp-json\/wp\/v2\/types\/post"}],"author":[{"embeddable":true,"href":"https:\/\/catolicanet.net\/wp-cnet\/wp-json\/wp\/v2\/users\/119"}],"replies":[{"embeddable":true,"href":"https:\/\/catolicanet.net\/wp-cnet\/wp-json\/wp\/v2\/comments?post=83116"}],"version-history":[{"count":1,"href":"https:\/\/catolicanet.net\/wp-cnet\/wp-json\/wp\/v2\/posts\/83116\/revisions"}],"predecessor-version":[{"id":83117,"href":"https:\/\/catolicanet.net\/wp-cnet\/wp-json\/wp\/v2\/posts\/83116\/revisions\/83117"}],"wp:featuredmedia":[{"embeddable":true,"href":"https:\/\/catolicanet.net\/wp-cnet\/wp-json\/wp\/v2\/media\/77698"}],"wp:attachment":[{"href":"https:\/\/catolicanet.net\/wp-cnet\/wp-json\/wp\/v2\/media?parent=83116"}],"wp:term":[{"taxonomy":"category","embeddable":true,"href":"https:\/\/catolicanet.net\/wp-cnet\/wp-json\/wp\/v2\/categories?post=83116"},{"taxonomy":"post_tag","embeddable":true,"href":"https:\/\/catolicanet.net\/wp-cnet\/wp-json\/wp\/v2\/tags?post=83116"}],"curies":[{"name":"wp","href":"https:\/\/api.w.org\/{rel}","templated":true}]}}