{"id":83113,"date":"2023-08-12T09:46:38","date_gmt":"2023-08-12T12:46:38","guid":{"rendered":"https:\/\/catolicanet.net\/wp-cnet\/?p=83113"},"modified":"2023-08-15T09:47:45","modified_gmt":"2023-08-15T12:47:45","slug":"semana-nacional-da-familia-7","status":"publish","type":"post","link":"https:\/\/catolicanet.net\/wp-cnet\/semana-nacional-da-familia-7\/","title":{"rendered":"Semana Nacional da Fam\u00edlia"},"content":{"rendered":"<p style=\"text-align: center;\">\u201c<em>Fam\u00edlia, fonte de voca\u00e7\u00f5es\u201d<\/em><\/p>\n<p style=\"text-align: justify;\">No per\u00edodo de 13 a 19 de agosto, a Igreja no Brasil celebra a Semana Nacional da Fam\u00edlia. Mais do que uma celebra\u00e7\u00e3o, \u00e9 um momento de reflex\u00e3o a respeito da fam\u00edlia. A Igreja tem um carinho especial pela fam\u00edlia, pois \u00e9 na fam\u00edlia que se transmite os verdadeiros valores, sobretudo o valor da f\u00e9.<\/p>\n<p style=\"text-align: justify;\">A Igreja reconhece a fam\u00edlia como a igreja dom\u00e9stica. A primeira catequese se aprende na fam\u00edlia, quando a m\u00e3e ou a av\u00f3 ensina aos filhos e netos as primeiras ora\u00e7\u00f5es do crist\u00e3o. \u00c9 bonito ver a fam\u00edlia reunida nas missas dominicais. Fam\u00edlia que reza unida, permanece unida. Se os filhos crescem em um lar com espa\u00e7o para a ora\u00e7\u00e3o e ir \u00e0 missa dominical, no futuro, certamente eles seguir\u00e3o o exemplo dos pais.<\/p>\n<p style=\"text-align: justify;\">Agora, se os filhos crescem em um lar onde n\u00e3o h\u00e1 espa\u00e7o para a ora\u00e7\u00e3o e os pais n\u00e3o v\u00e3o a missa dominical, no futuro os filhos tamb\u00e9m n\u00e3o ir\u00e3o. Os pais sempre ser\u00e3o o exemplo para os seus filhos. Por isso, os pais devem sempre transmitir aquilo que \u00e9 certo para os seus filhos.<\/p>\n<p style=\"text-align: justify;\">Ao longo da Semana Nacional da Fam\u00edlia, as par\u00f3quias ou as dioceses aqui no Brasil promovem encontros realizados pela pastoral familiar com reflex\u00f5es a respeito da fam\u00edlia. Tamb\u00e9m ocorre momentos de espiritualidade e din\u00e2micas entre os participantes. Esse momento pode ser direcionado somente aos pais ou com a presen\u00e7a dos filhos. Em cada dia da semana, h\u00e1 um tema espec\u00edfico para reflex\u00e3o, que acontece sempre \u00e0 noite, para possibilitar a presen\u00e7a de quem trabalha.<\/p>\n<p style=\"text-align: justify;\">A Semana Nacional da Fam\u00edlia desse ano acontece em sintonia com o terceiro ano vocacional que a Igreja no Brasil est\u00e1 vivenciando, sempre fazendo parte do m\u00eas vocacional. O tema para a Semana Nacional da Fam\u00edlia desse ano \u00e9: <em>\u201cFam\u00edlia, fonte de voca\u00e7\u00f5es\u201d<\/em>. Esse tema foi escolhido pela Comiss\u00e3o Nacional da Pastoral Familiar (CNPF). Esse tema \u00e9 o mesmo do Simp\u00f3sio Nacional das Fam\u00edlias, que tamb\u00e9m est\u00e1 em sintonia com o terceiro ano vocacional. Para meditar ao longo dessa semana, \u00e9 oferecido o subs\u00eddio \u201c<em>Hora da fam\u00edlia<\/em>\u201d. Temos v\u00e1rias sugest\u00f5es de temas que podem ser desenvolvidos em nossas comunidades fortalecendo os valores familiares.<\/p>\n<p style=\"text-align: justify;\">A escolha do tema: \u201c<em>Fam\u00edlia, fonte de voca\u00e7\u00f5es\u201d, <\/em>nos mostra que \u00e9 nas fam\u00edlias que surgem as voca\u00e7\u00f5es, sobretudo as sacerdotais e religiosas \u2014 e \u00e9 nas fam\u00edlias que as voca\u00e7\u00f5es precisam ser trabalhadas. A fam\u00edlia deve orientar os seus membros a ouvir o chamado de Deus e procurar um caminho. Mas, a fam\u00edlia n\u00e3o deve impor uma voca\u00e7\u00e3o ao filho, filha, neto, neta ou afilhado. A escolha deve ser livre, segundo aquilo que Deus falou no cora\u00e7\u00e3o. A decis\u00e3o pela voca\u00e7\u00e3o certa deve ser uma escolha madura daquele que escolhe, pois, se n\u00e3o for assim, ser\u00e1 infeliz e a voca\u00e7\u00e3o n\u00e3o ir\u00e1 adiante. A escolha pela voca\u00e7\u00e3o certa faz com que a pessoa seja feliz e realizada.<\/p>\n<p style=\"text-align: justify;\">O lema escolhido para Semana Nacional da Fam\u00edlia \u00e9: \u201c<em>Cora\u00e7\u00f5es ardentes, p\u00e9s a caminho<\/em>\u201d <em>(Lc 24, 32-33). <\/em>O lema segue a mesma linha do tema e tem um cunho vocacional, recorda a passagem dos disc\u00edpulos de Ema\u00fas, que sentiram o cora\u00e7\u00e3o arder ao reconhecer Jesus, ao partir o p\u00e3o e ao se colocarem a caminho para anunciar aos demais que Cristo ressuscitou. Do mesmo modo, cada vocacionado deve sentir o cora\u00e7\u00e3o arder toda vez que \u00e9 partilhado o p\u00e3o Eucar\u00edstico e deve se colocar a caminho anunciando a mensagem de salva\u00e7\u00e3o e animando novos jovens a assumirem a voca\u00e7\u00e3o.<\/p>\n<p style=\"text-align: justify;\">Todas as par\u00f3quias devem ter a pastoral familiar e algum movimento familiar com o intuito de acolher as fam\u00edlias, promover junto com o p\u00e1roco a Semana Nacional da Fam\u00edlia, al\u00e9m de realizar outros encontros ao longo do ano, assim como os v\u00e1rios movimentos e grupos de espiritualidade ligados ao matrim\u00f4nio e fam\u00edlia. S\u00e3o muitos os movimentos e grupos de espiritualidade familiares, al\u00e9m da pastoral da fam\u00edlia e suas v\u00e1rias situa\u00e7\u00f5es. S\u00e3o importantes instrumentos para o trabalho com o matrimonio e fam\u00edlia. Nestes tempos dif\u00edceis a insist\u00eancia para a vida da fam\u00edlia crist\u00e3 e seus devidos esclarecimentos e testemunhos \u00e9 muito importante.<\/p>\n<p style=\"text-align: justify;\">A semana da fam\u00edlia come\u00e7a com o dia dos pais, segundo domingo de agosto, m\u00eas vocacional. Pe\u00e7amos para que tenham o mesmo cora\u00e7\u00e3o de S\u00e3o Jos\u00e9 que cuidou com um cora\u00e7\u00e3o de pai do Filho de Deus. Neste ano, de modo especial, a igreja do Brasil pede tamb\u00e9m que fa\u00e7amos no final de todas as missas deste final de semana a ora\u00e7\u00e3o especial pelo nascituro pedindo a Deus para que n\u00e3o seja aprovada a ADPF 442. Pe\u00e7amos para a que a vida do nascituro continue a ser respeitada em nosso pa\u00eds.<\/p>\n<p style=\"text-align: justify;\">Como falamos no in\u00edcio, a fam\u00edlia tem uma grande import\u00e2ncia para a Igreja. Por isso, n\u00e3o podem ficar deslocadas, mas devem participar da Igreja. \u00c9 preciso ir ao encontro das fam\u00edlias afastadas e convid\u00e1-las para participar novamente do seio da Igreja. As fam\u00edlias de hoje s\u00e3o o futuro de amanh\u00e3. \u00c9 das fam\u00edlias que surgir\u00e3o novos padres, novas freiras, novos pais e m\u00e3es. Dessa forma, a Igreja ter\u00e1 a sua continuidade.<\/p>\n<p style=\"text-align: justify;\">Participemos com alegria da Semana Nacional da Fam\u00edlia. Procure informa\u00e7\u00f5es na sua par\u00f3quia sobre os encontros de reflex\u00e3o da semana, participe com toda a fam\u00edlia e que seja uma oportunidade para refletirmos sobre a import\u00e2ncia da fam\u00edlia na vida de cada batizado. Que todos possam entender que a fam\u00edlia tem um valor fundamental em nossa sociedade. Que em nossos lares possa haver espa\u00e7o para o amor, perd\u00e3o e ora\u00e7\u00e3o.<\/p>\n<p style=\"text-align: justify;\">\u00a0Que a Sagrada Fam\u00edlia de Nazar\u00e9 proteja, guarde e ilumine todas as fam\u00edlias. Am\u00e9m.<\/p>\n","protected":false},"excerpt":{"rendered":"<p>\u201cFam\u00edlia, fonte de voca\u00e7\u00f5es\u201d No per\u00edodo de 13 a 19 de agosto, a Igreja no Brasil celebra a Semana Nacional da Fam\u00edlia. Mais do que uma celebra\u00e7\u00e3o, \u00e9 um momento de reflex\u00e3o a respeito da fam\u00edlia. A Igreja tem um carinho especial pela fam\u00edlia, pois \u00e9 na fam\u00edlia que se transmite os verdadeiros valores, sobretudo [&hellip;]<\/p>\n","protected":false},"author":5,"featured_media":55819,"comment_status":"open","ping_status":"closed","sticky":false,"template":"","format":"standard","meta":{"footnotes":""},"categories":[9],"tags":[],"class_list":["post-83113","post","type-post","status-publish","format-standard","has-post-thumbnail","hentry","category-artigos"],"_links":{"self":[{"href":"https:\/\/catolicanet.net\/wp-cnet\/wp-json\/wp\/v2\/posts\/83113","targetHints":{"allow":["GET"]}}],"collection":[{"href":"https:\/\/catolicanet.net\/wp-cnet\/wp-json\/wp\/v2\/posts"}],"about":[{"href":"https:\/\/catolicanet.net\/wp-cnet\/wp-json\/wp\/v2\/types\/post"}],"author":[{"embeddable":true,"href":"https:\/\/catolicanet.net\/wp-cnet\/wp-json\/wp\/v2\/users\/5"}],"replies":[{"embeddable":true,"href":"https:\/\/catolicanet.net\/wp-cnet\/wp-json\/wp\/v2\/comments?post=83113"}],"version-history":[{"count":1,"href":"https:\/\/catolicanet.net\/wp-cnet\/wp-json\/wp\/v2\/posts\/83113\/revisions"}],"predecessor-version":[{"id":83114,"href":"https:\/\/catolicanet.net\/wp-cnet\/wp-json\/wp\/v2\/posts\/83113\/revisions\/83114"}],"wp:featuredmedia":[{"embeddable":true,"href":"https:\/\/catolicanet.net\/wp-cnet\/wp-json\/wp\/v2\/media\/55819"}],"wp:attachment":[{"href":"https:\/\/catolicanet.net\/wp-cnet\/wp-json\/wp\/v2\/media?parent=83113"}],"wp:term":[{"taxonomy":"category","embeddable":true,"href":"https:\/\/catolicanet.net\/wp-cnet\/wp-json\/wp\/v2\/categories?post=83113"},{"taxonomy":"post_tag","embeddable":true,"href":"https:\/\/catolicanet.net\/wp-cnet\/wp-json\/wp\/v2\/tags?post=83113"}],"curies":[{"name":"wp","href":"https:\/\/api.w.org\/{rel}","templated":true}]}}