{"id":83099,"date":"2023-08-08T09:37:40","date_gmt":"2023-08-08T12:37:40","guid":{"rendered":"https:\/\/catolicanet.net\/wp-cnet\/?p=83099"},"modified":"2023-08-15T09:39:43","modified_gmt":"2023-08-15T12:39:43","slug":"sao-lourenco","status":"publish","type":"post","link":"https:\/\/catolicanet.net\/wp-cnet\/sao-lourenco\/","title":{"rendered":"S\u00e3o Louren\u00e7o"},"content":{"rendered":"<p style=\"text-align: justify;\">Meus queridos irm\u00e3os e irm\u00e3s em Cristo, neste dia 10 de agosto nos reunimos para celebrar a vida e o testemunho do inspirador S\u00e3o Louren\u00e7o, um di\u00e1cono e m\u00e1rtir da Igreja, cuja hist\u00f3ria ecoa atrav\u00e9s dos s\u00e9culos.<\/p>\n<p style=\"text-align: justify;\">S\u00e3o Louren\u00e7o nasceu em Huesca, na Espanha, durante o s\u00e9culo III, em tempos turbulentos de persegui\u00e7\u00e3o aos crist\u00e3os. Desde jovem, demonstrou uma profunda f\u00e9 e um desejo ardente de servir a Deus. Assim, ele se mudou para Roma, onde foi ordenado di\u00e1cono e ingressou no servi\u00e7o da Igreja.<\/p>\n<p style=\"text-align: justify;\">Seu carisma e dedica\u00e7\u00e3o logo o destacaram aos olhos do Papa Sisto II, que o nomeou o primeiro di\u00e1cono de Roma, confiando-lhe a importante responsabilidade de cuidar das finan\u00e7as e administrar os bens da Igreja. Entretanto, a hist\u00f3ria de S\u00e3o Louren\u00e7o ficou ainda mais marcada por seu cora\u00e7\u00e3o compassivo e generoso para com os mais necessitados.<\/p>\n<p style=\"text-align: justify;\">Em uma \u00e9poca de persegui\u00e7\u00e3o, o imperador Valeriano ordenou que todos os l\u00edderes crist\u00e3os fossem presos e suas propriedades confiscadas. Ao ser confrontado pelas autoridades romanas e exigirem que entregasse os tesouros da Igreja, S\u00e3o Louren\u00e7o fez uma ousada resposta: ele reuniu os pobres, os doentes e os necessitados e apresentou-os como o verdadeiro tesouro da Igreja. Ele declarou que a verdadeira riqueza da Igreja era o amor, a caridade e a devo\u00e7\u00e3o a Deus.<\/p>\n<p style=\"text-align: justify;\">Essa atitude desafiadora e corajosa custou-lhe a vida. S\u00e3o Louren\u00e7o foi condenado \u00e0 morte pelo imperador e enfrentou seu mart\u00edrio com uma f\u00e9 inabal\u00e1vel. Conta-se que, enquanto estava sendo queimado na grelha, ele permaneceu calmo e at\u00e9 mesmo brincou com o carrasco, dizendo: <em>\u201cVire-me, estou bem assado deste lado\u201d<\/em>. Sua atitude destemida e alegre na face da morte inspirou muitos a se converterem ao cristianismo.<\/p>\n<p style=\"text-align: justify;\">A vida de S\u00e3o Louren\u00e7o \u00e9 uma li\u00e7\u00e3o para todos n\u00f3s. Ele nos ensina que a verdadeira grandeza est\u00e1 em servir a Deus e ao pr\u00f3ximo, especialmente aos mais vulner\u00e1veis. Sua caridade e dedica\u00e7\u00e3o aos necessitados nos mostram que a f\u00e9 deve ser vivida em a\u00e7\u00e3o, em amor concreto e solidariedade.<\/p>\n<p style=\"text-align: justify;\">Quando revisitamos a hist\u00f3ria, somos convidados a refletir sobre como podemos seguir o exemplo de S\u00e3o Louren\u00e7o em nossas vidas di\u00e1rias. Que possamos ser pessoas generosas, dispostas a compartilhar nossos dons com os outros, e a enxergar o verdadeiro tesouro naqueles que precisam de nosso cuidado e apoio.<\/p>\n<p style=\"text-align: justify;\">Que a mem\u00f3ria de S\u00e3o Louren\u00e7o nos inspire a sermos aut\u00eanticos crist\u00e3os, dispostos a enfrentar desafios com coragem e alegria, a viver nossa f\u00e9 com generosidade e a buscar sempre o bem do pr\u00f3ximo.<\/p>\n<p style=\"text-align: justify;\">Que a intercess\u00e3o de S\u00e3o Louren\u00e7o nos ajude a trilhar o caminho da santidade e do amor, para que, como ele, possamos testemunhar a mensagem do Evangelho em nossas vidas e fazer a diferen\u00e7a no mundo atrav\u00e9s do servi\u00e7o ao pr\u00f3ximo.<\/p>\n<p style=\"text-align: justify;\">Que Deus nos aben\u00e7oe e nos conceda a gra\u00e7a de seguir os passos de S\u00e3o Louren\u00e7o, com humildade e alegria no cora\u00e7\u00e3o.<\/p>\n<p style=\"text-align: justify;\">Sauda\u00e7\u00f5es em Cristo!<\/p>\n","protected":false},"excerpt":{"rendered":"<p>Meus queridos irm\u00e3os e irm\u00e3s em Cristo, neste dia 10 de agosto nos reunimos para celebrar a vida e o testemunho do inspirador S\u00e3o Louren\u00e7o, um di\u00e1cono e m\u00e1rtir da Igreja, cuja hist\u00f3ria ecoa atrav\u00e9s dos s\u00e9culos. S\u00e3o Louren\u00e7o nasceu em Huesca, na Espanha, durante o s\u00e9culo III, em tempos turbulentos de persegui\u00e7\u00e3o aos crist\u00e3os. [&hellip;]<\/p>\n","protected":false},"author":10,"featured_media":55817,"comment_status":"open","ping_status":"closed","sticky":false,"template":"","format":"standard","meta":{"footnotes":""},"categories":[9],"tags":[],"class_list":["post-83099","post","type-post","status-publish","format-standard","has-post-thumbnail","hentry","category-artigos"],"_links":{"self":[{"href":"https:\/\/catolicanet.net\/wp-cnet\/wp-json\/wp\/v2\/posts\/83099","targetHints":{"allow":["GET"]}}],"collection":[{"href":"https:\/\/catolicanet.net\/wp-cnet\/wp-json\/wp\/v2\/posts"}],"about":[{"href":"https:\/\/catolicanet.net\/wp-cnet\/wp-json\/wp\/v2\/types\/post"}],"author":[{"embeddable":true,"href":"https:\/\/catolicanet.net\/wp-cnet\/wp-json\/wp\/v2\/users\/10"}],"replies":[{"embeddable":true,"href":"https:\/\/catolicanet.net\/wp-cnet\/wp-json\/wp\/v2\/comments?post=83099"}],"version-history":[{"count":1,"href":"https:\/\/catolicanet.net\/wp-cnet\/wp-json\/wp\/v2\/posts\/83099\/revisions"}],"predecessor-version":[{"id":83100,"href":"https:\/\/catolicanet.net\/wp-cnet\/wp-json\/wp\/v2\/posts\/83099\/revisions\/83100"}],"wp:featuredmedia":[{"embeddable":true,"href":"https:\/\/catolicanet.net\/wp-cnet\/wp-json\/wp\/v2\/media\/55817"}],"wp:attachment":[{"href":"https:\/\/catolicanet.net\/wp-cnet\/wp-json\/wp\/v2\/media?parent=83099"}],"wp:term":[{"taxonomy":"category","embeddable":true,"href":"https:\/\/catolicanet.net\/wp-cnet\/wp-json\/wp\/v2\/categories?post=83099"},{"taxonomy":"post_tag","embeddable":true,"href":"https:\/\/catolicanet.net\/wp-cnet\/wp-json\/wp\/v2\/tags?post=83099"}],"curies":[{"name":"wp","href":"https:\/\/api.w.org\/{rel}","templated":true}]}}