{"id":83046,"date":"2023-08-05T09:34:29","date_gmt":"2023-08-05T12:34:29","guid":{"rendered":"https:\/\/catolicanet.net\/wp-cnet\/?p=83046"},"modified":"2023-08-08T09:35:53","modified_gmt":"2023-08-08T12:35:53","slug":"dia-do-padre-04-08-23","status":"publish","type":"post","link":"https:\/\/catolicanet.net\/wp-cnet\/dia-do-padre-04-08-23\/","title":{"rendered":"Dia do padre 04\/08\/23"},"content":{"rendered":"<p style=\"text-align: justify;\">Texto inspirante: <em>\u201cEu recebi do Senhor o que vos transmiti: que o Senhor Jesus, na noite em que tra\u00eddo, tomou o p\u00e3o e, depois de ter dado gra\u00e7as, parti-o e disse: \u201cisto \u00e9 o meu corpo, que \u00e9 entregue por v\u00f3s; fazei isto em mem\u00f3ria de mim\u201d. Do mesmo modo, depois de haver ceado, tomou tamb\u00e9m o c\u00e1lice, dizendo: Este c\u00e1lice \u00e9 a Nova Alian\u00e7a no meu sangue; todas as vezes que o beberdes, fazei-o em mem\u00f3ria de mim. \u201d <\/em>(1Cor 11 23-25).<\/p>\n<ul style=\"text-align: justify;\">\n<li>\u2013 Jesus instituiu a Eucaristia na \u00faltima ceia, dizendo: \u201cFazei isto em mem\u00f3ria de mim, at\u00e9 que eu venha.\u201d Por isso, instituiu tamb\u00e9m aqueles que, durante, toda hist\u00f3ria, tornassem presente o Corpo e o Sangue do Senhor\u201d. Assim, desde os ap\u00f3stolos, entre eles, Pedro, Jo\u00e3o e Paulo, a Eucaristia est\u00e1 sendo celebrada, como grande dom, ou seja, presente de Cristo vencedor do pecado e da morte, a sua Igreja. Os sacerdotes s\u00e3o, ou ao menos, deveriam tornar-se os grandes guardas e promotores da Eucaristia. O maior mist\u00e9rio, depois do mist\u00e9rio dos mist\u00e9rios a Sant\u00edssima Trindade. Por isso, toda par\u00f3quia deveria tornar-se, uma verdadeira comunidade Eucar\u00edstica.<\/li>\n<li>\u2013 Cabe ao sacerdote, evangelizar, celebrar a Eucaristia, pastorear o rebanho e, ao mesmo tempo, servi-lo como bom pastor, do supremo pastor: Jesus Cristo.<\/li>\n<\/ul>\n<p style=\"text-align: justify;\">2.1 Evangelizar \u00e9 sua primeira miss\u00e3o. Cristo \u00e9 e trouxe a Boa Nova, de que temos um Pai. Somos amados por Deus, perdoados e salvos. Cabe aos presb\u00edteros, de modo especial, levar a Boa Nova a todo o mundo. O Evangelho mesmo, quando, recorda ensinamentos, como o da rejei\u00e7\u00e3o dos maus, no ju\u00edzo final \u00e9, e quer sempre ser, uma Boa Nova. Esta deve ser anunciada e vivida por todos, principalmente pelos evangelizadores.<\/p>\n<p style=\"text-align: justify;\">2.2 Celebrar a Eucaristia deve tornar-se sempre a grande a\u00e7\u00e3o do dia sacerdotal. Cabe-lhe tornar presente o Corpo e o Sangue Eucar\u00edsticos e alimentar, assim, com o sagrado alimento, \u00e0queles que congregou pela Palavra.<\/p>\n<p style=\"text-align: justify;\">2.3 Pastorear: a exemplo de Cristo, o supremo pastor. Ele mesmo se apresentou como o Bom Pastor (o Belo Pastor). Por qu\u00ea? Porque deu a vida pelo rebanho. Foi ao encontro dos mais necessitados.<\/p>\n<p style=\"text-align: justify;\">2.4 Servir: Ele, verdadeiramente, veio para servir. Doou sua vida. Portanto, quem ama serve, e quem n\u00e3o souber servir, tamb\u00e9m n\u00e3o saber\u00e1 amar. Pastoralmente, amar \u00e9 servir.<\/p>\n<p style=\"text-align: justify;\">3 \u2013 Quero, finalmente saudar, cordialmente, aos presb\u00edteros, mormente a todos os da Pr\u00f3-Sa\u00fade, desejando-lhes felicidades e todas as b\u00ean\u00e7\u00e3os do supremo e belo pastor, Jesus Cristo. A p\u00f3s-modernidade precisa de santos pastores a exemplo do grande S\u00e3o Jo\u00e3o Maria Vianney. Parab\u00e9ns!<\/p>\n","protected":false},"excerpt":{"rendered":"<p>Texto inspirante: \u201cEu recebi do Senhor o que vos transmiti: que o Senhor Jesus, na noite em que tra\u00eddo, tomou o p\u00e3o e, depois de ter dado gra\u00e7as, parti-o e disse: \u201cisto \u00e9 o meu corpo, que \u00e9 entregue por v\u00f3s; fazei isto em mem\u00f3ria de mim\u201d. Do mesmo modo, depois de haver ceado, tomou [&hellip;]<\/p>\n","protected":false},"author":119,"featured_media":77698,"comment_status":"open","ping_status":"closed","sticky":false,"template":"","format":"standard","meta":{"footnotes":""},"categories":[9],"tags":[],"class_list":["post-83046","post","type-post","status-publish","format-standard","has-post-thumbnail","hentry","category-artigos"],"_links":{"self":[{"href":"https:\/\/catolicanet.net\/wp-cnet\/wp-json\/wp\/v2\/posts\/83046","targetHints":{"allow":["GET"]}}],"collection":[{"href":"https:\/\/catolicanet.net\/wp-cnet\/wp-json\/wp\/v2\/posts"}],"about":[{"href":"https:\/\/catolicanet.net\/wp-cnet\/wp-json\/wp\/v2\/types\/post"}],"author":[{"embeddable":true,"href":"https:\/\/catolicanet.net\/wp-cnet\/wp-json\/wp\/v2\/users\/119"}],"replies":[{"embeddable":true,"href":"https:\/\/catolicanet.net\/wp-cnet\/wp-json\/wp\/v2\/comments?post=83046"}],"version-history":[{"count":1,"href":"https:\/\/catolicanet.net\/wp-cnet\/wp-json\/wp\/v2\/posts\/83046\/revisions"}],"predecessor-version":[{"id":83047,"href":"https:\/\/catolicanet.net\/wp-cnet\/wp-json\/wp\/v2\/posts\/83046\/revisions\/83047"}],"wp:featuredmedia":[{"embeddable":true,"href":"https:\/\/catolicanet.net\/wp-cnet\/wp-json\/wp\/v2\/media\/77698"}],"wp:attachment":[{"href":"https:\/\/catolicanet.net\/wp-cnet\/wp-json\/wp\/v2\/media?parent=83046"}],"wp:term":[{"taxonomy":"category","embeddable":true,"href":"https:\/\/catolicanet.net\/wp-cnet\/wp-json\/wp\/v2\/categories?post=83046"},{"taxonomy":"post_tag","embeddable":true,"href":"https:\/\/catolicanet.net\/wp-cnet\/wp-json\/wp\/v2\/tags?post=83046"}],"curies":[{"name":"wp","href":"https:\/\/api.w.org\/{rel}","templated":true}]}}