{"id":83039,"date":"2023-08-13T09:29:00","date_gmt":"2023-08-13T12:29:00","guid":{"rendered":"https:\/\/catolicanet.net\/wp-cnet\/?p=83039"},"modified":"2023-08-08T09:30:42","modified_gmt":"2023-08-08T12:30:42","slug":"verdadeiramente-tu-es-o-filho-de-deus","status":"publish","type":"post","link":"https:\/\/catolicanet.net\/wp-cnet\/verdadeiramente-tu-es-o-filho-de-deus\/","title":{"rendered":"Verdadeiramente, tu \u00e9s o filho de Deus"},"content":{"rendered":"<p style=\"text-align: center;\"><em>(Mt 14, 33).<\/em><\/p>\n<p style=\"text-align: center;\"><em>19\u00ba Domingo do Tempo Comum<\/em><\/p>\n<p style=\"text-align: justify;\"><strong>\u00a0<\/strong>Celebramos neste domingo o d\u00e9cimo nono desse tempo comum, ap\u00f3s. A cor lit\u00fargica verde desse tempo comum nos indica a esperan\u00e7a da chegada do Reino de Deus e que, cada um de n\u00f3s, pode fazer acontec\u00ea-lo agora. O mundo pode come\u00e7ar a melhorar a partir de nossas atitudes, amando o nosso semelhante, praticando a justi\u00e7a e a verdade e exercendo a caridade. S\u00e3o as nossas atitudes que mudam o ambiente em que vivemos.<\/p>\n<p style=\"text-align: justify;\">O crist\u00e3o cat\u00f3lico n\u00e3o \u00e9 aquele que fica esperando as coisas acontecerem ou melhorarem, mas \u00e9, antes de tudo, aquela pessoa que, com suas atitudes, busca transformar o mundo. O crist\u00e3o cat\u00f3lico \u00e9 aquele que deve ser exemplo para os outros, sobretudo no cumprimento dos preceitos, como, por exemplo, participando da missa aos domingos. O crist\u00e3o cat\u00f3lico deve ser exemplo para a sua fam\u00edlia, inclusive participando com a fam\u00edlia da missa aos domingos.<\/p>\n<p style=\"text-align: justify;\">A liturgia deste domingo nos convida a ter f\u00e9 em Deus. Os momentos dif\u00edceis n\u00e3o s\u00e3o para sempre, eles passam, e, se termos f\u00e9 e acreditarmos, tudo melhora. N\u00e3o tenhamos medo de enfrentar as adversidades da vida, pois cada vez que passamos por um momento dif\u00edcil, nos sentimos mais fortes. Lembremos sempre, tamb\u00e9m, de pedir e agradecer, pois, Deus sempre est\u00e1 conosco.<\/p>\n<p style=\"text-align: justify;\">Neste domingo recordamos do Dia dos Pais. Todas as homenagens que fizermos nesse dia ser\u00e3o muito pouco, pelo muito que nossos pais fizeram por n\u00f3s. Procure, nesse dia, estar com o seu pai, agradec\u00ea-lo por cuidar de voc\u00ea. Se n\u00e3o puder estar com ele, fa\u00e7a um telefonema ou fa\u00e7a uma videochamada para saud\u00e1-los. Se o seu pai j\u00e1 \u00e9 falecido, reze a Deus por ele, colocando o nome dele nas inten\u00e7\u00f5es da Santa Missa. S\u00e3o aqueles que, como Jos\u00e9, cuidam do filho de Deus.<\/p>\n<p style=\"text-align: justify;\">A primeira leitura desse domingo \u00e9 do primeiro livro dos Reis <em>(1Rs 19,9a.13a). <\/em>Observamos nessa leitura o poder da f\u00e9 do profeta Elias. O Senhor fala com ele para se colocar a entrada da gruta, que Ele iria passar. Primeiro, vem um vento forte. Depois, um terremoto e, por fim, o fogo. O Senhor n\u00e3o estava em nenhum desses fen\u00f4menos. O Senhor n\u00e3o faz barulho para falar conosco, mas Ele fala conosco no sil\u00eancio. Elias sentiu uma leve brisa. O profeta cobriu o rosto com um manto, saiu e p\u00f4s-se a entrada da gruta. O profeta teve a certeza de que o Senhor viria na brisa leve, pois Ele \u00e9 assim, enquanto o mundo est\u00e1 um caos, Deus surge para tranquilizar tudo e Ele nos tira das turbul\u00eancias do mundo e pede para confiarmos N\u2019Ele sempre.<\/p>\n<p style=\"text-align: justify;\">O salmo responsorial \u00e9 o <em>84(85), <\/em>que diz em seu refr\u00e3o: <em>\u201cMostrai-nos, \u00f3 Senhor, vossa bondade e a vossa salva\u00e7\u00e3o nos concedei\u201d. <\/em>Nesse refr\u00e3o, o salmista pede ao Senhor, com f\u00e9, que Ele mostre a sua bondade, o livre dos momentos turbulentos e o conceda a salva\u00e7\u00e3o. O Senhor tem o desejo de salvar todos n\u00f3s. Cabe a cada um abrir-se \u00e0 salva\u00e7\u00e3o que vem de Deus.<\/p>\n<p style=\"text-align: justify;\">A segunda leitura desse domingo \u00e9 da carta de S\u00e3o Paulo aos Romanos (<em>Rm 9,1-5). <\/em>Paulo afirma \u00e0 comunidade romana que ele n\u00e3o est\u00e1 mentindo, mas que est\u00e1 dizendo a verdade, baseando-se em sua f\u00e9 em Cristo, no testemunho do Esp\u00edrito Santo e de sua pr\u00f3pria consci\u00eancia. Ele sente uma tristeza muito grande, sobretudo pelos israelitas, ou seja, os de sua ra\u00e7a, que n\u00e3o aceitam a prega\u00e7\u00e3o do Evangelho. Confiemos sempre no Senhor e pe\u00e7amos a ilumina\u00e7\u00e3o do Esp\u00edrito Santo.<\/p>\n<p style=\"text-align: justify;\">O Evangelho desse domingo \u00e9 de Mateus <em>(Mt 14,22-33). <\/em>Ap\u00f3s o epis\u00f3dio da multiplica\u00e7\u00e3o dos p\u00e3es, Jesus pede aos disc\u00edpulos para que entrassem na barca e seguissem a sua frente para o outro lado do mar, enquanto Ele se despedia das multid\u00f5es. Depois de se despedir da multid\u00e3o, Jesus sobe ao monte para Orar. Jesus sempre fazia isso antes ou depois de realizar uma miss\u00e3o. O monte \u00e9 o lugar do encontro do Senhor \u2014 o monte est\u00e1 mais pr\u00f3ximo do c\u00e9u. Observamos na primeira de leitura de hoje que Elias subiu ao monte atendendo ao chamado do Senhor para falar com Ele.<\/p>\n<p style=\"text-align: justify;\">Jesus permaneceu at\u00e9 a noite no monte. Enquanto isso, os disc\u00edpulos estavam na barca no meio do mar. De repente, as ondas come\u00e7aram a agitar o barco, pois o vento era contr\u00e1rio. Pelas tr\u00eas horas da manh\u00e3, Jesus foi at\u00e9 os disc\u00edpulos caminhando sobre a \u00e1gua. Os disc\u00edpulos ficaram apavorados pensando que fosse um fantasma. Jesus grita com Eles e diz: <em>\u201cCoragem\u201d, \u201cSou Eu\u201d, N\u00e3o Tenhais Medo! (Mt 14,27). <\/em><\/p>\n<p style=\"text-align: justify;\">Sim\u00e3o Pedro, como o l\u00edder do grupo dos ap\u00f3stolos, diz a Jesus: <em>\u201cSenhor, se \u00e9s tu, manda-me ir ao teu encontro caminhando sobre a \u00e1gua\u201d!<\/em> E Jesus responde: <em>\u201cVem\u201d<\/em>. Pedro imediatamente desce da barca e come\u00e7a a andar indo ao encontro de Jesus. Mas, quando sentiu um vento mais forte, come\u00e7ou a afundar e grita a Jesus: <em>\u201cSenhor, salva-me\u201d (Mt 14, 30). <\/em>Jesus segura Pedro pela m\u00e3o e lhe diz: <em>\u201cHomem fraco na f\u00e9, por que duvidaste?<\/em> <em>(Mt 14,31)<\/em>. Logo que subiram no barco, o vento se acalmou e os outros disc\u00edpulos que haviam ficado no barco diziam: <em>\u201cVerdadeiramente, tu \u00e9s o filho de Deus\u201d (Mt 14, 33). <\/em><\/p>\n<p style=\"text-align: justify;\">A liturgia de hoje aborda o poder da f\u00e9. O Evangelho de hoje retrata justamente isso. Do mesmo modo que aconteceu com Pedro, o Senhor nos toma pela m\u00e3o e nos levanta quando titubeamos na f\u00e9. Algumas vezes aquilo que pedimos ao Senhor pode demorar um pouco para acontecer, pois o tempo D\u2019Ele n\u00e3o \u00e9 o mesmo nosso. Mas se esperarmos com f\u00e9 e confian\u00e7a, a gra\u00e7a acontecer\u00e1.<\/p>\n<p style=\"text-align: justify;\">Algumas vezes podemos nos sentir como esse barco, em meio ao mar, sendo agitado pelas ondas. Nos sentiremos desesperados, mas confiemos em Deus, que se manifesta na calmaria e que tranquilizar\u00e1 as ondas do mar. O mar significa as turbul\u00eancias da vida, que quer afundar o barco que somos n\u00f3s e, nesse momento, devemos ter f\u00e9 e confiar em Deus, que esse momento de turbul\u00eancia ser\u00e1 passageiro.<\/p>\n<p style=\"text-align: justify;\">Mais do que nunca, neste domingo dos pais, \u00e9 dia de Santa Missa e dia de confraterniza\u00e7\u00e3o em nossas fam\u00edlias. O dom da paternidade \u00e9 gra\u00e7a de transmiss\u00e3o da vida e da f\u00e9 cat\u00f3lica! Iniciamos tamb\u00e9m a Semana Nacional da Fam\u00edlia como tema \u201cFam\u00edlia fonte de voca\u00e7\u00f5es\u201d. Procure se informar e participe em sua comunidade. Celebremos com alegria e cheios de f\u00e9 este 19\u00ba Domingo do Tempo Comum e deixemos no passado, aquilo que aconteceu no passado e olhemos para frente, e vivamos o presente, que \u00e9 o que importa. Am\u00e9m.<\/p>\n","protected":false},"excerpt":{"rendered":"<p>(Mt 14, 33). 19\u00ba Domingo do Tempo Comum \u00a0Celebramos neste domingo o d\u00e9cimo nono desse tempo comum, ap\u00f3s. A cor lit\u00fargica verde desse tempo comum nos indica a esperan\u00e7a da chegada do Reino de Deus e que, cada um de n\u00f3s, pode fazer acontec\u00ea-lo agora. O mundo pode come\u00e7ar a melhorar a partir de nossas [&hellip;]<\/p>\n","protected":false},"author":5,"featured_media":55819,"comment_status":"open","ping_status":"closed","sticky":false,"template":"","format":"standard","meta":{"footnotes":""},"categories":[9],"tags":[],"class_list":["post-83039","post","type-post","status-publish","format-standard","has-post-thumbnail","hentry","category-artigos"],"_links":{"self":[{"href":"https:\/\/catolicanet.net\/wp-cnet\/wp-json\/wp\/v2\/posts\/83039","targetHints":{"allow":["GET"]}}],"collection":[{"href":"https:\/\/catolicanet.net\/wp-cnet\/wp-json\/wp\/v2\/posts"}],"about":[{"href":"https:\/\/catolicanet.net\/wp-cnet\/wp-json\/wp\/v2\/types\/post"}],"author":[{"embeddable":true,"href":"https:\/\/catolicanet.net\/wp-cnet\/wp-json\/wp\/v2\/users\/5"}],"replies":[{"embeddable":true,"href":"https:\/\/catolicanet.net\/wp-cnet\/wp-json\/wp\/v2\/comments?post=83039"}],"version-history":[{"count":1,"href":"https:\/\/catolicanet.net\/wp-cnet\/wp-json\/wp\/v2\/posts\/83039\/revisions"}],"predecessor-version":[{"id":83040,"href":"https:\/\/catolicanet.net\/wp-cnet\/wp-json\/wp\/v2\/posts\/83039\/revisions\/83040"}],"wp:featuredmedia":[{"embeddable":true,"href":"https:\/\/catolicanet.net\/wp-cnet\/wp-json\/wp\/v2\/media\/55819"}],"wp:attachment":[{"href":"https:\/\/catolicanet.net\/wp-cnet\/wp-json\/wp\/v2\/media?parent=83039"}],"wp:term":[{"taxonomy":"category","embeddable":true,"href":"https:\/\/catolicanet.net\/wp-cnet\/wp-json\/wp\/v2\/categories?post=83039"},{"taxonomy":"post_tag","embeddable":true,"href":"https:\/\/catolicanet.net\/wp-cnet\/wp-json\/wp\/v2\/tags?post=83039"}],"curies":[{"name":"wp","href":"https:\/\/api.w.org\/{rel}","templated":true}]}}