{"id":82981,"date":"2023-08-04T09:50:57","date_gmt":"2023-08-04T12:50:57","guid":{"rendered":"https:\/\/catolicanet.net\/wp-cnet\/?p=82981"},"modified":"2023-08-04T09:50:57","modified_gmt":"2023-08-04T12:50:57","slug":"papa-transformar-tudo-em-amor-concreto-sem-asco-da-pobreza-dos-outros","status":"publish","type":"post","link":"https:\/\/catolicanet.net\/wp-cnet\/papa-transformar-tudo-em-amor-concreto-sem-asco-da-pobreza-dos-outros\/","title":{"rendered":"Papa: transformar tudo em amor concreto, sem &#8220;asco da pobreza dos outros&#8221;"},"content":{"rendered":"<div class=\"article__subTitle\" style=\"text-align: justify;\">A exemplo do testemunho de tr\u00eas centros assistenciais de Lisboa, na Par\u00f3quia S\u00e3o Vicente de Paulo em Lisboa, Francisco falou da import\u00e2ncia de gestos &#8220;concretos&#8221; de amor, &#8220;aqueles que sujam as m\u00e3os&#8221;. E sugeriu que nos questionemos: &#8220;o amor que eu sinto pelos outros \u00e9 concreto ou abstrato? Eu, quando estendo a m\u00e3o a uma pessoa necessitada, a um doente, a uma pessoa marginalizada, depois de estender a m\u00e3o&#8221;, limpo para n\u00e3o me contagiar? &#8220;Tenho asco da pobreza dos outros?&#8221;<\/div>\n<div class=\"title__separator\" style=\"text-align: justify;\"><\/div>\n<div class=\"article__text\">\n<p style=\"text-align: justify;\"><b>Andressa Collet &#8211; Vatican News<\/b><\/p>\n<p><iframe loading=\"lazy\" title=\"Lisboa, Encontro com Centros de Assist\u00eancia e Caridade, 04 de agosto de 2023 Papa Francisco\" width=\"696\" height=\"392\" src=\"https:\/\/www.youtube.com\/embed\/aByZY7W6l3I?feature=oembed\" frameborder=\"0\" allow=\"accelerometer; autoplay; clipboard-write; encrypted-media; gyroscope; picture-in-picture; web-share\" allowfullscreen><\/iframe><\/p>\n<p style=\"text-align: justify;\">Num dos bairros mais pobres da periferia de Lisboa, o Serafina, fica a Par\u00f3quia de S\u00e3o Vicente de Paulo que recebeu o Papa Francisco nesta sexta-feira (4), terceiro dia da viagem apost\u00f3lica em terras portuguesas. No Centro Social Paroquial, acostumado a acolher cerca de 800 pessoas para oferecer servi\u00e7os sociais dos mais diversos, desde o ber\u00e7\u00e1rio at\u00e9 o apoio \u00e0s fam\u00edlias, o Pont\u00edfice proferiu um discurso ap\u00f3s conhecer a realidade vivida inclusive por outras duas obras assistenciais: as associa\u00e7\u00f5es de Pais e Amigos de Crian\u00e7as com C\u00e2ncer &#8216;Acreditar&#8217; e a de Solidariedade Social &#8216;Ajuda de Ber\u00e7o&#8217;.<\/p>\n<p style=\"text-align: justify;\">O Papa come\u00e7ou agradecendo pelo testemunho das tr\u00eas entidades que procuram promover a caridade, &#8220;origem e meta do caminho crist\u00e3o&#8221;, atrav\u00e9s da &#8220;realidade concreta de \u00abamor em a\u00e7\u00e3o\u00bb&#8221;. Assim, destacou tr\u00eas aspectos comuns \u00e0 realidade vivida por quem ajuda o pr\u00f3ximo: &#8220;<i>fazer juntos o bem, agir no concreto e estar pr\u00f3ximo dos mais fr\u00e1geis<\/i>&#8220;.<\/p>\n<div style=\"text-align: justify;\">\n<div class=\"article__embed article__embed--unwrap article__embed--photo\">\n<figure><picture><img decoding=\"async\" class=\"loaded\" src=\"https:\/\/www.vaticannews.va\/content\/dam\/vaticannews\/agenzie\/images\/srv\/2023\/08\/02\/2023-08-02-viaggio-apostolico-in-portogallo-in-occasione-della-x\/1691143661576.JPG\/_jcr_content\/renditions\/cq5dam.thumbnail.cropped.750.422.jpeg\" alt=\"O Papa ao encontrar as crian\u00e7as atendidas pelos centros assistenciais\" data-original=\"\/content\/dam\/vaticannews\/agenzie\/images\/srv\/2023\/08\/02\/2023-08-02-viaggio-apostolico-in-portogallo-in-occasione-della-x\/1691143661576.JPG\/_jcr_content\/renditions\/cq5dam.thumbnail.cropped.750.422.jpeg\" data-was-processed=\"true\" \/><\/picture><\/figure>\n<div class=\"photo_embed--Title\">O Papa ao encontrar as crian\u00e7as atendidas pelos centros assistenciais<\/div>\n<\/div>\n<\/div>\n<h2 style=\"text-align: justify;\">Fazer juntos o bem<\/h2>\n<p style=\"text-align: justify;\">Primeiro, Francisco abordou o &#8220;fazer juntos o bem&#8221;, tendo o \u00abjuntos\u00bb como palavra-chave, j\u00e1 que o Pont\u00edfice ouviu repetidas vezes durante os testemunhos, inclusive de Jo\u00e3o, da Associa\u00e7\u00e3o Acreditar, quando falou da sua experi\u00eancia com crian\u00e7as com c\u00e2ncer e suas fam\u00edlias: &#8220;\u00e9 preciso n\u00e3o se deixar \u00abdefinir\u00bb pela doen\u00e7a&#8221;.<\/p>\n<p style=\"text-align: justify;\"><i>&#8220;\u00c9 verdade! N\u00e3o devemos deixar-nos \u00abdefinir\u00bb pela doen\u00e7a ou pelos problemas, porque n\u00f3s n\u00e3o somos uma doen\u00e7a, n\u00e3o somos um problema. Cada um de n\u00f3s \u00e9 um presente, \u00e9 um dom, um dom \u00fanico com os seus limites, mas um dom precioso e sagrado para Deus, para a comunidade crist\u00e3 e para a comunidade humana. E, assim como somos, enriquecemos o conjunto e deixamo-nos enriquecer pelo conjunto!&#8221;<\/i><\/p>\n<div style=\"text-align: justify;\">\n<div class=\"article__embed article__embed--unwrap article__embed--photo\">\n<figure><picture><img decoding=\"async\" class=\"loaded\" src=\"https:\/\/www.vaticannews.va\/content\/dam\/vaticannews\/agenzie\/images\/srv\/2023\/08\/02\/2023-08-02-viaggio-apostolico-in-portogallo-in-occasione-della-x\/1691142798447.JPG\/_jcr_content\/renditions\/cq5dam.thumbnail.cropped.750.422.jpeg\" alt=\"Francisco falou improvisamente sobre a import\u00e2ncia do amor concreto pelo pr\u00f3ximo\" data-original=\"\/content\/dam\/vaticannews\/agenzie\/images\/srv\/2023\/08\/02\/2023-08-02-viaggio-apostolico-in-portogallo-in-occasione-della-x\/1691142798447.JPG\/_jcr_content\/renditions\/cq5dam.thumbnail.cropped.750.422.jpeg\" data-was-processed=\"true\" \/><\/picture><\/figure>\n<div class=\"photo_embed--Title\">Francisco falou improvisamente sobre a import\u00e2ncia do amor concreto pelo pr\u00f3ximo<\/div>\n<\/div>\n<\/div>\n<h2 style=\"text-align: justify;\">Agir concretamente junto aos mais fr\u00e1geis<\/h2>\n<p style=\"text-align: justify;\">Em seguida, para comentar sobre o &#8220;agir no concreto&#8221;, o Papa buscou as palavras do testemunho do Pe. Francisco, do Centro Social Paroquial, que, inspirado em S\u00e3o Jo\u00e3o XXIII, citou o fontan\u00e1rio para descrever a cultura do cuidado dirigida a quem procura a entidade. E acrescentou que, &#8220;quando n\u00e3o se perde tempo a lamentar-se da realidade, mas se tem a preocupa\u00e7\u00e3o de ir ao encontro das car\u00eancias concretas, com alegria e confian\u00e7a na Provid\u00eancia, acontecem coisas maravilhosas&#8221;.<\/p>\n<p style=\"text-align: justify;\">Por fim, o terceiro aspecto que o Papa destacou em discurso entregue aos presentes \u00e9 o de estar &#8220;pr\u00f3ximo dos mais fr\u00e1geis&#8221;, especialmente de quem mais precisa: &#8220;os exclu\u00eddos, os marginalizados, os descartados, os humildes, os indefesos. S\u00e3o eles o tesouro da Igreja, s\u00e3o os preferidos de Deus!&#8221;.<\/p>\n<div style=\"text-align: justify;\">\n<div class=\"article__embed article__embed--unwrap article__embed--photo\">\n<figure><picture><img decoding=\"async\" class=\"loaded\" src=\"https:\/\/www.vaticannews.va\/content\/dam\/vaticannews\/agenzie\/images\/srv\/2023\/08\/02\/2023-08-02-viaggio-apostolico-in-portogallo-in-occasione-della-x\/1691143074938.JPG\/_jcr_content\/renditions\/cq5dam.thumbnail.cropped.750.422.jpeg\" alt=\"Diferentes realidades da periferia de Lisboa presentes no encontro com o Papa\" data-original=\"\/content\/dam\/vaticannews\/agenzie\/images\/srv\/2023\/08\/02\/2023-08-02-viaggio-apostolico-in-portogallo-in-occasione-della-x\/1691143074938.JPG\/_jcr_content\/renditions\/cq5dam.thumbnail.cropped.750.422.jpeg\" data-was-processed=\"true\" \/><\/picture><\/figure>\n<div class=\"photo_embed--Title\">Diferentes realidades da periferia de Lisboa presentes no encontro com o Papa<\/div>\n<\/div>\n<\/div>\n<h2 style=\"text-align: justify;\">A import\u00e2ncia do amor concreto<\/h2>\n<p style=\"text-align: justify;\">Mas, ao improvisar, j\u00e1 que &#8220;meus refletores n\u00e3o est\u00e3o funcionando e n\u00e3o consigo ler direito&#8221;, disse o Papa aos presentes se referindo \u00e0 vista que n\u00e3o queria for\u00e7ar, se deteve em algo que n\u00e3o estava escrito, mas que estava no esp\u00edrito do encontro: o amor concreto.<\/p>\n<p style=\"text-align: justify;\"><i><b>&#8220;N\u00e3o existe amor abstrato, n\u00e3o existe. O amor plat\u00f4nico est\u00e1 em \u00f3rbita, n\u00e3o est\u00e1 na realidade. O amor concreto, aquele que suja as m\u00e3os&#8230; E cada um de n\u00f3s pode se perguntar: o amor que eu sinto por todos aqui, o que sinto pelos outros, \u00e9 concreto ou abstrato? Eu, quando estendo a m\u00e3o a uma pessoa necessitada, a um doente, a uma pessoa marginalizada, depois de estender a m\u00e3o, fa\u00e7o isso em seguida (limpando), para que n\u00e3o me &#8216;contagie&#8217;? Tenho asco de pobreza, da pobreza dos outros? Procuro sempre a vida destilada, aquela que existe na minha fantasia, mas que n\u00e3o existe na realidade? Quantas vidas destiladas in\u00fateis, que passam pela vida sem deixar marca, porque sua vida n\u00e3o tem peso!&#8221;<\/b><\/i><\/p>\n<p style=\"text-align: justify;\">Uma marca que, o Papa enalteceu em discurso improvisado, foi representada pelas tr\u00eas entidades assistenciais apresentadas no encontro e que serve de &#8220;inspira\u00e7\u00e3o aos outros. N\u00e3o poderia existir uma Jornada Mundial da Juventude sem levar em conta essa realidade, porque isso tamb\u00e9m \u00e9 juventude no sentido de que voc\u00eas geram continuamente vida nova&#8221;. E o fazem, concluiu Francisco, sujando as m\u00e3os &#8220;ao tocar a realidade e a mis\u00e9ria dos outros&#8221;, gerando inspira\u00e7\u00e3o e vida: &#8220;obrigado por isso. Eu lhes agrade\u00e7o do fundo do meu cora\u00e7\u00e3o&#8221;.<\/p>\n<div style=\"text-align: justify;\">\n<div class=\"article__embed article__embed--border embed_style\">\n<blockquote><p>\u201cSigam adiante e n\u00e3o desanimem! E se desanimarem, tomem um copo de \u00e1gua e sigam adiante!\u201d<\/p><\/blockquote>\n<\/div>\n<\/div>\n<div style=\"text-align: justify;\">\n<div class=\"article__embed article__embed--unwrap article__embed--photo\">\n<figure><picture><img decoding=\"async\" class=\"loaded\" src=\"https:\/\/www.vaticannews.va\/content\/dam\/vaticannews\/agenzie\/images\/srv\/2023\/08\/02\/2023-08-02-viaggio-apostolico-in-portogallo-in-occasione-della-x\/1691142770930.JPG\/_jcr_content\/renditions\/cq5dam.thumbnail.cropped.750.422.jpeg\" alt=\"Um encontro marcado por muita ternura e carinho no Centro Social Paroquial S. Vicente de Paulo\" data-original=\"\/content\/dam\/vaticannews\/agenzie\/images\/srv\/2023\/08\/02\/2023-08-02-viaggio-apostolico-in-portogallo-in-occasione-della-x\/1691142770930.JPG\/_jcr_content\/renditions\/cq5dam.thumbnail.cropped.750.422.jpeg\" data-was-processed=\"true\" \/><\/picture><\/figure>\n<div class=\"photo_embed--Title\">Um encontro marcado por muita ternura e carinho no Centro Social Paroquial S. Vicente de Paulo<\/div>\n<\/div>\n<\/div>\n<h2 style=\"text-align: justify;\">O exemplo do portugu\u00eas Jo\u00e3o de Deus<\/h2>\n<p style=\"text-align: justify;\">No discurso entregue, Francisco ainda trouxe a hist\u00f3ria de Jo\u00e3o de Deus (1495-1550), um portugu\u00eas que, ao encontrar Jesus, decidiu pedir esmola pelas ruas, dizendo \u00e0s pessoas: \u00abFazei bem, irm\u00e3os, a v\u00f3s mesmos!\u00bb. &#8220;Compreendem isso?&#8221;, questionou o Papa, ele &#8220;pedia a esmola, mas dizia a quem lhe dava que, ajudando ele, na realidade estava ajudando a si pr\u00f3prio!&#8221;. Assim o Pont\u00edfice explicou a import\u00e2ncia dos gestos de amor por quem os faz, antes mesmo por quem os recebe,\u00a0&#8220;porque dilata o cora\u00e7\u00e3o e permite abra\u00e7ar o sentido da vida&#8221;<\/p>\n<p style=\"text-align: justify;\">Jo\u00e3o de Deus chegou a fundar a\u00a0<a href=\"http:\/\/saojoaodedeus.org.br\/\" target=\"_blank\" rel=\"external nofollow noopener\">Ordem Religiosa dos Irm\u00e3os Hospitaleiros<\/a>\u00a0para se doar ao servi\u00e7o dos pobres e doentes. &#8220;Ajudar os outros \u00e9 um dom para si pr\u00f3prio e faz bem a todos&#8221;, acrescentou Francisco, pedindo que todos se recordem que &#8220;o amor \u00e9 um presente para todos!&#8221;.<\/p>\n<p style=\"text-align: justify;\"><i>&#8220;Se queremos ser verdadeiramente felizes, aprendamos a transformar tudo em amor, oferecendo aos outros o nosso trabalho e o nosso tempo, dizendo palavras edificantes e realizando boas a\u00e7\u00f5es, mesmo com um sorriso, com um abra\u00e7o, com a escuta, com o olhar. Queridos adolescentes, irm\u00e3os e irm\u00e3s, vivamos assim! Todos podemos faz\u00ea-lo e disto mesmo todos precisamos, aqui e em qualquer lugar do mundo.&#8221;<\/i><\/p>\n<div>\n<div class=\"article__embed article__embed--unwrap article__embed--dark\">\n<div class=\"embed-container\" style=\"text-align: justify;\"><iframe id=\"741834969\" title=\"HIGHLIGHTS - Celebration of Confession and Meeting with Aid and Charitable Centres\" src=\"https:\/\/www.youtube.com\/embed\/J-La248AGsA?wmode=opaque&amp;rel=0&amp;autohide=1&amp;showinfo=0&amp;wmode=transparent&amp;modestbranding=1&amp;enablejsapi=1&amp;origin=https:\/\/www.vaticannews.va&amp;start=&amp;end=\" allowfullscreen=\"allowfullscreen\" data-gtm-yt-inspected-7=\"true\" data-gtm-yt-inspected-12=\"true\" data-gtm-yt-inspected-7781034_9=\"true\" data-mce-fragment=\"1\"><\/iframe><\/div>\n<div class=\"article__innerTitle\" style=\"text-align: justify;\">Veja a manh\u00e3 desta sexta, dia 4, do Papa em Lisboa<\/div>\n<\/div>\n<\/div>\n<\/div>\n","protected":false},"excerpt":{"rendered":"<p>A exemplo do testemunho de tr\u00eas centros assistenciais de Lisboa, na Par\u00f3quia S\u00e3o Vicente de Paulo em Lisboa, Francisco falou da import\u00e2ncia de gestos &#8220;concretos&#8221; de amor, &#8220;aqueles que sujam as m\u00e3os&#8221;. E sugeriu que nos questionemos: &#8220;o amor que eu sinto pelos outros \u00e9 concreto ou abstrato? Eu, quando estendo a m\u00e3o a uma [&hellip;]<\/p>\n","protected":false},"author":1,"featured_media":82982,"comment_status":"open","ping_status":"closed","sticky":false,"template":"","format":"standard","meta":{"footnotes":""},"categories":[3],"tags":[],"class_list":["post-82981","post","type-post","status-publish","format-standard","has-post-thumbnail","hentry","category-vaticano"],"_links":{"self":[{"href":"https:\/\/catolicanet.net\/wp-cnet\/wp-json\/wp\/v2\/posts\/82981","targetHints":{"allow":["GET"]}}],"collection":[{"href":"https:\/\/catolicanet.net\/wp-cnet\/wp-json\/wp\/v2\/posts"}],"about":[{"href":"https:\/\/catolicanet.net\/wp-cnet\/wp-json\/wp\/v2\/types\/post"}],"author":[{"embeddable":true,"href":"https:\/\/catolicanet.net\/wp-cnet\/wp-json\/wp\/v2\/users\/1"}],"replies":[{"embeddable":true,"href":"https:\/\/catolicanet.net\/wp-cnet\/wp-json\/wp\/v2\/comments?post=82981"}],"version-history":[{"count":1,"href":"https:\/\/catolicanet.net\/wp-cnet\/wp-json\/wp\/v2\/posts\/82981\/revisions"}],"predecessor-version":[{"id":82983,"href":"https:\/\/catolicanet.net\/wp-cnet\/wp-json\/wp\/v2\/posts\/82981\/revisions\/82983"}],"wp:featuredmedia":[{"embeddable":true,"href":"https:\/\/catolicanet.net\/wp-cnet\/wp-json\/wp\/v2\/media\/82982"}],"wp:attachment":[{"href":"https:\/\/catolicanet.net\/wp-cnet\/wp-json\/wp\/v2\/media?parent=82981"}],"wp:term":[{"taxonomy":"category","embeddable":true,"href":"https:\/\/catolicanet.net\/wp-cnet\/wp-json\/wp\/v2\/categories?post=82981"},{"taxonomy":"post_tag","embeddable":true,"href":"https:\/\/catolicanet.net\/wp-cnet\/wp-json\/wp\/v2\/tags?post=82981"}],"curies":[{"name":"wp","href":"https:\/\/api.w.org\/{rel}","templated":true}]}}