{"id":82959,"date":"2023-08-03T10:49:45","date_gmt":"2023-08-03T13:49:45","guid":{"rendered":"https:\/\/catolicanet.net\/wp-cnet\/?p=82959"},"modified":"2023-08-03T10:49:45","modified_gmt":"2023-08-03T13:49:45","slug":"sacramento-da-ordem","status":"publish","type":"post","link":"https:\/\/catolicanet.net\/wp-cnet\/sacramento-da-ordem\/","title":{"rendered":"Sacramento da Ordem"},"content":{"rendered":"<p style=\"text-align: center;\">\u201cVoca\u00e7\u00e3o: gra\u00e7a e miss\u00e3o\u201d<\/p>\n<p style=\"text-align: center;\">\u201cCora\u00e7\u00f5es ardentes, p\u00e9s a caminho\u201d<\/p>\n<p style=\"text-align: justify;\">\u00a0 \u00a0 \u00a0 \u00a0 \u00a0 \u00a0 A Igreja Cat\u00f3lica no Brasil dedica o m\u00eas de agosto para o tema das voca\u00e7\u00f5es: falar e ensinar, rezar e convidar os batizados a ouvirem a voz de Deus e responderem livremente a seu convite. Neste ano celebramos o m\u00eas vocacional com o Ano Vocacional que est\u00e1 em andamento que tem por tema: \u201cVoca\u00e7\u00e3o: gra\u00e7a e miss\u00e3o\u201d e por lema \u201cCora\u00e7\u00f5es ardentes, p\u00e9s a caminho\u201d. Neste domingo a nossa aten\u00e7\u00e3o se volta aos batizados que receberam e receber\u00e3o o Sacramento da Ordem, isto \u00e9, os di\u00e1conos, presb\u00edteros, em nosso meio mais conhecidos como padres, e os bispos. Receberam de Deus a gra\u00e7a do minist\u00e9rio ordenado e uma miss\u00e3o espec\u00edfica na Igreja.<\/p>\n<p style=\"text-align: justify;\">\u00a0\u00a0\u00a0\u00a0\u00a0\u00a0\u00a0\u00a0\u00a0\u00a0\u00a0 Cremos em Deus presente na hist\u00f3ria, seja no passado, no presente e no futuro. \u201cJesus Cristo \u00e9 o mesmo ontem, hoje e sempre\u201d (Hebreus 13,8). O modo de agir de Deus em toda a hist\u00f3ria da salva\u00e7\u00e3o foi chamar e enviar pessoas para realizar miss\u00f5es espec\u00edficas em favor do povo de Deus. Do Antigo Testamento podemos citar Abra\u00e3o, Mois\u00e9s, Jeremias, Isa\u00edas e do Novo Testamento Jo\u00e3o Batista, Maria, Jos\u00e9. Por\u00e9m, os chamados ficam mais compreens\u00edveis para n\u00f3s no modo de agir de Jesus Cristo. \u201cDeus enviou o seu Filho ao mundo, n\u00e3o para condenar o mundo, mas para que o mundo seja salvo por meio dele\u201d (Jo\u00e3o 3, 17). Para realizar esta obra de salva\u00e7\u00e3o, em favor das multid\u00f5es que o seguiam, escolheu alguns entre as multid\u00f5es para uma tarefa bem espec\u00edfica. Chamou-os pelo nome para estarem com ele e depois envi\u00e1-los em miss\u00e3o. Neste grupo de chamados, os mais conhecidos s\u00e3o os ap\u00f3stolos.<\/p>\n<p style=\"text-align: justify;\">\u00a0 \u00a0 \u00a0 \u00a0 \u00a0 A hist\u00f3ria dos chamados continua na hist\u00f3ria da Igreja. Em particular neste domingo, os bispos, os padres e os di\u00e1conos rejubilam de alegria por terem sido escolhidos e chamados por Deus para continuar na Igreja a miss\u00e3o que Cristo confiou aos Ap\u00f3stolos. Deus olhou com amor e miseric\u00f3rdia sobre n\u00f3s. Diante do chamado de Deus sentimo-nos como Mois\u00e9s, Jeremias, Isa\u00edas e Maria pequenos, incapazes e indignos. Mesmo assim nos confiou a miss\u00e3o que foi confirmada pela Igreja atrav\u00e9s do Sacramento da Ordem. Atrav\u00e9s do Sacramento recebemos uma gra\u00e7a especial do Esp\u00edrito Santo para servir de instrumento de Cristo para sua Igreja, foi-nos conferido um car\u00e1ter espiritual indel\u00e9vel para configurar-nos a Cristo Sacerdote, Mestre e Pastor. Portanto, o sacramento recebido \u00e9 gratuidade de Deus para sermos di\u00e1conos, ou padres ou bispos, portanto n\u00e3o \u00e9 m\u00e9rito e nem direito nosso.<\/p>\n<p style=\"text-align: justify;\">\u00a0\u00a0\u00a0\u00a0\u00a0\u00a0\u00a0\u00a0\u00a0\u00a0\u00a0 Junto com a gra\u00e7a sacerdotal veio a miss\u00e3o. Fomos \u201cordenados \u00e0 salva\u00e7\u00e3o de outrem. Se contribuem tamb\u00e9m para a salva\u00e7\u00e3o pessoal, \u00e9 atrav\u00e9s do servi\u00e7o aos outros. Conferem uma miss\u00e3o particular na Igreja e servem para a edifica\u00e7\u00e3o do Povo de Deus\u201d (Catecismo da Igreja Cat\u00f3lica n. 1534). As gra\u00e7as recebidas no Sacramento da Ordem frutificam na miss\u00e3o de pastorear o povo de Deus. A miss\u00e3o pode ser resumida em tr\u00eas of\u00edcios centrais, fazendo o que Jesus fez. O primeiro \u00e9 anunciar a Palavra de Deus. Jesus passou a maior parte do seu tempo ensinando para que os que depositassem a f\u00e9 nele o fizessem de forma consciente e livre. A segunda miss\u00e3o \u00e9 santificar as pessoas pela administra\u00e7\u00e3o dos sacramentos. Jesus ordenou batizar, enviou o Esp\u00edrito Santo, deu o seu corpo na Eucaristia, perdoou pecadores, visitou e curou doentes, participou de casamentos. A terceira miss\u00e3o \u00e9 governar como servidor a comunidade de f\u00e9. Jesus se apresentou como Bom Pastor caminhando \u00e0 frente, no meio e outras vezes vinha atr\u00e1s para arrebanhar os desgarrados.<\/p>\n<p style=\"text-align: justify;\">\u00a0\u00a0\u00a0\u00a0\u00a0\u00a0\u00a0\u00a0\u00a0\u00a0\u00a0 Rezemos pelos ministros ordenados para que possam viver sua voca\u00e7\u00e3o como gra\u00e7a e miss\u00e3o e tenham seus cora\u00e7\u00f5es sempre ardendo de amor por Deus e pelo povo de Deus. Sejam incans\u00e1veis no ir ao encontro de todas as pessoas nas suas mais diferentes situa\u00e7\u00f5es sociais e existenciais.<\/p>\n","protected":false},"excerpt":{"rendered":"<p>\u201cVoca\u00e7\u00e3o: gra\u00e7a e miss\u00e3o\u201d \u201cCora\u00e7\u00f5es ardentes, p\u00e9s a caminho\u201d \u00a0 \u00a0 \u00a0 \u00a0 \u00a0 \u00a0 A Igreja Cat\u00f3lica no Brasil dedica o m\u00eas de agosto para o tema das voca\u00e7\u00f5es: falar e ensinar, rezar e convidar os batizados a ouvirem a voz de Deus e responderem livremente a seu convite. Neste ano celebramos o m\u00eas [&hellip;]<\/p>\n","protected":false},"author":18,"featured_media":55821,"comment_status":"open","ping_status":"closed","sticky":false,"template":"","format":"standard","meta":{"footnotes":""},"categories":[9],"tags":[],"class_list":["post-82959","post","type-post","status-publish","format-standard","has-post-thumbnail","hentry","category-artigos"],"_links":{"self":[{"href":"https:\/\/catolicanet.net\/wp-cnet\/wp-json\/wp\/v2\/posts\/82959","targetHints":{"allow":["GET"]}}],"collection":[{"href":"https:\/\/catolicanet.net\/wp-cnet\/wp-json\/wp\/v2\/posts"}],"about":[{"href":"https:\/\/catolicanet.net\/wp-cnet\/wp-json\/wp\/v2\/types\/post"}],"author":[{"embeddable":true,"href":"https:\/\/catolicanet.net\/wp-cnet\/wp-json\/wp\/v2\/users\/18"}],"replies":[{"embeddable":true,"href":"https:\/\/catolicanet.net\/wp-cnet\/wp-json\/wp\/v2\/comments?post=82959"}],"version-history":[{"count":1,"href":"https:\/\/catolicanet.net\/wp-cnet\/wp-json\/wp\/v2\/posts\/82959\/revisions"}],"predecessor-version":[{"id":82960,"href":"https:\/\/catolicanet.net\/wp-cnet\/wp-json\/wp\/v2\/posts\/82959\/revisions\/82960"}],"wp:featuredmedia":[{"embeddable":true,"href":"https:\/\/catolicanet.net\/wp-cnet\/wp-json\/wp\/v2\/media\/55821"}],"wp:attachment":[{"href":"https:\/\/catolicanet.net\/wp-cnet\/wp-json\/wp\/v2\/media?parent=82959"}],"wp:term":[{"taxonomy":"category","embeddable":true,"href":"https:\/\/catolicanet.net\/wp-cnet\/wp-json\/wp\/v2\/categories?post=82959"},{"taxonomy":"post_tag","embeddable":true,"href":"https:\/\/catolicanet.net\/wp-cnet\/wp-json\/wp\/v2\/tags?post=82959"}],"curies":[{"name":"wp","href":"https:\/\/api.w.org\/{rel}","templated":true}]}}