{"id":82936,"date":"2023-08-03T10:36:38","date_gmt":"2023-08-03T13:36:38","guid":{"rendered":"https:\/\/catolicanet.net\/wp-cnet\/?p=82936"},"modified":"2023-08-03T10:36:38","modified_gmt":"2023-08-03T13:36:38","slug":"prorrogadas-ate-15-de-agosto-as-inscricoes-para-o-encontro-catequese-renovada-que-acontece-de-1o-a-3-de-setembro","status":"publish","type":"post","link":"https:\/\/catolicanet.net\/wp-cnet\/prorrogadas-ate-15-de-agosto-as-inscricoes-para-o-encontro-catequese-renovada-que-acontece-de-1o-a-3-de-setembro\/","title":{"rendered":"PRORROGADAS AT\u00c9 15 DE AGOSTO AS INSCRI\u00c7\u00d5ES PARA O ENCONTRO \u201cCATEQUESE RENOVADA\u201d, QUE ACONTECE DE 1\u00ba A 3 DE SETEMBRO"},"content":{"rendered":"<p style=\"text-align: justify;\">A Comiss\u00e3o Episcopal para a Anima\u00e7\u00e3o B\u00edblico-Catequ\u00e9tica da Confer\u00eancia Nacional dos Bispos do Brasil (CNBB) decidiu prorrogar at\u00e9 o dia 15 de agosto as\u00a0<a href=\"https:\/\/app.ciaticket.com.br\/e\/ENCAT40\" target=\"_blank\" rel=\"noopener\">inscri\u00e7\u00f5es<\/a>\u00a0para quem desejar participar do encontro nacional\u00a0<a href=\"https:\/\/www.cnbb.org.br\/catequeserenovada\/\"><strong>\u201cCatequese Renovada \u2013 40 anos\u201d<\/strong><\/a>\u00a0que acontecer\u00e1 nos dias 1\u00ba a 3 de setembro, no Santu\u00e1rio Nacional de Nossa Senhora Aparecida, em S\u00e3o Paulo. A iniciativa tem por objetivo reimpulsionar a recep\u00e7\u00e3o do texto na Igreja no Brasil.<\/p>\n<p style=\"text-align: justify;\">Com o lema\u00a0<strong>\u201cTocar cora\u00e7\u00f5es e impulsionar a miss\u00e3o\u201d,<\/strong>\u00a0o evento destina-se a todos os catequistas do Brasil e tem perfil formativo-celebrativo. Mais de 800 pessoas j\u00e1 se inscreveram. A\u00a0<a href=\"https:\/\/www.cnbb.org.br\/wp-content\/uploads\/2023\/06\/ENCONTRO-CR-40-ANOS-CNBB-1.pdf\">programa\u00e7\u00e3o<\/a>\u00a0conta com confer\u00eancias com temas como o contexto hist\u00f3rico de reda\u00e7\u00e3o do documento; catequese em rela\u00e7\u00e3o \u00e0 perda de refer\u00eancias; panorama do Catequese Renovada; e a rela\u00e7\u00e3o entre f\u00e9 e vida a partir do documento.<\/p>\n<p style=\"text-align: justify;\">A irm\u00e3 Sueli da Cruz Pereira, membro do Grupo de Reflex\u00e3o B\u00edblico-Catequ\u00e9tica (Grebicat), salienta que o evento al\u00e9m de celebrar os 40 anos do Documento Catequese Renovada deseja celebrar a mem\u00f3ria da caminhada da catequese no Brasil.<\/p>\n<blockquote><p>\u201cConhecendo essa caminhada e fazendo essa mem\u00f3ria podemos compreender os passos que estamos dando hoje numa catequese \u00e0 servi\u00e7o da inicia\u00e7\u00e3o \u00e0 vida crist\u00e3\u201d, salientou.<\/p><\/blockquote>\n<p style=\"text-align: justify;\">Ela explica que o evento ir\u00e1 mergulhar na metodologia que fez com que a catequese no Brasil fosse o que \u00e9 hoje. \u201c\u00c9 de suma import\u00e2ncia compreender esse m\u00e9todo t\u00e3o importante que est\u00e1 a\u00ed \u2013 a intera\u00e7\u00e3o f\u00e9\/ vida\/ comunidade, at\u00e9 chegarmos \u00e0 inspira\u00e7\u00e3o catecumenal, aquilo que hoje vem orientando a caminhada da catequese no Brasil, por isso \u00e9 importante fazer essa mem\u00f3ria\u201d, considerou.<\/p>\n<blockquote><p>\u201cVenha participar conosco do encontro que ira acontecer no Santu\u00e1rio Nacional de Nossa Aparecida, de 1 a 3 de setembro. Diversos catequetas, te\u00f3logos falar\u00e3o das diversas tem\u00e1ticas que perpassaram o documento e sua evolu\u00e7\u00e3o at\u00e9 os nossos dias, principalmente em como se chegou na reflex\u00e3o de uma catequese \u00e0 servi\u00e7o da inicia\u00e7\u00e3o a vida crist\u00e3, onde a inspira\u00e7\u00e3o catecumenal \u00e9 a base, o modelo que vai perpassar todas as nossas atividades, principalmente a vida das pastorais que tem essa miss\u00e3o de fazer a inicia\u00e7\u00e3o a vida crist\u00e3 e, principalmente, no nosso caso como catequistas, a catequese\u201d, exorta a irm\u00e3.<\/p><\/blockquote>\n<p><span data-contrast=\"auto\">Conhe\u00e7a a programa\u00e7\u00e3o completa (<\/span><a href=\"https:\/\/www.cnbb.org.br\/wp-content\/uploads\/2023\/06\/ENCONTRO-CR-40-ANOS-CNBB-1.pdf\"><span data-contrast=\"none\">aqui<\/span><\/a><span data-contrast=\"auto\">).<\/span><span data-ccp-props=\"{&quot;201341983&quot;:0,&quot;335551550&quot;:6,&quot;335551620&quot;:6,&quot;335559739&quot;:160,&quot;335559740&quot;:259}\">\u00a0<\/span><\/p>\n<p><span data-contrast=\"auto\">Baixe (<\/span><a href=\"https:\/\/www.cnbb.org.br\/wp-content\/uploads\/2023\/03\/Cartaz-1.pdf\"><span data-contrast=\"none\">aqui<\/span><\/a><span data-contrast=\"auto\">) o cartaz oficial.<\/span><span data-ccp-props=\"{&quot;201341983&quot;:0,&quot;335551550&quot;:6,&quot;335551620&quot;:6,&quot;335559739&quot;:160,&quot;335559740&quot;:259}\">\u00a0<\/span><\/p>\n<p><span data-contrast=\"auto\">Acesse (<a href=\"https:\/\/www.cnbb.org.br\/catequeserenovada\/\">aqui<\/a>) o hotsite do evento.\u00a0<\/span><span data-ccp-props=\"{&quot;201341983&quot;:0,&quot;335551550&quot;:6,&quot;335551620&quot;:6,&quot;335559739&quot;:160,&quot;335559740&quot;:259}\">\u00a0<\/span><\/p>\n<p>Acesse (<a href=\"https:\/\/www.instagram.com\/catequeserenovada.40anos\/?igshid=OGQ5ZDc2ODk2ZA%3D%3D\" target=\"_blank\" rel=\"noopener\">aqui<\/a>) o instagram oficial.<\/p>\n<p>&nbsp;<\/p>\n<p><strong>Veja o convite feito pela irm\u00e3:<\/strong><\/p>\n<div class=\"ast-oembed-container\"><iframe loading=\"lazy\" title=\"Catequese Renovada 40 anos - Convite da Ir. Sueli da Cruz\" src=\"https:\/\/www.youtube.com\/embed\/SjRcQEluCdY?feature=oembed\" width=\"1200\" height=\"675\" frameborder=\"0\" allowfullscreen=\"allowfullscreen\" data-mce-fragment=\"1\"><\/iframe><\/div>\n<p>&nbsp;<\/p>\n","protected":false},"excerpt":{"rendered":"<p>A Comiss\u00e3o Episcopal para a Anima\u00e7\u00e3o B\u00edblico-Catequ\u00e9tica da Confer\u00eancia Nacional dos Bispos do Brasil (CNBB) decidiu prorrogar at\u00e9 o dia 15 de agosto as\u00a0inscri\u00e7\u00f5es\u00a0para quem desejar participar do encontro nacional\u00a0\u201cCatequese Renovada \u2013 40 anos\u201d\u00a0que acontecer\u00e1 nos dias 1\u00ba a 3 de setembro, no Santu\u00e1rio Nacional de Nossa Senhora Aparecida, em S\u00e3o Paulo. A iniciativa tem [&hellip;]<\/p>\n","protected":false},"author":1,"featured_media":82937,"comment_status":"open","ping_status":"closed","sticky":false,"template":"","format":"standard","meta":{"footnotes":""},"categories":[7],"tags":[],"class_list":["post-82936","post","type-post","status-publish","format-standard","has-post-thumbnail","hentry","category-cnbb"],"_links":{"self":[{"href":"https:\/\/catolicanet.net\/wp-cnet\/wp-json\/wp\/v2\/posts\/82936","targetHints":{"allow":["GET"]}}],"collection":[{"href":"https:\/\/catolicanet.net\/wp-cnet\/wp-json\/wp\/v2\/posts"}],"about":[{"href":"https:\/\/catolicanet.net\/wp-cnet\/wp-json\/wp\/v2\/types\/post"}],"author":[{"embeddable":true,"href":"https:\/\/catolicanet.net\/wp-cnet\/wp-json\/wp\/v2\/users\/1"}],"replies":[{"embeddable":true,"href":"https:\/\/catolicanet.net\/wp-cnet\/wp-json\/wp\/v2\/comments?post=82936"}],"version-history":[{"count":1,"href":"https:\/\/catolicanet.net\/wp-cnet\/wp-json\/wp\/v2\/posts\/82936\/revisions"}],"predecessor-version":[{"id":82938,"href":"https:\/\/catolicanet.net\/wp-cnet\/wp-json\/wp\/v2\/posts\/82936\/revisions\/82938"}],"wp:featuredmedia":[{"embeddable":true,"href":"https:\/\/catolicanet.net\/wp-cnet\/wp-json\/wp\/v2\/media\/82937"}],"wp:attachment":[{"href":"https:\/\/catolicanet.net\/wp-cnet\/wp-json\/wp\/v2\/media?parent=82936"}],"wp:term":[{"taxonomy":"category","embeddable":true,"href":"https:\/\/catolicanet.net\/wp-cnet\/wp-json\/wp\/v2\/categories?post=82936"},{"taxonomy":"post_tag","embeddable":true,"href":"https:\/\/catolicanet.net\/wp-cnet\/wp-json\/wp\/v2\/tags?post=82936"}],"curies":[{"name":"wp","href":"https:\/\/api.w.org\/{rel}","templated":true}]}}