{"id":82906,"date":"2023-07-31T09:18:36","date_gmt":"2023-07-31T12:18:36","guid":{"rendered":"https:\/\/catolicanet.net\/wp-cnet\/?p=82906"},"modified":"2023-07-29T10:19:54","modified_gmt":"2023-07-29T13:19:54","slug":"santo-inacio-de-loyola-4","status":"publish","type":"post","link":"https:\/\/catolicanet.net\/wp-cnet\/santo-inacio-de-loyola-4\/","title":{"rendered":"Santo In\u00e1cio de Loyola"},"content":{"rendered":"<p style=\"text-align: center;\"><em>\u201cTudo para a maior gl\u00f3ria de Deus\u201d<\/em><\/p>\n<p style=\"text-align: justify;\">Celebramos dia 31 de julho de 2023 a mem\u00f3ria lit\u00fargica de Santo In\u00e1cio de Loyola, padroeiro e fundador da Congrega\u00e7\u00e3o da Companhia de Jesus (Jesu\u00edtas). Com a celebra\u00e7\u00e3o da mem\u00f3ria lit\u00fargica de Santo In\u00e1cio, fechamos as celebra\u00e7\u00f5es do m\u00eas de julho e abrimos na ter\u00e7a-feira o m\u00eas vocacional, um m\u00eas especial para a Igreja.<\/p>\n<p style=\"text-align: justify;\">Ao celebrarmos Santo In\u00e1cio de Loyola, somos impelidos a anunciar Jesus Cristo fora dos \u201cmuros\u201d da Igreja, ou seja, na escola, bairro, trabalho ou comunidade. Santo In\u00e1cio deixou muitos escritos e que com certeza nos ajudam a assumir a nossa voca\u00e7\u00e3o. Os escritos de Santo In\u00e1cio nos ajudam a silenciar e escutar Deus no cora\u00e7\u00e3o. Por meio de seus escritos, somos chamados a silenciar para o mundo e nos abrirmos para Deus. Santo In\u00e1cio nos orienta a realizar um bom retiro espiritual, pois em um retiro temos que silenciar totalmente para as coisas do externas e ouvir a voz de Deus em nosso interior.<\/p>\n<p style=\"text-align: justify;\">Santo In\u00e1cio viveu na idade m\u00e9dia, no s\u00e9culo XV\/XVI, mas os seus escritos e ensinamentos continuam bem atuais. Os escritos de Santo In\u00e1cio orientam a realizar bem uma dire\u00e7\u00e3o espiritual e uma boa confiss\u00e3o. Al\u00e9m disso, ajudam o vocacionado em seu processo formativo.<\/p>\n<p style=\"text-align: justify;\">Quando foi proclamada a bula de canoniza\u00e7\u00e3o de Santo In\u00e1cio, estava escrito \u201cUma alma maior que o mundo\u201d, pois desde jovem, In\u00e1cio de Loyola renegou as riquezas do mundo e escolheu a Deus, deixou de lado o que era profano e escolheu o Sagrado. Desde muito jovem, nutria um amor profundo a Deus e a Igreja, em sua vida sempre colocou Deus em primeiro lugar. Tinha como exemplo de vida e inspira\u00e7\u00e3o os santos S\u00e3o Domingos S\u00e1vio e S\u00e3o Francisco de Assis.<\/p>\n<p style=\"text-align: justify;\">In\u00e1cio de Loyola nasceu na Espanha, no ano de 1491, e pertenceu a uma nobre e numerosa fam\u00edlia. In\u00e1cio era o mais novo de 12 irm\u00e3os.<\/p>\n<p style=\"text-align: justify;\">Durante uma batalha, em defesa do castelo de Pamplona, In\u00e1cio foi ferido nma perna, precisando ficar por um tempo de repouso e afastado, com a perna imobilizada. Desse \u201cmal\u201d que aconteceu com Santo In\u00e1cio, Deus tirou um \u201cbem\u201d, pois nesse per\u00edodo, Santo In\u00e1cio leu bons escritos religiosos e em seu cora\u00e7\u00e3o sentiu o desejo de seguir a Cristo. Nesse tempo, deu-se a convers\u00e3o de Santo In\u00e1cio, pois sentiu no cora\u00e7\u00e3o o desejo de assumir a miss\u00e3o crist\u00e3.<\/p>\n<p style=\"text-align: justify;\">Tudo aconteceu muito r\u00e1pido na vida de Santo In\u00e1cio, logo se converteu e come\u00e7ou a escrever. Em seus escritos dizia: <em>\u201cTudo para a maior gl\u00f3ria de Deus\u201d. <\/em>Santo In\u00e1cio dizia que tudo o que acontece em nossa vida, seja de bom ou de ruim, seja para a maior de Gl\u00f3ria de Deus, e que do problema que aparece no caminho, devemos buscar em Deus a solu\u00e7\u00e3o. Uma coisa que para n\u00f3s pode ser o fim, para Deus pode ser o come\u00e7o.<\/p>\n<p style=\"text-align: justify;\">Santo In\u00e1cio pendurou sua espada aos p\u00e9s da imagem de Nossa Senhora de Montserrat, entregou-se \u00e0 vida erem\u00edtica, no qual viveu os conhecidos exerc\u00edcios espirituais. Estudou filosofia e teologia e lan\u00e7ou os fundamentos da companhia de Jesus (Jesu\u00edtas). Os exerc\u00edcios espirituais deixados por Santo In\u00e1cio de Loyola podem ser feitos por todos, n\u00e3o somente os jesu\u00edtas ou religiosos. Eles ajudam a nos aproximar mais de Deus e a vencer as tenta\u00e7\u00f5es do mal. Esses exerc\u00edcios espirituais s\u00e3o muito usados para direcionar os retiros espirituais e ajudam as pessoas a aproveitar melhor o retiro, silenciando para o mundo exterior e ouvindo Deus em seu interior.<\/p>\n<p style=\"text-align: justify;\">A Companhia de Jesus fundada por Santo In\u00e1cio iniciou os trabalhos em 1534, era algo novo e original, al\u00e9m de providencial para aquele momento, que vivia a \u00e9poca da \u201ccontrarreforma\u201d. O pr\u00f3prio Santo esclarece: \u201c<em>o fim \u00faltimo dessa companhia n\u00e3o \u00e9 somente ocupar-se com a gra\u00e7a divina, da salva\u00e7\u00e3o e perfei\u00e7\u00e3o da alma pr\u00f3pria, mas com a mesma gra\u00e7a, esfor\u00e7ar-se intensamente por ajudar a salva\u00e7\u00e3o e perfei\u00e7\u00e3o da alma do pr\u00f3ximo\u201d. <\/em><\/p>\n<p style=\"text-align: justify;\">A Companhia de Jesus cumpre o mandamento do pr\u00f3prio mestre, devemos amar a Deus e ao pr\u00f3ximo como a n\u00f3s mesmos. Se encontramos um irm\u00e3o nosso que est\u00e1 seguindo um caminho errado ou se perdendo no pecado, podemos conversar com esse irm\u00e3o e mostrar para ele o caminho certo, fazer com esse irm\u00e3o o caminho de convers\u00e3o e de mudan\u00e7a de vida, do mesmo modo que foi feito com Santo In\u00e1cio. Por isso, a congrega\u00e7\u00e3o da Companhia de Jesus ocupa-se tamb\u00e9m por ajudar na salva\u00e7\u00e3o da alma do pr\u00f3ximo.<\/p>\n<p style=\"text-align: justify;\">Ao conseguirmos converter esse irm\u00e3o, o ganhamos para Deus e coloca-se em pr\u00e1tica a frase dita por Santo In\u00e1cio: \u201c<em>Tudo para a maior gl\u00f3ria de Deus\u201d. <\/em>Que em nossa vida di\u00e1ria possamos ganhar muitos irm\u00e3os para Deus e ajud\u00e1-los no caminho de convers\u00e3o e que tudo seja para a maior gl\u00f3ria de Deus. Pois o tempo que vivemos hoje n\u00e3o \u00e9 muito diferente do tempo que viveu Santo In\u00e1cio, muitas pessoas est\u00e3o \u201cabandonando\u201d a f\u00e9 e optam pelas coisas do mundo e n\u00e3o pelas de Deus. Que possamos conduzir muitas pessoas para Deus.<\/p>\n<p style=\"text-align: justify;\">Santo In\u00e1cio morre aos 65 anos e pedimos que do c\u00e9u esse grande santo interceda por n\u00f3s. Que possamos fazer tudo com todo o cora\u00e7\u00e3o, com toda a alma e com toda a vontade, conforme dizia Santo In\u00e1cio. Ajudemos muitos irm\u00e3os a se converterem e a buscar Deus novamente.<\/p>\n<p style=\"text-align: justify;\">Celebremos com alegria a mem\u00f3ria lit\u00fargica de Santo In\u00e1cio de Loyola, busquemos conhecer melhor a vida desse grande santo e coloquemos em pr\u00e1tica os exerc\u00edcios espirituais deixados por ele, por meio deles nos aproximamos mais de Deus.<\/p>\n","protected":false},"excerpt":{"rendered":"<p>\u201cTudo para a maior gl\u00f3ria de Deus\u201d Celebramos dia 31 de julho de 2023 a mem\u00f3ria lit\u00fargica de Santo In\u00e1cio de Loyola, padroeiro e fundador da Congrega\u00e7\u00e3o da Companhia de Jesus (Jesu\u00edtas). Com a celebra\u00e7\u00e3o da mem\u00f3ria lit\u00fargica de Santo In\u00e1cio, fechamos as celebra\u00e7\u00f5es do m\u00eas de julho e abrimos na ter\u00e7a-feira o m\u00eas vocacional, [&hellip;]<\/p>\n","protected":false},"author":5,"featured_media":55819,"comment_status":"open","ping_status":"closed","sticky":false,"template":"","format":"standard","meta":{"footnotes":""},"categories":[9],"tags":[],"class_list":["post-82906","post","type-post","status-publish","format-standard","has-post-thumbnail","hentry","category-artigos"],"_links":{"self":[{"href":"https:\/\/catolicanet.net\/wp-cnet\/wp-json\/wp\/v2\/posts\/82906","targetHints":{"allow":["GET"]}}],"collection":[{"href":"https:\/\/catolicanet.net\/wp-cnet\/wp-json\/wp\/v2\/posts"}],"about":[{"href":"https:\/\/catolicanet.net\/wp-cnet\/wp-json\/wp\/v2\/types\/post"}],"author":[{"embeddable":true,"href":"https:\/\/catolicanet.net\/wp-cnet\/wp-json\/wp\/v2\/users\/5"}],"replies":[{"embeddable":true,"href":"https:\/\/catolicanet.net\/wp-cnet\/wp-json\/wp\/v2\/comments?post=82906"}],"version-history":[{"count":1,"href":"https:\/\/catolicanet.net\/wp-cnet\/wp-json\/wp\/v2\/posts\/82906\/revisions"}],"predecessor-version":[{"id":82907,"href":"https:\/\/catolicanet.net\/wp-cnet\/wp-json\/wp\/v2\/posts\/82906\/revisions\/82907"}],"wp:featuredmedia":[{"embeddable":true,"href":"https:\/\/catolicanet.net\/wp-cnet\/wp-json\/wp\/v2\/media\/55819"}],"wp:attachment":[{"href":"https:\/\/catolicanet.net\/wp-cnet\/wp-json\/wp\/v2\/media?parent=82906"}],"wp:term":[{"taxonomy":"category","embeddable":true,"href":"https:\/\/catolicanet.net\/wp-cnet\/wp-json\/wp\/v2\/categories?post=82906"},{"taxonomy":"post_tag","embeddable":true,"href":"https:\/\/catolicanet.net\/wp-cnet\/wp-json\/wp\/v2\/tags?post=82906"}],"curies":[{"name":"wp","href":"https:\/\/api.w.org\/{rel}","templated":true}]}}