{"id":82888,"date":"2023-07-28T10:18:36","date_gmt":"2023-07-28T13:18:36","guid":{"rendered":"https:\/\/catolicanet.net\/wp-cnet\/?p=82888"},"modified":"2023-07-28T15:19:32","modified_gmt":"2023-07-28T18:19:32","slug":"assessoria-de-comunicacao-da-cnbb-mobiliza-grupo-de-voluntarios-para-cobertura-da-jornada-mundial-da-juventude-em-lisboa","status":"publish","type":"post","link":"https:\/\/catolicanet.net\/wp-cnet\/assessoria-de-comunicacao-da-cnbb-mobiliza-grupo-de-voluntarios-para-cobertura-da-jornada-mundial-da-juventude-em-lisboa\/","title":{"rendered":"ASSESSORIA DE COMUNICA\u00c7\u00c3O DA CNBB MOBILIZA GRUPO DE VOLUNT\u00c1RIOS PARA COBERTURA DA JORNADA MUNDIAL DA JUVENTUDE EM LISBOA"},"content":{"rendered":"<p style=\"text-align: justify;\">Quatro comunicadores que est\u00e3o em Lisboa, Portugal, para participar da Jornada Mundial da Juventude 2023, que acontece de 1\u00ba a 6 de agosto, se unir\u00e3o \u00e0 equipe de Assessoria de Comunica\u00e7\u00e3o da CNBB, sob a coordena\u00e7\u00e3o do padre Arnaldo Rodrigues, para garantir a cobertura jornal\u00edstica deste que \u00e9 o maior encontro de jovens do mundo todo.<\/p>\n<p style=\"text-align: justify;\">Os quatro comunicadores s\u00e3o membros dos Jovens Conectados e\/ou fazem parte do Comit\u00ea Organizador Local, como \u00e9 o caso da Fab\u00edola Goulart, Layla Kamila, Gustavo Huguenin e Mateus Lino.<\/p>\n<p style=\"text-align: justify;\">Segundo o novo assessor de Comunica\u00e7\u00e3o\u00a0 da CNBB, padre Arnaldo Rodrigues, a proposta \u00e9 que os quatro comunicadores aproveitem as oportunidades que surgirem durante a JMJ e enviem, em esp\u00edrito colaborativo, conte\u00fados que subsidiem as redes e portal da Confer\u00eancia Nacional dos Bispos do Brasil (CNBB).<\/p>\n<blockquote><p>\u201cA ideia \u00e9 que eles fa\u00e7am entrevistas com os bispos do Brasil, com jovens brasileiros, com representantes tamb\u00e9m do Comit\u00ea Organizador Local. E tudo aquilo que for relevante para o Brasil, com fotos, v\u00eddeos curtos e testemunhos\u201d, explicou o padre Arnaldo.<\/p><\/blockquote>\n<p style=\"text-align: justify;\">A Assessoria de Comunica\u00e7\u00e3o da CNBB atuar\u00e1 em conjunto com os colaboradores de modo que a Igreja no Brasil fique atualizada dos principais acontecimentos do encontro da juventude com o Papa Francisco.<\/p>\n<h3 style=\"text-align: justify;\"><strong>Jornada Mundial da Juventude 2023<\/strong><\/h3>\n<p style=\"text-align: justify;\">A Jornada Mundial da Juventude (JMJ) \u00e9 um encontro dos jovens de todo o mundo com o Papa. \u00c9, simultaneamente, uma peregrina\u00e7\u00e3o, uma festa da juventude, uma express\u00e3o da Igreja universal e um momento forte de evangeliza\u00e7\u00e3o do mundo juvenil. Apresenta-se como um convite a uma gera\u00e7\u00e3o determinada em construir um mundo mais justo e solid\u00e1rio. Com uma identidade claramente cat\u00f3lica, \u00e9 aberta a todos, quer estejam mais pr\u00f3ximos ou mais distantes da Igreja.<\/p>\n<p style=\"text-align: justify;\">Acontece todos os anos a n\u00edvel diocesano, at\u00e9 agora por altura do Domingo de Ramos e a partir de 2021 no Domingo de Cristo Rei. A cada dois, tr\u00eas ou quatro anos ocorre como um encontro internacional, numa cidade escolhida pelo Papa, sempre com a sua presen\u00e7a. Re\u00fane milhares de jovens para celebrar a f\u00e9 e a perten\u00e7a \u00e0 Igreja.<\/p>\n<p style=\"text-align: justify;\">Desde a primeira edi\u00e7\u00e3o, que se realizou na cidade de Roma em 1986, a Jornada Mundial da Juventude tem-se evidenciado como um laborat\u00f3rio de f\u00e9, um lugar de nascimento de voca\u00e7\u00f5es ao matrim\u00f3nio e \u00e0 vida Consagrada e um instrumento de evangeliza\u00e7\u00e3o e transforma\u00e7\u00e3o da Igreja.<\/p>\n<p style=\"text-align: justify;\">Visa proporcionar a todos os participantes uma experi\u00eancia de Igreja universal, fomentando o encontro pessoal com Jesus Cristo. \u00c9 um novo impulso \u00e0 f\u00e9, \u00e0 esperan\u00e7a e \u00e0 caridade de toda a comunidade do pa\u00eds de acolhimento. Tendo os jovens como protagonistas, a Jornada Mundial da Juventude procura tamb\u00e9m promover a paz, a uni\u00e3o e a fraternidade entre os povos e as na\u00e7\u00f5es de todo o mundo.<\/p>\n","protected":false},"excerpt":{"rendered":"<p>Quatro comunicadores que est\u00e3o em Lisboa, Portugal, para participar da Jornada Mundial da Juventude 2023, que acontece de 1\u00ba a 6 de agosto, se unir\u00e3o \u00e0 equipe de Assessoria de Comunica\u00e7\u00e3o da CNBB, sob a coordena\u00e7\u00e3o do padre Arnaldo Rodrigues, para garantir a cobertura jornal\u00edstica deste que \u00e9 o maior encontro de jovens do mundo [&hellip;]<\/p>\n","protected":false},"author":1,"featured_media":82889,"comment_status":"open","ping_status":"closed","sticky":false,"template":"","format":"standard","meta":{"footnotes":""},"categories":[7,13],"tags":[],"class_list":["post-82888","post","type-post","status-publish","format-standard","has-post-thumbnail","hentry","category-cnbb","category-featured"],"_links":{"self":[{"href":"https:\/\/catolicanet.net\/wp-cnet\/wp-json\/wp\/v2\/posts\/82888","targetHints":{"allow":["GET"]}}],"collection":[{"href":"https:\/\/catolicanet.net\/wp-cnet\/wp-json\/wp\/v2\/posts"}],"about":[{"href":"https:\/\/catolicanet.net\/wp-cnet\/wp-json\/wp\/v2\/types\/post"}],"author":[{"embeddable":true,"href":"https:\/\/catolicanet.net\/wp-cnet\/wp-json\/wp\/v2\/users\/1"}],"replies":[{"embeddable":true,"href":"https:\/\/catolicanet.net\/wp-cnet\/wp-json\/wp\/v2\/comments?post=82888"}],"version-history":[{"count":1,"href":"https:\/\/catolicanet.net\/wp-cnet\/wp-json\/wp\/v2\/posts\/82888\/revisions"}],"predecessor-version":[{"id":82890,"href":"https:\/\/catolicanet.net\/wp-cnet\/wp-json\/wp\/v2\/posts\/82888\/revisions\/82890"}],"wp:featuredmedia":[{"embeddable":true,"href":"https:\/\/catolicanet.net\/wp-cnet\/wp-json\/wp\/v2\/media\/82889"}],"wp:attachment":[{"href":"https:\/\/catolicanet.net\/wp-cnet\/wp-json\/wp\/v2\/media?parent=82888"}],"wp:term":[{"taxonomy":"category","embeddable":true,"href":"https:\/\/catolicanet.net\/wp-cnet\/wp-json\/wp\/v2\/categories?post=82888"},{"taxonomy":"post_tag","embeddable":true,"href":"https:\/\/catolicanet.net\/wp-cnet\/wp-json\/wp\/v2\/tags?post=82888"}],"curies":[{"name":"wp","href":"https:\/\/api.w.org\/{rel}","templated":true}]}}