{"id":82821,"date":"2023-07-10T10:15:09","date_gmt":"2023-07-10T13:15:09","guid":{"rendered":"https:\/\/catolicanet.net\/wp-cnet\/?p=82821"},"modified":"2023-07-10T12:18:42","modified_gmt":"2023-07-10T15:18:42","slug":"sobre-esta-rocha-construirei-minha-abadia-o-ambicioso-projeto-destes-beneditinos","status":"publish","type":"post","link":"https:\/\/catolicanet.net\/wp-cnet\/sobre-esta-rocha-construirei-minha-abadia-o-ambicioso-projeto-destes-beneditinos\/","title":{"rendered":"Sobre esta rocha, construirei minha abadia! O ambicioso projeto destes beneditinos"},"content":{"rendered":"<h2 class=\"subtitle\" style=\"text-align: justify;\">Os 17 monges da abadia beneditina de Sainte-Marie de la Garde iniciaram um grande projeto para construir um claustro, uma torre de sino e uma igreja da abadia<\/h2>\n<p style=\"text-align: justify;\">Com sede em Saint-Pierre-de-Clairac (Fran\u00e7a), os monges beneditinos de Sainte-Marie de la Garde se propuseram o desafio de transformar seu mosteiro em uma abadia. Em maio de 2023, um grande projeto foi iniciado para fornecer \u00e0 comunidade um claustro, uma torre de sino e uma igreja de abadia. \u00c9 um projeto importante, mas que levar\u00e1 dez anos para ser conclu\u00eddo. A primeira fase, que acabou de come\u00e7ar, deve durar cerca de tr\u00eas anos, at\u00e9 2026, antes da constru\u00e7\u00e3o final do claustro, cujas tr\u00eas alas abrigar\u00e3o o refeit\u00f3rio, a casa capitular, as celas dos monges e a sacristia.<\/p>\n<div class=\"block-image-copyrigth-wrap\" style=\"text-align: justify;\">\n<figure class=\"wp-block-image size-large\"><img loading=\"lazy\" decoding=\"async\" class=\"wp-image-502438\" src=\"https:\/\/wp.pt.aleteia.org\/wp-content\/uploads\/sites\/5\/2023\/07\/Chantier-la-garde-1.jpg?w=1024\" sizes=\"auto, (max-width: 1200px) 100vw, 1200px\" srcset=\"https:\/\/wp.pt.aleteia.org\/wp-content\/uploads\/sites\/5\/2023\/07\/Chantier-la-garde-1.jpg 1200w, https:\/\/wp.pt.aleteia.org\/wp-content\/uploads\/sites\/5\/2023\/07\/Chantier-la-garde-1.jpg?resize=150,100 150w, https:\/\/wp.pt.aleteia.org\/wp-content\/uploads\/sites\/5\/2023\/07\/Chantier-la-garde-1.jpg?resize=300,200 300w, https:\/\/wp.pt.aleteia.org\/wp-content\/uploads\/sites\/5\/2023\/07\/Chantier-la-garde-1.jpg?resize=768,512 768w, https:\/\/wp.pt.aleteia.org\/wp-content\/uploads\/sites\/5\/2023\/07\/Chantier-la-garde-1.jpg?resize=1024,683 1024w, https:\/\/wp.pt.aleteia.org\/wp-content\/uploads\/sites\/5\/2023\/07\/Chantier-la-garde-1.jpg?resize=620,413 620w, https:\/\/wp.pt.aleteia.org\/wp-content\/uploads\/sites\/5\/2023\/07\/Chantier-la-garde-1.jpg?resize=360,240 360w, https:\/\/wp.pt.aleteia.org\/wp-content\/uploads\/sites\/5\/2023\/07\/Chantier-la-garde-1.jpg?resize=1140,760 1140w, https:\/\/wp.pt.aleteia.org\/wp-content\/uploads\/sites\/5\/2023\/07\/Chantier-la-garde-1.jpg?resize=375,250 375w, https:\/\/wp.pt.aleteia.org\/wp-content\/uploads\/sites\/5\/2023\/07\/Chantier-la-garde-1.jpg?resize=630,420 630w, https:\/\/wp.pt.aleteia.org\/wp-content\/uploads\/sites\/5\/2023\/07\/Chantier-la-garde-1.jpg?resize=266,177 266w\" alt=\"Chantier-la-garde-1.jpg\" width=\"1200\" height=\"800\" \/><figcaption class=\"wp-element-caption\">Maquete da Abadia de La Garde. A parte constru\u00edda \u00e9 vis\u00edvel na extrema direita da imagem, junto com o claustro<\/figcaption><\/figure>\n<div class=\"copyright-text\">\u00a9 Kapaa architectes<\/div>\n<\/div>\n<p style=\"text-align: justify;\">Estabelecida como uma abadia em 2021, Sainte-Marie de la Garde \u00e9 a irm\u00e3 mais nova da famosa abadia de Le Barroux, fundada em 1970. Oito monges ali se estabeleceram e converteram os edif\u00edcios dessa grande fazenda em um mosteiro. Hoje, a comunidade de 17 monges est\u00e1 empenhada em fazer algo grande. Para o abade, Dom Marc Guillot, \u201cesse projeto est\u00e1 alinhado com o apelo do Papa Francisco de criar muitos mosteiros na Igreja\u201d. Em abril de 2023, o Papa dedicou uma audi\u00eancia geral aos monges, chamando-os de \u201ccora\u00e7\u00e3o pulsante do Evangelho\u201d, a \u201cfor\u00e7a invis\u00edvel que sustenta a miss\u00e3o\u201d.<\/p>\n<div class=\"block-image-copyrigth-wrap\" style=\"text-align: justify;\">\n<figure class=\"wp-block-image size-large\"><img loading=\"lazy\" decoding=\"async\" class=\"wp-image-502433\" src=\"https:\/\/wp.pt.aleteia.org\/wp-content\/uploads\/sites\/5\/2023\/07\/moines-la-garde-2.jpg?w=1024\" sizes=\"auto, (max-width: 1200px) 100vw, 1200px\" srcset=\"https:\/\/wp.pt.aleteia.org\/wp-content\/uploads\/sites\/5\/2023\/07\/moines-la-garde-2.jpg 1200w, https:\/\/wp.pt.aleteia.org\/wp-content\/uploads\/sites\/5\/2023\/07\/moines-la-garde-2.jpg?resize=150,100 150w, https:\/\/wp.pt.aleteia.org\/wp-content\/uploads\/sites\/5\/2023\/07\/moines-la-garde-2.jpg?resize=300,200 300w, https:\/\/wp.pt.aleteia.org\/wp-content\/uploads\/sites\/5\/2023\/07\/moines-la-garde-2.jpg?resize=768,512 768w, https:\/\/wp.pt.aleteia.org\/wp-content\/uploads\/sites\/5\/2023\/07\/moines-la-garde-2.jpg?resize=1024,683 1024w, https:\/\/wp.pt.aleteia.org\/wp-content\/uploads\/sites\/5\/2023\/07\/moines-la-garde-2.jpg?resize=620,413 620w, https:\/\/wp.pt.aleteia.org\/wp-content\/uploads\/sites\/5\/2023\/07\/moines-la-garde-2.jpg?resize=360,240 360w, https:\/\/wp.pt.aleteia.org\/wp-content\/uploads\/sites\/5\/2023\/07\/moines-la-garde-2.jpg?resize=1140,760 1140w, https:\/\/wp.pt.aleteia.org\/wp-content\/uploads\/sites\/5\/2023\/07\/moines-la-garde-2.jpg?resize=375,250 375w, https:\/\/wp.pt.aleteia.org\/wp-content\/uploads\/sites\/5\/2023\/07\/moines-la-garde-2.jpg?resize=630,420 630w, https:\/\/wp.pt.aleteia.org\/wp-content\/uploads\/sites\/5\/2023\/07\/moines-la-garde-2.jpg?resize=266,177 266w\" alt=\"moines-la-garde-2.jpg\" width=\"1200\" height=\"800\" \/><figcaption class=\"wp-element-caption\">#image_title<\/figcaption><\/figure>\n<div class=\"copyright-text\">\u00a9 Abbaye Sainte Marie de la Garde<\/div>\n<\/div>\n<p style=\"text-align: justify;\">Atendendo \u00e0s necessidades da vida mon\u00e1stica e leiga<\/p>\n<p style=\"text-align: justify;\">O local de constru\u00e7\u00e3o est\u00e1, portanto, respondendo a uma vitalidade dupla. \u201cAl\u00e9m de responder \u00e0s necessidades de uma comunidade que escolheu a vida contemplativa e deu origem a voca\u00e7\u00f5es, h\u00e1 um verdadeiro dinamismo na comunidade leiga. Por meio de nossa heran\u00e7a, temos essa dimens\u00e3o de acompanhamento espiritual intramuros. Mais e mais pessoas est\u00e3o vindo para o mosteiro, que elas veem como uma esp\u00e9cie de o\u00e1sis espiritual, com a beleza da liturgia tradicional e do canto gregoriano atraindo-as\u201d, explica Dom Guillot \u00e0 Aleteia. \u201cA Regra de S\u00e3o Bento continua a provar sua relev\u00e2ncia. Tudo isso \u00e9 uma imensa fonte de esperan\u00e7a em um pa\u00eds que est\u00e1 perdendo seu cristianismo. \u201c<\/p>\n<p style=\"text-align: justify;\">Diante do afluxo de fi\u00e9is, os monges n\u00e3o t\u00eam escolha a n\u00e3o ser empurrar as paredes para tr\u00e1s. No momento, a capela s\u00f3 pode acomodar entre 90 e 100 pessoas para os cultos. Portanto, ela precisa ser ampliada com uma grande tenda de maio a outubro, na qual telas grandes podem ser usadas para acompanhar a transmiss\u00e3o da missa. O objetivo \u00e9 dobrar a capacidade para que os fi\u00e9is possam acompanhar a missa nas melhores condi\u00e7\u00f5es poss\u00edveis. Eventualmente, se o trabalho continuar a progredir bem, Dom Guillot planeja aumentar o n\u00famero de lugares para os retirantes no cora\u00e7\u00e3o do mosteiro, de 7 para 15. No entanto, ele adverte que \u201cisso est\u00e1 fora de cogita\u00e7\u00e3o at\u00e9 que a igreja da abadia seja conclu\u00edda\u201d. Enquanto isso, uma casa externa acomodar\u00e1 fam\u00edlias e peregrinos que desejarem passar alguns dias mais perto da abadia.<\/p>\n<div class=\"block-image-copyrigth-wrap\" style=\"text-align: justify;\">\n<figure class=\"wp-block-image size-large\"><img loading=\"lazy\" decoding=\"async\" class=\"wp-image-502437\" src=\"https:\/\/wp.pt.aleteia.org\/wp-content\/uploads\/sites\/5\/2023\/07\/chantier-la-garde-2.jpg?w=1024\" sizes=\"auto, (max-width: 1200px) 100vw, 1200px\" srcset=\"https:\/\/wp.pt.aleteia.org\/wp-content\/uploads\/sites\/5\/2023\/07\/chantier-la-garde-2.jpg 1200w, https:\/\/wp.pt.aleteia.org\/wp-content\/uploads\/sites\/5\/2023\/07\/chantier-la-garde-2.jpg?resize=150,100 150w, https:\/\/wp.pt.aleteia.org\/wp-content\/uploads\/sites\/5\/2023\/07\/chantier-la-garde-2.jpg?resize=300,200 300w, https:\/\/wp.pt.aleteia.org\/wp-content\/uploads\/sites\/5\/2023\/07\/chantier-la-garde-2.jpg?resize=768,512 768w, https:\/\/wp.pt.aleteia.org\/wp-content\/uploads\/sites\/5\/2023\/07\/chantier-la-garde-2.jpg?resize=1024,683 1024w, https:\/\/wp.pt.aleteia.org\/wp-content\/uploads\/sites\/5\/2023\/07\/chantier-la-garde-2.jpg?resize=620,413 620w, https:\/\/wp.pt.aleteia.org\/wp-content\/uploads\/sites\/5\/2023\/07\/chantier-la-garde-2.jpg?resize=360,240 360w, https:\/\/wp.pt.aleteia.org\/wp-content\/uploads\/sites\/5\/2023\/07\/chantier-la-garde-2.jpg?resize=1140,760 1140w, https:\/\/wp.pt.aleteia.org\/wp-content\/uploads\/sites\/5\/2023\/07\/chantier-la-garde-2.jpg?resize=375,250 375w, https:\/\/wp.pt.aleteia.org\/wp-content\/uploads\/sites\/5\/2023\/07\/chantier-la-garde-2.jpg?resize=630,420 630w, https:\/\/wp.pt.aleteia.org\/wp-content\/uploads\/sites\/5\/2023\/07\/chantier-la-garde-2.jpg?resize=266,177 266w\" alt=\"chantier-la-garde-2.jpg\" width=\"1200\" height=\"800\" \/><figcaption class=\"wp-element-caption\">Exterior da abadia<\/figcaption><\/figure>\n<div class=\"copyright-text\">\u00a9 Kapaa architectes<\/div>\n<\/div>\n<div class=\"wp-block-aleteia-heading3\" style=\"text-align: justify;\">\n<h3>Arquitetura rom\u00e2nica<\/h3>\n<\/div>\n<div id=\"aleteia-welcome\" style=\"text-align: justify;\"><\/div>\n<div id=\"article-native-inread_2023_07_10_sobre-esta-rocha-construirei-minha-abadia-o-ambicioso-projeto-destes-beneditinos\" class=\"css-p8k4vw\" style=\"text-align: justify;\" data-google-query-id=\"CLSVo5e3hIADFeS7lQIdo70EHQ\">\n<div id=\"google_ads_iframe_64500793\/PT_NATIVE_ARTICLE_1__container__\"><\/div>\n<\/div>\n<p style=\"text-align: justify;\">Ser\u00e1 necess\u00e1rio um total de oito milh\u00f5es de euros para que os monges possam concluir seu trabalho. A maior parte desse valor foi arrecadada por meio de doa\u00e7\u00f5es e patroc\u00ednios. As empresas que trabalhar\u00e3o na constru\u00e7\u00e3o das paredes dessa nova abadia s\u00e3o todas locais. Com suas funda\u00e7\u00f5es de granito e estruturas de pedra, a Abadia de Sainte-Marie optou por se inspirar em suas irm\u00e3s cistercienses e cluniacenses em Silvacane, Sylvan\u00e8s, S\u00e9nanque e Conques, com sua bela arquitetura rom\u00e2nica que desafia a devasta\u00e7\u00e3o do tempo. \u201cTemos as pedras vivas. Agora precisamos das paredes\u201d, sorri Dom Guillot.<\/p>\n<p><a href=\"https:\/\/pt.aleteia.org\/slideshow\/as-10-abadias-mais-lindas-da-franca\/\">GALERIA DE FOTOS<\/a><\/p>\n<div class=\"wp-block-aleteia-slideshow\"><img loading=\"lazy\" decoding=\"async\" src=\"https:\/\/wp.pt.aleteia.org\/wp-content\/uploads\/sites\/5\/2022\/07\/shutterstock_679580596.jpg?w=620&amp;h=310&amp;crop=1\" alt=\"As 10 abadias mais lindas da Fran\u00e7a\" width=\"620\" height=\"310\" \/><\/div>\n","protected":false},"excerpt":{"rendered":"<p>Os 17 monges da abadia beneditina de Sainte-Marie de la Garde iniciaram um grande projeto para construir um claustro, uma torre de sino e uma igreja da abadia Com sede em Saint-Pierre-de-Clairac (Fran\u00e7a), os monges beneditinos de Sainte-Marie de la Garde se propuseram o desafio de transformar seu mosteiro em uma abadia. Em maio de [&hellip;]<\/p>\n","protected":false},"author":1,"featured_media":82822,"comment_status":"open","ping_status":"closed","sticky":false,"template":"","format":"standard","meta":{"footnotes":""},"categories":[4],"tags":[],"class_list":["post-82821","post","type-post","status-publish","format-standard","has-post-thumbnail","hentry","category-cotidiano"],"_links":{"self":[{"href":"https:\/\/catolicanet.net\/wp-cnet\/wp-json\/wp\/v2\/posts\/82821","targetHints":{"allow":["GET"]}}],"collection":[{"href":"https:\/\/catolicanet.net\/wp-cnet\/wp-json\/wp\/v2\/posts"}],"about":[{"href":"https:\/\/catolicanet.net\/wp-cnet\/wp-json\/wp\/v2\/types\/post"}],"author":[{"embeddable":true,"href":"https:\/\/catolicanet.net\/wp-cnet\/wp-json\/wp\/v2\/users\/1"}],"replies":[{"embeddable":true,"href":"https:\/\/catolicanet.net\/wp-cnet\/wp-json\/wp\/v2\/comments?post=82821"}],"version-history":[{"count":1,"href":"https:\/\/catolicanet.net\/wp-cnet\/wp-json\/wp\/v2\/posts\/82821\/revisions"}],"predecessor-version":[{"id":82823,"href":"https:\/\/catolicanet.net\/wp-cnet\/wp-json\/wp\/v2\/posts\/82821\/revisions\/82823"}],"wp:featuredmedia":[{"embeddable":true,"href":"https:\/\/catolicanet.net\/wp-cnet\/wp-json\/wp\/v2\/media\/82822"}],"wp:attachment":[{"href":"https:\/\/catolicanet.net\/wp-cnet\/wp-json\/wp\/v2\/media?parent=82821"}],"wp:term":[{"taxonomy":"category","embeddable":true,"href":"https:\/\/catolicanet.net\/wp-cnet\/wp-json\/wp\/v2\/categories?post=82821"},{"taxonomy":"post_tag","embeddable":true,"href":"https:\/\/catolicanet.net\/wp-cnet\/wp-json\/wp\/v2\/tags?post=82821"}],"curies":[{"name":"wp","href":"https:\/\/api.w.org\/{rel}","templated":true}]}}