{"id":82817,"date":"2023-07-10T10:13:26","date_gmt":"2023-07-10T13:13:26","guid":{"rendered":"https:\/\/catolicanet.net\/wp-cnet\/?p=82817"},"modified":"2023-07-10T12:14:29","modified_gmt":"2023-07-10T15:14:29","slug":"por-que-as-bruxas-odeiam-a-medalha-de-sao-bento","status":"publish","type":"post","link":"https:\/\/catolicanet.net\/wp-cnet\/por-que-as-bruxas-odeiam-a-medalha-de-sao-bento\/","title":{"rendered":"Por que as bruxas odeiam a medalha de S\u00e3o Bento"},"content":{"rendered":"<h2 class=\"subtitle\" style=\"text-align: justify;\">A medalha de S\u00e3o Bento tem uma longa hist\u00f3ria de oposi\u00e7\u00e3o \u00e0s for\u00e7as demon\u00edacas<\/h2>\n<p style=\"text-align: justify;\">\u00c9dif\u00edcil de identificar a origem exata da medalha de S\u00e3o Bento, mas acredita-se que os v\u00e1rios s\u00edmbolos nela contidos podem ser atribu\u00eddos a um mosteiro beneditino no s\u00e9culo 18.<\/p>\n<p style=\"text-align: justify;\">Dom Prosper Gu\u00e9ranger, em seu pequeno livro\u00a0<em>The Medal or Cross of St. Benedict<\/em>, explica que um mosteiro beneditino\u00a0frustrou os planos das\u00a0<a title=\"\" href=\"https:\/\/pt.aleteia.org\/2013\/11\/01\/as-bruxas-sao-reais-sim\/\" target=\"_self\" rel=\"noopener\">bruxas<\/a>\u00a0da regi\u00e3o da Baviera:<\/p>\n<blockquote class=\"wp-block-quote\"><p>\u201cNo ano de 1647, em Nattremberg, na Baviera, certas bruxas acusadas de terem exercido seus feiti\u00e7os para prejudicar as pessoas da vizinhan\u00e7a foram presas pelas autoridades. Elas confessaram que suas pr\u00e1ticas supersticiosas nunca foram capazes de produzir qualquer efeito sobre o mosteiro de Metten e esta circunst\u00e2ncia deu-lhes a certeza de que a casa estava protegida pela cruz.\u201d<\/p><\/blockquote>\n<p style=\"text-align: justify;\">Mais tarde, descobriu-se que, no mosteiro, havia \u201cv\u00e1rias representa\u00e7\u00f5es da santa cruz pintadas nas paredes e, juntamente com a cruz, foram encontradas\u00a0as letras [da medalha de S\u00e3o Bento].\u201d<\/p>\n<p style=\"text-align: justify;\">Havia tamb\u00e9m um manuscrito que continha \u201cdesenhos que representavam S\u00e3o Bento\u00a0com capuz de monge e segurando na m\u00e3o direita um cajado, cuja ponta era em forma de cruz\u201d.<\/p>\n<div id=\"aleteia-welcome\" style=\"text-align: justify;\"><\/div>\n<p style=\"text-align: justify;\">Quase todos os elementos que est\u00e3o agora na medalha de S\u00e3o Bento foram encontrados no mosteiro beneditino de Metten. Por\u00e9m, a medalha em si s\u00f3 foi introduzida pela primeira vez no s\u00e9culo 18 e recebeu aprova\u00e7\u00e3o no s\u00e9culo 19.<\/p>\n<div id=\"article-native-inread_2023_07_10_por-que-as-bruxas-odeiam-a-medalha-de-sao-bento\" class=\"css-p8k4vw\" style=\"text-align: justify;\" data-google-query-id=\"CKqWp9-2hIADFcKGlQIdiBwK3w\">\n<div id=\"google_ads_iframe_64500793\/PT_NATIVE_ARTICLE_0__container__\"><\/div>\n<\/div>\n<p style=\"text-align: justify;\">Desde ent\u00e3o, os portadores da medalha invocam a intercess\u00e3o de S\u00e3o Bento na expuls\u00e3o das m\u00e1s influ\u00eancias.<\/p>\n<div class=\"wp-block-aleteia-heading3\" style=\"text-align: justify;\">\n<h3>O significado da medalha<\/h3>\n<\/div>\n<p style=\"text-align: justify;\">Na frente da medalha s\u00e3o apresentados uma cruz e, entre seus bra\u00e7os, est\u00e3o gravadas as letras C S P B, cujo significado \u00e9, do latim: Cruz Sancti Patris Benedicti \u2013 \u201cCruz do Santo Pai Bento\u201d.<\/p>\n<div id=\"article-desk-content-p6-ad_2023_07_10_por-que-as-bruxas-odeiam-a-medalha-de-sao-bento\" class=\"css-p8k4vw\" style=\"text-align: justify;\" data-google-query-id=\"CO_Wq9-2hIADFe-HlQIdTu8OLg\">\n<div id=\"google_ads_iframe_64500793\/PT_DESK_ARTICLE_WELCOME_1X1_0__container__\"><\/div>\n<\/div>\n<p style=\"text-align: justify;\">Na haste vertical da cruz l\u00eaem-se as iniciais C S S M L: Crux Sacra Sit Mihi Lux \u2013 \u201cA cruz sagrada seja minha luz\u201d.<\/p>\n<p style=\"text-align: justify;\">Na haste horizontal l\u00eaem-se as iniciais N D S M D: Non Draco Sit Mihi Dux \u2013 \u201cN\u00e3o seja o drag\u00e3o meu guia\u201d.<\/p>\n<p style=\"text-align: justify;\">No alto da cruz est\u00e1 gravada a palavra PAX (\u201cPaz\u201d), que \u00e9 lema da Ordem de S\u00e3o Bento. \u00c0s vezes, PAX \u00e9 substitu\u00eddo pelo monograma de Cristo: I H S.<\/p>\n<p style=\"text-align: justify;\">A partir da direita de PAX est\u00e3o as iniciais: V R S N S M V: Vade Retro S\u00e1tana Nunquam Suade Mihi Vana \u2013 \u201cRetira-te, satan\u00e1s, nunca me aconselhes coisas v\u00e3s!\u201d e S M Q L I V B: Sunt Mala Quae Libas Ipse Venena Bibas \u2013 \u201c\u00c9 mau o que me ofereces, bebe tu mesmo os teus venenos!\u201d.<\/p>\n<p style=\"text-align: justify;\">Nas costas da medalha est\u00e1 S\u00e3o Bento, segurando na m\u00e3o esquerda o livro da Regra que escreveu para os monges e, na outra m\u00e3o, a cruz. Ao redor do Santo l\u00ea-se a seguinte jaculat\u00f3ria ou prece: EIUS \u2013 IN \u2013 OBITU \u2013 NRO \u2013 PRAESENTIA \u2013 MUNIAMUR \u2013 \u201cSejamos confortados pela presen\u00e7a de S\u00e3o Bento na hora de nossa morte\u201d.<\/p>\n","protected":false},"excerpt":{"rendered":"<p>A medalha de S\u00e3o Bento tem uma longa hist\u00f3ria de oposi\u00e7\u00e3o \u00e0s for\u00e7as demon\u00edacas \u00c9dif\u00edcil de identificar a origem exata da medalha de S\u00e3o Bento, mas acredita-se que os v\u00e1rios s\u00edmbolos nela contidos podem ser atribu\u00eddos a um mosteiro beneditino no s\u00e9culo 18. Dom Prosper Gu\u00e9ranger, em seu pequeno livro\u00a0The Medal or Cross of St. [&hellip;]<\/p>\n","protected":false},"author":1,"featured_media":82818,"comment_status":"open","ping_status":"closed","sticky":false,"template":"","format":"standard","meta":{"footnotes":""},"categories":[4,13],"tags":[],"class_list":["post-82817","post","type-post","status-publish","format-standard","has-post-thumbnail","hentry","category-cotidiano","category-featured"],"_links":{"self":[{"href":"https:\/\/catolicanet.net\/wp-cnet\/wp-json\/wp\/v2\/posts\/82817","targetHints":{"allow":["GET"]}}],"collection":[{"href":"https:\/\/catolicanet.net\/wp-cnet\/wp-json\/wp\/v2\/posts"}],"about":[{"href":"https:\/\/catolicanet.net\/wp-cnet\/wp-json\/wp\/v2\/types\/post"}],"author":[{"embeddable":true,"href":"https:\/\/catolicanet.net\/wp-cnet\/wp-json\/wp\/v2\/users\/1"}],"replies":[{"embeddable":true,"href":"https:\/\/catolicanet.net\/wp-cnet\/wp-json\/wp\/v2\/comments?post=82817"}],"version-history":[{"count":1,"href":"https:\/\/catolicanet.net\/wp-cnet\/wp-json\/wp\/v2\/posts\/82817\/revisions"}],"predecessor-version":[{"id":82819,"href":"https:\/\/catolicanet.net\/wp-cnet\/wp-json\/wp\/v2\/posts\/82817\/revisions\/82819"}],"wp:featuredmedia":[{"embeddable":true,"href":"https:\/\/catolicanet.net\/wp-cnet\/wp-json\/wp\/v2\/media\/82818"}],"wp:attachment":[{"href":"https:\/\/catolicanet.net\/wp-cnet\/wp-json\/wp\/v2\/media?parent=82817"}],"wp:term":[{"taxonomy":"category","embeddable":true,"href":"https:\/\/catolicanet.net\/wp-cnet\/wp-json\/wp\/v2\/categories?post=82817"},{"taxonomy":"post_tag","embeddable":true,"href":"https:\/\/catolicanet.net\/wp-cnet\/wp-json\/wp\/v2\/tags?post=82817"}],"curies":[{"name":"wp","href":"https:\/\/api.w.org\/{rel}","templated":true}]}}