{"id":82813,"date":"2023-07-10T10:08:27","date_gmt":"2023-07-10T13:08:27","guid":{"rendered":"https:\/\/catolicanet.net\/wp-cnet\/?p=82813"},"modified":"2023-07-10T12:09:40","modified_gmt":"2023-07-10T15:09:40","slug":"papa-anuncia-consistorio-para-30-de-setembro-dom-americo-aguiar-de-lisboa-sera-cardeal","status":"publish","type":"post","link":"https:\/\/catolicanet.net\/wp-cnet\/papa-anuncia-consistorio-para-30-de-setembro-dom-americo-aguiar-de-lisboa-sera-cardeal\/","title":{"rendered":"PAPA ANUNCIA CONSIST\u00d3RIO PARA 30 DE SETEMBRO. DOM AM\u00c9RICO AGUIAR, DE LISBOA, SER\u00c1 CARDEAL"},"content":{"rendered":"<p style=\"text-align: justify;\">Ap\u00f3s rezar o\u00a0<i>Angelus,<\/i>\u00a0o Papa Francisco anunciou para setembro a realiza\u00e7\u00e3o de um Consist\u00f3rio para a cria\u00e7\u00e3o de novos cardeais, o nono de seu Pontificado. O primeiro foi em 22 de fevereiro de 2014, seguiu-se o de 14 de fevereiro de 2015; 19 de novembro de 2016; 28 de junho de 2017; 28 de junho de 2018; 05 de outubro 2019; 28 de novembro de 2020; 27 de agosto de 2022.<\/p>\n<p style=\"text-align: justify;\">Eis o an\u00fancio:<\/p>\n<p style=\"text-align: justify;\">\u201cQueridos irm\u00e3os e irm\u00e3s, tenho o prazer de anunciar que no pr\u00f3ximo dia 30 de setembro realizarei um Consist\u00f3rio para a cria\u00e7\u00e3o de novos cardeais. A sua proveni\u00eancia exprime a universalidade da Igreja, que continua a anunciar o amor misericordioso de Deus a todos os homens da terra. Al\u00e9m disso, a inclus\u00e3o de novos cardeais na Diocese de Roma demonstra o v\u00ednculo insepar\u00e1vel entre a S\u00e9 de Pedro e as Igrejas particulares espalhadas pelo mundo. Eis os nomes dos novos Cardeais:<\/p>\n<p style=\"text-align: justify;\">1 \u2013 Dom Robert Francis PREVOST, O.S.A. (EUA), Prefeito do Dicast\u00e9rio para os Bispos<br \/>\n2 \u2013 Dom Claudio GUGEROTTI (It\u00e1lia), Prefeito do Dicast\u00e9rio para as Igrejas Orientais<br \/>\n3 \u2013 Dom V\u00edctor Manuel FERN\u00c1NDEZ (Argentina), Prefeito do Dicast\u00e9rio para a Doutrina da F\u00e9<br \/>\n4 \u2013 Dom Emil Paul TSCHERRIG (Su\u00ed\u00e7a), N\u00fancio Apost\u00f3lico<br \/>\n5 \u2013 Dom Christophe Louis Yves Georges PIERRE (Fran\u00e7a),\u00a0N\u00fancio Apost\u00f3lico<br \/>\n6 \u2013 Dom Pierbattista PIZZABALLA (It\u00e1lia), Patriarca Latino de Jerusal\u00e9m<br \/>\n7 \u2013 Dom Stephen BRISLIN, Arcebispo da Cidade do Cabo (\u00c1frica do Sul)<br \/>\n8 \u2013 Dom \u00c1ngel Sixto ROSSI, S.J.,\u00a0Arcebispo de C\u00f3rdoba (Argentina)<br \/>\n9 \u2013 Dom Luis Jos\u00e9 RUEDA APARICIO,\u00a0Arcebispo de Bogot\u00e1 (Col\u00f4mbia)<br \/>\n10 \u2013 Dom Grzegorz RY\u015a, Arcebispo di \u0141\u00f3d\u017a (Pol\u00f4nia)<br \/>\n11 \u2013 Dom Stephen Ameyu Martin MULLA,\u00a0Arcebispo de Juba (Sud\u00e3o do Sul)<br \/>\n12 \u2013 Dom Jos\u00e9 COBO CANO,\u00a0Arcebispo de Madri (Espanha)<br \/>\n13 \u2013 Dom Protase RUGAMBWA,\u00a0Arcebispo coadjutor de Tabora (Tanz\u00e2nia)<br \/>\n14 \u2013 Dom Sebastian FRANCIS, Bispo de Penang (Mal\u00e1sia)<br \/>\n15 \u2013 Dom Stephen CHOW SAU-YAN, S.J., Bispo de Hong Kong<br \/>\n16 \u2013 Dom Fran\u00e7ois-Xavier BUSTILLO, O.F.M. Conv.,\u00a0Bispo de Ajaccio (Fran\u00e7a)<br \/>\n17 \u2013 Dom Am\u00e9rico Manuel ALVES AGUIAR,\u00a0Bispo auxiliar de Lisboa (Portugal)<br \/>\n18 \u2013 Rvdo. \u00c1ngel FERN\u00c1NDEZ ARTIME, s.d.b.,\u00a0Reitor-Mor dos Salesianos.<\/p>\n<p style=\"text-align: justify;\">Juntamente com eles unirei aos membros do Col\u00e9gio Cardinal\u00edcio dois arcebispos e um religioso que se distinguiram pelo servi\u00e7o \u00e0 Igreja:<\/p>\n<p style=\"text-align: justify;\">19 \u2013 Dom Agostino MARCHETTO (It\u00e1lia),\u00a0N\u00fancio Apost\u00f3lico<br \/>\n20 \u2013 Dom Diego Rafael PADR\u00d3N S\u00c1NCHEZ,\u00a0Arcebispo em\u00e9rito de Cuman\u00e1 (Venezuela)<br \/>\n21 \u2013\u00a0 Pe. Luis Pascual DRI, OFM Cap., confessor no Santu\u00e1rio de Nossa Senhora de Pompeia, Buenos Aires (Argentina)<\/p>\n<p style=\"text-align: justify;\">Rezemos pelos novos cardeais, para que, confirmando a sua ades\u00e3o a Cristo, Sumo Sacerdote misericordioso e fiel (cf. Hb 2, 17), me ajudem no meu minist\u00e9rio de Bispo de Roma para o bem de todo o Santo Povo fiel de Deus.\u201d<\/p>\n<h2 style=\"text-align: justify;\">Dom Am\u00e9rico Manuel ALVES AGUIAR, bispo auxiliar de Lisboa<\/h2>\n<p style=\"text-align: justify;\">Dom Am\u00e9rico Alvez Aguiar Nasceu em 12 de dezembro de 1973 em Le\u00e7a do Balio, Matosinhos. Em 1995 ingressou no Semin\u00e1rio Maior do Porto; Concluiu os seus estudos acad\u00eamicos na Universidade Cat\u00f3lica: primeiro Teologia (Porto) e depois um Mestrado em Ci\u00eancias da Comunica\u00e7\u00e3o (Lisboa);<\/p>\n<p style=\"text-align: justify;\">Em 2001 foi ordenado sacerdote por Dom Armindo Lopes Coelho;<br \/>\n2001\/2002 \u2013 p\u00e1roco de S. Pedro de Azevedo, Campanh\u00e3;<br \/>\n2001\/2004 \u2013 Tabeli\u00e3o na C\u00faria Diocesana;<br \/>\n2002\/2015 \u2013 Respons\u00e1vel pelo Escrit\u00f3rio de Informa\u00e7\u00e3o\/Comunica\u00e7\u00e3o;<br \/>\n2002\/2008 \u2013 Assistente Regional do Corpo Nacional de Escoteiros;<br \/>\n2004\/2015 \u2013 Vig\u00e1rio Geral, Chefe de Gabinete dos Bispos do Porto e Capel\u00e3o da C\u00faria Diocesana. e Capel\u00e3o-Mor da Miseric\u00f3rdia do Porto;<br \/>\n2007\/2015 \u2013 Vice-Reitor do Santu\u00e1rio Diocesano de Santa Rita (Ermesinde);<br \/>\n2014\/2015 \u2013 P\u00e1roco in solidum da Catedral;<\/p>\n<p style=\"text-align: justify;\">Foi membro do Cabido Portucalense de 2017 a fevereiro de 2019;<br \/>\nFoi Diretor da Secretaria Nacional de Comunica\u00e7\u00e3o Social de 7 de abril de 2016 a 1\u00ba de maio de 2019;<br \/>\nNomeado pelo Papa Francisco bispo auxiliar de Lisboa a 1 de mar\u00e7o de 2019. Ordenado bispo titular de Dagno a 31 de mar\u00e7o de 2019, na Igreja da Trindade, Porto; \u00c9 Presidente da Funda\u00e7\u00e3o JMJ Lisboa 2023. \u00c9 Diretor do Departamento de Comunica\u00e7\u00e3o do Patriarcado de Lisboa.<\/p>\n<p style=\"text-align: justify;\">Em 2022, Dom Am\u00e9rico esteve no Brasil para divulgar a Jornada Mundial da Juventude em Lisboa, que acontecer\u00e1 no pr\u00f3ximo m\u00eas de agosto:<\/p>\n<div class=\"ast-oembed-container\"><iframe loading=\"lazy\" title=\"Convite Dom Am\u00e9rico - Cristo Redentor\" src=\"https:\/\/www.youtube.com\/embed\/FAVjxaq5hZE?feature=oembed\" width=\"1200\" height=\"675\" frameborder=\"0\" allowfullscreen=\"allowfullscreen\" data-mce-fragment=\"1\"><\/iframe><\/div>\n<p>&nbsp;<\/p>\n<p>Com informa\u00e7\u00f5es do<a href=\"https:\/\/www.vaticannews.va\/pt\/papa\/news\/2023-07\/papa-francisco-angelus-consistorio-setembro-novos-cardeais.html\" target=\"_blank\" rel=\"noopener\">\u00a0Vatican News<\/a><\/p>\n","protected":false},"excerpt":{"rendered":"<p>Ap\u00f3s rezar o\u00a0Angelus,\u00a0o Papa Francisco anunciou para setembro a realiza\u00e7\u00e3o de um Consist\u00f3rio para a cria\u00e7\u00e3o de novos cardeais, o nono de seu Pontificado. O primeiro foi em 22 de fevereiro de 2014, seguiu-se o de 14 de fevereiro de 2015; 19 de novembro de 2016; 28 de junho de 2017; 28 de junho de [&hellip;]<\/p>\n","protected":false},"author":1,"featured_media":82814,"comment_status":"open","ping_status":"closed","sticky":false,"template":"","format":"standard","meta":{"footnotes":""},"categories":[7],"tags":[],"class_list":["post-82813","post","type-post","status-publish","format-standard","has-post-thumbnail","hentry","category-cnbb"],"_links":{"self":[{"href":"https:\/\/catolicanet.net\/wp-cnet\/wp-json\/wp\/v2\/posts\/82813","targetHints":{"allow":["GET"]}}],"collection":[{"href":"https:\/\/catolicanet.net\/wp-cnet\/wp-json\/wp\/v2\/posts"}],"about":[{"href":"https:\/\/catolicanet.net\/wp-cnet\/wp-json\/wp\/v2\/types\/post"}],"author":[{"embeddable":true,"href":"https:\/\/catolicanet.net\/wp-cnet\/wp-json\/wp\/v2\/users\/1"}],"replies":[{"embeddable":true,"href":"https:\/\/catolicanet.net\/wp-cnet\/wp-json\/wp\/v2\/comments?post=82813"}],"version-history":[{"count":1,"href":"https:\/\/catolicanet.net\/wp-cnet\/wp-json\/wp\/v2\/posts\/82813\/revisions"}],"predecessor-version":[{"id":82815,"href":"https:\/\/catolicanet.net\/wp-cnet\/wp-json\/wp\/v2\/posts\/82813\/revisions\/82815"}],"wp:featuredmedia":[{"embeddable":true,"href":"https:\/\/catolicanet.net\/wp-cnet\/wp-json\/wp\/v2\/media\/82814"}],"wp:attachment":[{"href":"https:\/\/catolicanet.net\/wp-cnet\/wp-json\/wp\/v2\/media?parent=82813"}],"wp:term":[{"taxonomy":"category","embeddable":true,"href":"https:\/\/catolicanet.net\/wp-cnet\/wp-json\/wp\/v2\/categories?post=82813"},{"taxonomy":"post_tag","embeddable":true,"href":"https:\/\/catolicanet.net\/wp-cnet\/wp-json\/wp\/v2\/tags?post=82813"}],"curies":[{"name":"wp","href":"https:\/\/api.w.org\/{rel}","templated":true}]}}