{"id":82803,"date":"2023-07-10T10:54:48","date_gmt":"2023-07-10T13:54:48","guid":{"rendered":"https:\/\/catolicanet.net\/wp-cnet\/?p=82803"},"modified":"2023-07-10T11:57:20","modified_gmt":"2023-07-10T14:57:20","slug":"pizzaballa-a-purpura-um-convite-a-reconciliacao-na-terra-santa","status":"publish","type":"post","link":"https:\/\/catolicanet.net\/wp-cnet\/pizzaballa-a-purpura-um-convite-a-reconciliacao-na-terra-santa\/","title":{"rendered":"Pizzaballa: a p\u00farpura, um convite \u00e0 reconcilia\u00e7\u00e3o na Terra Santa"},"content":{"rendered":"<div class=\"mediaContent__inner \">\n<figure class=\"article__image\"><span class=\"didascalia_img\">O Patriarca Latino de Jerusal\u00e9m, dom Pizzaballa, celebrando a Missa de P\u00e1scoa (AFP or licensors)<\/span><\/figure>\n<\/div>\n<article class=\"article \">\n<div class=\"article__meta videoInside\" data-mediatype=\"foto\">\n<div class=\"article__subTitle\" style=\"text-align: justify;\">Uma not\u00edcia inesperada, mas tamb\u00e9m um est\u00edmulo para o di\u00e1logo e o encontro. Este \u00e9 pensamento do Patriarca Latino de Jerusal\u00e9m ap\u00f3s o an\u00fancio do Papa Francisco este domingo, 9 de julho, no final da ora\u00e7\u00e3o mariana, de sua nomea\u00e7\u00e3o como cardeal<\/div>\n<div class=\"title__separator\" style=\"text-align: justify;\"><\/div>\n<div class=\"article__text\" style=\"text-align: justify;\">\n<p><b>Benedetta Capelli\/Raimundo de Lima \u2013 Vatican News<\/b><\/p>\n<div>\n<div class=\"article__embed article__embed--unwrap article__embed--dark\">\n<div class=\"article__innerTitle\">Ou\u00e7a a reportagem e compartilhe<\/div>\n<\/div>\n<\/div>\n<\/div>\n<\/div>\n<\/article>\n<div style=\"text-align: justify;\">\n<!--[if lt IE 9]><script>document.createElement('audio');<\/script><![endif]-->\n<audio class=\"wp-audio-shortcode\" id=\"audio-82803-1\" preload=\"none\" style=\"width: 100%;\" controls=\"controls\"><source type=\"audio\/mpeg\" src=\"https:\/\/media.vaticannews.va\/media\/audio\/s1\/2023\/07\/10\/12\/137213415_F137213415.mp3?_=1\" \/><a href=\"https:\/\/media.vaticannews.va\/media\/audio\/s1\/2023\/07\/10\/12\/137213415_F137213415.mp3\">https:\/\/media.vaticannews.va\/media\/audio\/s1\/2023\/07\/10\/12\/137213415_F137213415.mp3<\/a><\/audio>\n<\/div>\n<div style=\"text-align: justify;\"><\/div>\n<article class=\"article \">\n<div class=\"article__meta videoInside\" data-mediatype=\"foto\">\n<div class=\"article__text\">\n<p style=\"text-align: justify;\">No estilo do Papa Francisco, os futuros cardeais foram pegos de surpresa pela lista lida no final do Angelus, este domingo, 9 de julho. Vinte e uma novas p\u00farpuras, 18 eleitores e tr\u00eas com mais de 80 anos, souberam que haviam sido chamados para um servi\u00e7o exigente na Igreja. Em 30 de setembro pr\u00f3ximo se realizar\u00e1 o Consist\u00f3rio ordin\u00e1rio para a cria\u00e7\u00e3o dos novos porpurados, cuja proveni\u00eancia, explicou o Papa, expressar\u00e1 a universalidade da Igreja.<\/p>\n<h2 style=\"text-align: justify;\">A Igreja-m\u00e3e de Jerusal\u00e9m<\/h2>\n<p style=\"text-align: justify;\">Quem tamb\u00e9m se surpreendeu foi\u00a0<b>Sua Beatitude Pierbattista Pizzaballa<\/b>, Patriarca Latino de Jerusal\u00e9m desde 24 de outubro de 2020. Contatado pelo Vatican News, ele fala de &#8220;uma grande surpresa&#8221;, mas no gesto do Papa ele v\u00ea &#8220;um sinal de aten\u00e7\u00e3o da Igreja de Roma para com a Igreja-m\u00e3e, a Igreja de Jerusal\u00e9m&#8221;.<\/p>\n<h2 style=\"text-align: justify;\">Testemunho do Patriarca Pizzaballa<\/h2>\n<p style=\"text-align: justify;\">Pizzaballa enfatiza que essa Igreja em particular tem &#8220;a voca\u00e7\u00e3o para a universalidade, para o di\u00e1logo, para o encontro&#8221;, mas tamb\u00e9m tem &#8220;a miss\u00e3o de chamar todos os crist\u00e3os e n\u00e3o crist\u00e3os, acima de tudo, para a reconcilia\u00e7\u00e3o&#8221;. A p\u00farpura \u00e9, portanto, para Pizzaballa, &#8220;um convite para continuar nesse caminho&#8221;.<\/p>\n<h2 style=\"text-align: justify;\">Uma ora\u00e7\u00e3o de a\u00e7\u00e3o de gra\u00e7as<\/h2>\n<p style=\"text-align: justify;\">Ap\u00f3s o an\u00fancio do Papa, os frades se reuniram no Santo Sepulcro para um Te deum de a\u00e7\u00e3o de gra\u00e7as.<\/p>\n<div style=\"text-align: justify;\">\n<div class=\"article__embed article__embed--unwrap article__embed--dark\">\n<div class=\"article__innerTitle\">A a\u00e7\u00e3o de gra\u00e7as no Santo Sepulcro<\/div>\n<div><\/div>\n<\/div>\n<\/div>\n<p style=\"text-align: justify;\">As palavras do Patriarca foram proferidas ap\u00f3s dias de s\u00e9rias tens\u00f5es por causa da viol\u00eancia que eclodiu em Jenin depois de uma opera\u00e7\u00e3o militar israelense, com cerca de tr\u00eas mil palestinos fugindo do campo de refugiados no norte da Cisjord\u00e2nia, e com numerosas v\u00edtimas. Uma tens\u00e3o tamb\u00e9m recordada este domingo pelo Papa, que pediu a retomada do di\u00e1logo e a abertura de caminhos de reconcilia\u00e7\u00e3o e de paz.<\/p>\n<h2 style=\"text-align: justify;\">Franciscano na Terra Santa<\/h2>\n<p style=\"text-align: justify;\">Sua Beatitude Pierbattista Pizzaballa, 58 anos, nasceu em Cologno al Serio, na prov\u00edncia de Bergamo &#8211; norte da It\u00e1lia -, em 21 de abril de 1965. Aos 24 anos de idade, fez sua profiss\u00e3o solene na Igreja de Santo Ant\u00f4nio, em Bolonha, e foi ordenado sacerdote no ano seguinte. Al\u00e9m do italiano, ele sabe hebraico moderno e ingl\u00eas. Em 1995, editou o Missal Romano em hebraico e traduziu v\u00e1rios textos lit\u00fargicos em hebraico para as Comunidades cat\u00f3licas em Israel. Em 2 de julho de 1999, ele entrou formalmente para o servi\u00e7o da Cust\u00f3dia da Terra Santa. Ap\u00f3s v\u00e1rios encargos, em 24 de outubro de 2020, o Papa Francisco o nomeou Patriarca Latino de Jerusal\u00e9m.<\/p>\n<\/div>\n<\/div>\n<\/article>\n","protected":false},"excerpt":{"rendered":"<p>O Patriarca Latino de Jerusal\u00e9m, dom Pizzaballa, celebrando a Missa de P\u00e1scoa (AFP or licensors) Uma not\u00edcia inesperada, mas tamb\u00e9m um est\u00edmulo para o di\u00e1logo e o encontro. Este \u00e9 pensamento do Patriarca Latino de Jerusal\u00e9m ap\u00f3s o an\u00fancio do Papa Francisco este domingo, 9 de julho, no final da ora\u00e7\u00e3o mariana, de sua nomea\u00e7\u00e3o [&hellip;]<\/p>\n","protected":false},"author":1,"featured_media":82804,"comment_status":"open","ping_status":"closed","sticky":false,"template":"","format":"standard","meta":{"footnotes":""},"categories":[3],"tags":[],"class_list":["post-82803","post","type-post","status-publish","format-standard","has-post-thumbnail","hentry","category-vaticano"],"_links":{"self":[{"href":"https:\/\/catolicanet.net\/wp-cnet\/wp-json\/wp\/v2\/posts\/82803","targetHints":{"allow":["GET"]}}],"collection":[{"href":"https:\/\/catolicanet.net\/wp-cnet\/wp-json\/wp\/v2\/posts"}],"about":[{"href":"https:\/\/catolicanet.net\/wp-cnet\/wp-json\/wp\/v2\/types\/post"}],"author":[{"embeddable":true,"href":"https:\/\/catolicanet.net\/wp-cnet\/wp-json\/wp\/v2\/users\/1"}],"replies":[{"embeddable":true,"href":"https:\/\/catolicanet.net\/wp-cnet\/wp-json\/wp\/v2\/comments?post=82803"}],"version-history":[{"count":1,"href":"https:\/\/catolicanet.net\/wp-cnet\/wp-json\/wp\/v2\/posts\/82803\/revisions"}],"predecessor-version":[{"id":82805,"href":"https:\/\/catolicanet.net\/wp-cnet\/wp-json\/wp\/v2\/posts\/82803\/revisions\/82805"}],"wp:featuredmedia":[{"embeddable":true,"href":"https:\/\/catolicanet.net\/wp-cnet\/wp-json\/wp\/v2\/media\/82804"}],"wp:attachment":[{"href":"https:\/\/catolicanet.net\/wp-cnet\/wp-json\/wp\/v2\/media?parent=82803"}],"wp:term":[{"taxonomy":"category","embeddable":true,"href":"https:\/\/catolicanet.net\/wp-cnet\/wp-json\/wp\/v2\/categories?post=82803"},{"taxonomy":"post_tag","embeddable":true,"href":"https:\/\/catolicanet.net\/wp-cnet\/wp-json\/wp\/v2\/tags?post=82803"}],"curies":[{"name":"wp","href":"https:\/\/api.w.org\/{rel}","templated":true}]}}