{"id":82796,"date":"2023-07-06T11:42:18","date_gmt":"2023-07-06T14:42:18","guid":{"rendered":"https:\/\/catolicanet.net\/wp-cnet\/?p=82796"},"modified":"2023-07-10T11:43:16","modified_gmt":"2023-07-10T14:43:16","slug":"manso-e-humilde-de-coracao-2","status":"publish","type":"post","link":"https:\/\/catolicanet.net\/wp-cnet\/manso-e-humilde-de-coracao-2\/","title":{"rendered":"Manso e humilde de cora\u00e7\u00e3o"},"content":{"rendered":"<p style=\"text-align: justify;\">Jesus reza louvando o \u201cPai, Senhor do c\u00e9u e da terra\u201d, porque aos pequeninos foram revelados os mist\u00e9rios divinos. A seguir faz um convite: \u201cVinde a mim todos v\u00f3s que estais cansados e fatigados sob o peso dos vossos fardos, e eu vos darei descanso. Tomais sobre v\u00f3s o meu jugo e aprendei de mim, porque sou manso e humilde de cora\u00e7\u00e3o, e v\u00f3s encontrareis descanso. Pois o meu jugo \u00e9 suave e o meu fardo \u00e9 leve\u201d. A liturgia dominical (Mateus 11, 25-30, Zacarias 9,9-10, Salmo 144 e Romanos 8,9.11-13) revela um rosto divino que \u00e9 humilde de cora\u00e7\u00e3o, justo, salvador e manso.<\/p>\n<p style=\"text-align: justify;\">Vivemos num tempo em que tudo deve ser excepcional, extraordin\u00e1rio, grandioso, super, hiper, mega, nota mil, entrar no <em>guinness. <\/em>Da parte de Deus tamb\u00e9m se espera a\u00e7\u00f5es milagrosas, interven\u00e7\u00f5es impactantes. Parece que se tem medo das coisas normais, simples e humildes. Os textos b\u00edblicos nos convidam a valorizar, redescobrir e propagar que a simplicidade, a humildade \u00e9 algo belo e bom. Simplicidade n\u00e3o \u00e9 ser simplista, mas ser capaz de reconduzir as m\u00faltiplas coisas ao que \u00e9 essencial, pois isto fundamenta a vida.<\/p>\n<p style=\"text-align: justify;\">A ora\u00e7\u00e3o de Jesus se volta ao \u201cPai, Senhor do c\u00e9u e da terra\u201d. Uma ora\u00e7\u00e3o de louvor porque os \u201cpequeninos\u201d e n\u00e3o os \u201cs\u00e1bios e entendidos\u201d foram os destinat\u00e1rios das \u201ccoisas\u201d de Deus. O primeiro ensinamento de Jesus \u00e9 tornar-nos capazes de louvar. O que \u00e9 louvar a Deus? \u201cO louvor \u00e9 a forma de ora\u00e7\u00e3o que reconhece o mais imediatamente poss\u00edvel que Deus \u00e9 Deus! Canta-o pelo que ele mesmo \u00e9, lhe d\u00e1 gl\u00f3ria, por aquilo que Ele \u00e9 mais do que por aquilo que ele faz. Participa da bem-aventuran\u00e7a dos cora\u00e7\u00f5es puros que o amam na f\u00e9 antes de o verem na gl\u00f3ria. Por ela, o Esp\u00edrito se associa a nosso esp\u00edrito para atestar que somos filhos de Deus, dando testemunho ao Filho \u00fanico, em quem somos adotados e por quem glorificamos o Pai. O louvor integra as outras formas de ora\u00e7\u00e3o e as leva \u00e0quele que \u00e9 a sua fonte e seu t\u00e9rmino: \u201cexiste um s\u00f3 Deus, o Pai, do qual vem todos os seres e para ao qual n\u00f3s existimos \u201c(1 Cor 8,6) (Catecismo da Igreja Cat\u00f3lica, n.2639). Portanto, a ora\u00e7\u00e3o de louvor \u00e9 totalmente desinteressada, dirige-se a Deus, o canta por ele mesmo, lhe d\u00e1 gl\u00f3ria por aquilo que Ele \u00e9, mais do que pelo que Ele faz.<\/p>\n<p style=\"text-align: justify;\">O convite de Jesus se dirige aos \u201ccansados e fatigados sob o peso dos fardos\u201d. As causas da fadiga e do cansa\u00e7o s\u00e3o as mais variadas. Uma multid\u00e3o n\u00e3o tem as condi\u00e7\u00f5es para satisfazer as necessidades b\u00e1sicas: alimento, sa\u00fade, casa. H\u00e1 muitos refugiados e migrantes a procura de um lugar mais digno. Outros t\u00eam as condi\u00e7\u00f5es materiais ou at\u00e9 demais, mas vivem insatisfeitos e uma vida sem sentido. A todos se dirige o convite de Jesus: \u201cVinde a mim, todos v\u00f3s &#8230;.\u201d.<\/p>\n<p style=\"text-align: justify;\">Jesus promete dar a todos \u201cal\u00edvio\u2019, mas sob uma condi\u00e7\u00e3o. \u201cTomai sobre v\u00f3s o meu jugo e aprendei de mim, porque sou manso e humilde de cora\u00e7\u00e3o\u201d. O que \u00e9 o \u201cjugo\u201d, que em vez de pesar alivia, e em vez de esmagar conforta? O \u201cjugo\u201d de Cristo \u00e9 a Lei do AMOR, \u00e9 o seu mandamento deixado para os disc\u00edpulos e para todos os seguidores. \u00c9 o seu modo de agir, de se relacionar, de se posicionar diante das m\u00faltiplas situa\u00e7\u00f5es vitais. Quando se coloca um jugo ou uma canga num animal \u00e9 para permitir que possa potencializar a sua for\u00e7a e realizar a tarefa com menos dor e sofrimento. \u00c9 um aux\u00edlio necess\u00e1rio.<\/p>\n<p style=\"text-align: justify;\">Amar \u00e9 um \u201cjugo\u201d porque \u00e9 o verdadeiro rem\u00e9dio para as feridas da humanidade, quer materiais, como a fome e as injusti\u00e7as, quer para dar um sentido para a vida, quer para os problemas \u00e9ticos por dar um par\u00e2metro. Para o crist\u00e3o a fonte do amor \u00e9 Deus. Jesus pede para aceitar o jugo do amor que faz a pessoa humilde, simples e \u201cter um cora\u00e7\u00e3o semelhante ao do Senhor\u201d, como se reza na Ladainha do Sagrado Cora\u00e7\u00e3o de Jesus.<\/p>\n","protected":false},"excerpt":{"rendered":"<p>Jesus reza louvando o \u201cPai, Senhor do c\u00e9u e da terra\u201d, porque aos pequeninos foram revelados os mist\u00e9rios divinos. A seguir faz um convite: \u201cVinde a mim todos v\u00f3s que estais cansados e fatigados sob o peso dos vossos fardos, e eu vos darei descanso. Tomais sobre v\u00f3s o meu jugo e aprendei de mim, [&hellip;]<\/p>\n","protected":false},"author":18,"featured_media":55821,"comment_status":"open","ping_status":"closed","sticky":false,"template":"","format":"standard","meta":{"footnotes":""},"categories":[9],"tags":[],"class_list":["post-82796","post","type-post","status-publish","format-standard","has-post-thumbnail","hentry","category-artigos"],"_links":{"self":[{"href":"https:\/\/catolicanet.net\/wp-cnet\/wp-json\/wp\/v2\/posts\/82796","targetHints":{"allow":["GET"]}}],"collection":[{"href":"https:\/\/catolicanet.net\/wp-cnet\/wp-json\/wp\/v2\/posts"}],"about":[{"href":"https:\/\/catolicanet.net\/wp-cnet\/wp-json\/wp\/v2\/types\/post"}],"author":[{"embeddable":true,"href":"https:\/\/catolicanet.net\/wp-cnet\/wp-json\/wp\/v2\/users\/18"}],"replies":[{"embeddable":true,"href":"https:\/\/catolicanet.net\/wp-cnet\/wp-json\/wp\/v2\/comments?post=82796"}],"version-history":[{"count":1,"href":"https:\/\/catolicanet.net\/wp-cnet\/wp-json\/wp\/v2\/posts\/82796\/revisions"}],"predecessor-version":[{"id":82797,"href":"https:\/\/catolicanet.net\/wp-cnet\/wp-json\/wp\/v2\/posts\/82796\/revisions\/82797"}],"wp:featuredmedia":[{"embeddable":true,"href":"https:\/\/catolicanet.net\/wp-cnet\/wp-json\/wp\/v2\/media\/55821"}],"wp:attachment":[{"href":"https:\/\/catolicanet.net\/wp-cnet\/wp-json\/wp\/v2\/media?parent=82796"}],"wp:term":[{"taxonomy":"category","embeddable":true,"href":"https:\/\/catolicanet.net\/wp-cnet\/wp-json\/wp\/v2\/categories?post=82796"},{"taxonomy":"post_tag","embeddable":true,"href":"https:\/\/catolicanet.net\/wp-cnet\/wp-json\/wp\/v2\/tags?post=82796"}],"curies":[{"name":"wp","href":"https:\/\/api.w.org\/{rel}","templated":true}]}}