{"id":82788,"date":"2023-07-07T09:29:23","date_gmt":"2023-07-07T12:29:23","guid":{"rendered":"https:\/\/catolicanet.net\/wp-cnet\/?p=82788"},"modified":"2023-07-10T11:36:03","modified_gmt":"2023-07-10T14:36:03","slug":"domingo-do-mar","status":"publish","type":"post","link":"https:\/\/catolicanet.net\/wp-cnet\/domingo-do-mar\/","title":{"rendered":"Domingo do Mar"},"content":{"rendered":"<p style=\"text-align: justify;\">Neste segundo domingo de julho, as comunidades crist\u00e3s celebrar\u00e3o o Domingo do Mar. Nessa ocasi\u00e3o anual, recordamos e honramos aqueles que se dedicam ao servi\u00e7o em diversos lugares, incluindo marinheiros, pescadores, capel\u00e3es e volunt\u00e1rios da Stella Maris, o minist\u00e9rio mar\u00edtimo da Igreja Cat\u00f3lica, que generosamente oferecem seu apoio.<\/p>\n<p style=\"text-align: justify;\">A comemora\u00e7\u00e3o nasceu em 1975, na Inglaterra, por iniciativa do Apostolado do Mar, da Miss\u00e3o aos Mar\u00edtimos e da Sociedade de Marinheiros, para depois assumir uma dimens\u00e3o internacional e ecum\u00eanica.<\/p>\n<p style=\"text-align: justify;\">\u00c9 uma data que nos leva a refletir sobre a imensid\u00e3o dos oceanos e a import\u00e2ncia espiritual que eles representam em nossas vidas. Os mares, presentes em todo o mundo, s\u00e3o uma cria\u00e7\u00e3o magn\u00edfica de Deus, que nos convida a contemplar Sua grandeza e nos lembrar de nossa responsabilidade como administradores da cria\u00e7\u00e3o.<\/p>\n<p style=\"text-align: justify;\">Os oceanos t\u00eam sido uma fonte de inspira\u00e7\u00e3o, maravilha e sustento para a humanidade desde os tempos antigos. Eles nos fornecem alimento, transporte, recursos naturais e s\u00e3o fundamentais para o equil\u00edbrio ecol\u00f3gico do nosso planeta. Mas, al\u00e9m de sua import\u00e2ncia pr\u00e1tica, os mares t\u00eam um significado espiritual profundo.<\/p>\n<p style=\"text-align: justify;\">Ao olhar para o vasto oceano, somos confrontados com a grandiosidade e a majestade de Deus. \u00c9 uma lembran\u00e7a de que, apesar de nossas limita\u00e7\u00f5es humanas, h\u00e1 um poder infinito que governa os elementos e que nos chama a uma vida de f\u00e9 e confian\u00e7a. Como os disc\u00edpulos que estavam com Jesus em um barco no meio de uma tempestade, somos convidados a colocar nossa confian\u00e7a em Deus, sabendo que Ele est\u00e1 sempre conosco, mesmo nos momentos de dificuldade.<\/p>\n<p style=\"text-align: justify;\">O mar tamb\u00e9m nos convida \u00e0 humildade. Diante de sua vastid\u00e3o e imprevisibilidade, percebemos qu\u00e3o pequenos somos em compara\u00e7\u00e3o com a cria\u00e7\u00e3o divina. Somos lembrados de que somos parte de um todo maior, interconectados com toda a vida na Terra. A humildade nos ensina a respeitar e cuidar dos oceanos, reconhecendo que nossas a\u00e7\u00f5es individuais t\u00eam impacto direto na sa\u00fade e preserva\u00e7\u00e3o desses preciosos ecossistemas.<\/p>\n<p style=\"text-align: justify;\">Al\u00e9m disso, o mar \u00e9 um s\u00edmbolo de esperan\u00e7a e renova\u00e7\u00e3o. Ele representa a oportunidade de recome\u00e7o, de deixar para tr\u00e1s o que nos prende e abrir caminho para um futuro melhor. Assim como as \u00e1guas do batismo nos purificam e nos trazem uma nova vida em Cristo, os oceanos nos convidam a buscar a renova\u00e7\u00e3o espiritual, a deixar para tr\u00e1s os pecados e as falhas do passado e a avan\u00e7ar com esperan\u00e7a em dire\u00e7\u00e3o ao chamado de Deus para n\u00f3s.<\/p>\n<p style=\"text-align: justify;\">Neste Domingo do Mar, somos desafiados a reconhecer a interliga\u00e7\u00e3o entre nossa f\u00e9 e a preserva\u00e7\u00e3o da cria\u00e7\u00e3o. A responsabilidade de cuidar dos oceanos e de toda a vida marinha \u00e9 um chamado para todos n\u00f3s, crist\u00e3os. Devemos ser conscientes de nossas a\u00e7\u00f5es e escolhas di\u00e1rias, procurando viver de acordo com os princ\u00edpios da justi\u00e7a e sustentabilidade.<\/p>\n<p style=\"text-align: justify;\">Que este dia seja um momento para orar pelos pescadores e suas fam\u00edlias, que enfrentam desafios e incertezas em sua labuta di\u00e1ria no mar. Que rezemos para que encontrem seguran\u00e7a, prote\u00e7\u00e3o e uma pesca abundante, sempre agindo em harmonia com a natureza. Que tamb\u00e9m possamos rezar pela preserva\u00e7\u00e3o dos oceanos, para que as futuras gera\u00e7\u00f5es possam desfrutar da beleza e dos recursos que eles nos oferecem.<\/p>\n<p style=\"text-align: justify;\">Portanto, pe\u00e7amos a Deus, neste Domingo do Mar, que nos aben\u00e7oe e nos guie em nossa miss\u00e3o de sermos bons administradores da cria\u00e7\u00e3o. Que nos conceda sabedoria para tomar decis\u00f5es respons\u00e1veis e sustent\u00e1veis em rela\u00e7\u00e3o aos recursos marinhos. Que nos inspire a buscar solu\u00e7\u00f5es inovadoras para enfrentar os desafios ambientais que amea\u00e7am os oceanos.<\/p>\n<p style=\"text-align: justify;\">Que possamos agir com amor e respeito pela cria\u00e7\u00e3o divina, reconhecendo que somos todos interdependentes. Que nossas a\u00e7\u00f5es di\u00e1rias reflitam nosso compromisso de cuidar dos mares e de toda a vida que neles habita.<\/p>\n<p style=\"text-align: justify;\">Neste Domingo do Mar, lembremo-nos de que estamos todos navegando neste barco chamado vida, enfrentando as tempestades e desafios que surgem em nosso caminho. Mas n\u00e3o estamos sozinhos. Assim como Jesus acalmou as ondas turbulentas do mar, Ele tamb\u00e9m est\u00e1 presente em nossas vidas, guiando-nos e nos fortalecendo.<\/p>\n<p style=\"text-align: justify;\">Que este Domingo do Mar seja um momento de renova\u00e7\u00e3o espiritual e um chamado para uma a\u00e7\u00e3o concreta em rela\u00e7\u00e3o aos cuidados com os oceanos. Que possamos ser instrumentos da paz, justi\u00e7a e sustentabilidade em todas as \u00e1reas da nossa vida. Que nossa f\u00e9 seja traduzida em a\u00e7\u00f5es que preservem e protejam os mares para as gera\u00e7\u00f5es futuras.<\/p>\n<p style=\"text-align: justify;\">Que Deus aben\u00e7oe todos os navegadores, pescadores e todos aqueles que dependem dos mares para sobreviver. Que Ele nos conceda a gra\u00e7a de sermos bons administradores da cria\u00e7\u00e3o e nos guie em nosso compromisso cont\u00ednuo de preservar e proteger os oceanos.<\/p>\n<p style=\"text-align: justify;\">Que este Domingo do Mar nos inspire a uma maior consci\u00eancia ambiental e a uma vida de amor e respeito por toda a cria\u00e7\u00e3o de Deus.<\/p>\n<p style=\"text-align: justify;\">Sauda\u00e7\u00f5es em Cristo!<\/p>\n","protected":false},"excerpt":{"rendered":"<p>Neste segundo domingo de julho, as comunidades crist\u00e3s celebrar\u00e3o o Domingo do Mar. Nessa ocasi\u00e3o anual, recordamos e honramos aqueles que se dedicam ao servi\u00e7o em diversos lugares, incluindo marinheiros, pescadores, capel\u00e3es e volunt\u00e1rios da Stella Maris, o minist\u00e9rio mar\u00edtimo da Igreja Cat\u00f3lica, que generosamente oferecem seu apoio. A comemora\u00e7\u00e3o nasceu em 1975, na Inglaterra, [&hellip;]<\/p>\n","protected":false},"author":10,"featured_media":55817,"comment_status":"open","ping_status":"closed","sticky":false,"template":"","format":"standard","meta":{"footnotes":""},"categories":[9],"tags":[],"class_list":["post-82788","post","type-post","status-publish","format-standard","has-post-thumbnail","hentry","category-artigos"],"_links":{"self":[{"href":"https:\/\/catolicanet.net\/wp-cnet\/wp-json\/wp\/v2\/posts\/82788","targetHints":{"allow":["GET"]}}],"collection":[{"href":"https:\/\/catolicanet.net\/wp-cnet\/wp-json\/wp\/v2\/posts"}],"about":[{"href":"https:\/\/catolicanet.net\/wp-cnet\/wp-json\/wp\/v2\/types\/post"}],"author":[{"embeddable":true,"href":"https:\/\/catolicanet.net\/wp-cnet\/wp-json\/wp\/v2\/users\/10"}],"replies":[{"embeddable":true,"href":"https:\/\/catolicanet.net\/wp-cnet\/wp-json\/wp\/v2\/comments?post=82788"}],"version-history":[{"count":1,"href":"https:\/\/catolicanet.net\/wp-cnet\/wp-json\/wp\/v2\/posts\/82788\/revisions"}],"predecessor-version":[{"id":82789,"href":"https:\/\/catolicanet.net\/wp-cnet\/wp-json\/wp\/v2\/posts\/82788\/revisions\/82789"}],"wp:featuredmedia":[{"embeddable":true,"href":"https:\/\/catolicanet.net\/wp-cnet\/wp-json\/wp\/v2\/media\/55817"}],"wp:attachment":[{"href":"https:\/\/catolicanet.net\/wp-cnet\/wp-json\/wp\/v2\/media?parent=82788"}],"wp:term":[{"taxonomy":"category","embeddable":true,"href":"https:\/\/catolicanet.net\/wp-cnet\/wp-json\/wp\/v2\/categories?post=82788"},{"taxonomy":"post_tag","embeddable":true,"href":"https:\/\/catolicanet.net\/wp-cnet\/wp-json\/wp\/v2\/tags?post=82788"}],"curies":[{"name":"wp","href":"https:\/\/api.w.org\/{rel}","templated":true}]}}