{"id":82730,"date":"2023-07-02T09:47:12","date_gmt":"2023-07-02T12:47:12","guid":{"rendered":"https:\/\/catolicanet.net\/wp-cnet\/?p=82730"},"modified":"2023-07-05T18:48:18","modified_gmt":"2023-07-05T21:48:18","slug":"a-plena-participacao-dos-fieis","status":"publish","type":"post","link":"https:\/\/catolicanet.net\/wp-cnet\/a-plena-participacao-dos-fieis\/","title":{"rendered":"A plena participa\u00e7\u00e3o dos fi\u00e9is"},"content":{"rendered":"<p style=\"text-align: justify;\">Nos dias de hoje, vivemos em uma era digital em constante evolu\u00e7\u00e3o. As redes sociais se tornaram um ambiente em que as pessoas interagem, compartilham experi\u00eancias e cultivam relacionamentos como nunca. No entanto, ao mesmo tempo em que os avan\u00e7os tecnol\u00f3gicos nos permitem essa intera\u00e7\u00e3o, tamb\u00e9m precisamos redescobrir a import\u00e2ncia do encontro humano genu\u00edno, especialmente diante da influ\u00eancia crescente da intelig\u00eancia artificial na comunica\u00e7\u00e3o. Estamos neste tempo de reflex\u00e3o sobre a import\u00e2ncia da presencialidade diante de passos importantes que foram dados como solu\u00e7\u00e3o durante a pandemia, que foram as reuni\u00f5es virtuais. Hoje ainda temos um certo descompasso com a participa\u00e7\u00e3o do nosso povo presencialmente.<\/p>\n<p style=\"text-align: justify;\">Por isso, o Dicast\u00e9rio para a Comunica\u00e7\u00e3o, da Santa S\u00e9, publicou o documento <em>\u201cRumo \u00e0 presen\u00e7a plena. Uma reflex\u00e3o pastoral sobre a participa\u00e7\u00e3o nas redes sociais\u201d,<\/em> que aborda a import\u00e2ncia da plena participa\u00e7\u00e3o dos fi\u00e9is na vida da Igreja. Sua import\u00e2ncia \u00e9 a promo\u00e7\u00e3o de um maior envolvimento e engajamento dos cat\u00f3licos em suas comunidades.<\/p>\n<p style=\"text-align: justify;\">A Igreja tem abordado a realidade digital, reconhecendo que as redes sociais n\u00e3o s\u00e3o apenas instrumentos, mas espa\u00e7os onde a Boa Nova pode ser proclamada. Desde as mensagens anuais para o Dia Mundial das Comunica\u00e7\u00f5es Sociais at\u00e9 os pronunciamentos dos papas Bento XVI e Francisco, a Igreja tem buscado refletir sobre o uso das m\u00eddias digitais e a import\u00e2ncia dos relacionamentos aut\u00eanticos nesses ambientes.<\/p>\n<p style=\"text-align: justify;\">Existem muitos exemplos de participa\u00e7\u00e3o fiel e criativa nas redes sociais por parte de comunidades e indiv\u00edduos que testemunham sua f\u00e9 de maneira abrangente. A pandemia da covid-19 destacou ainda mais o poder da m\u00eddia digital como um instrumento de minist\u00e9rio. Um exemplo marcante foi a ora\u00e7\u00e3o e a mensagem do Papa Francisco transmitidas ao vivo para o mundo inteiro, unindo pessoas em um momento de unidade e comunh\u00e3o, apesar da dist\u00e2ncia f\u00edsica imposta pelo confinamento.<\/p>\n<p style=\"text-align: justify;\">No entanto, ao mesmo tempo em que reconhecemos o potencial positivo das redes sociais, tamb\u00e9m precisamos estar cientes das ciladas que podem surgir nesse ambiente. A desigualdade digital e a desigualdade nas redes sociais s\u00e3o quest\u00f5es urgentes que precisam ser enfrentadas. Nem todos t\u00eam acesso igual \u00e0s tecnologias de comunica\u00e7\u00e3o e informa\u00e7\u00e3o, o que resulta em exclus\u00e3o e marginaliza\u00e7\u00e3o. Al\u00e9m disso, as redes sociais muitas vezes s\u00e3o dominadas por interesses comerciais, transformando os usu\u00e1rios em consumidores e produtos ao mesmo tempo.<\/p>\n<p style=\"text-align: justify;\">Nesse contexto, \u00e9 necess\u00e1rio refletir sobre como os crist\u00e3os devem participar das redes sociais. Devemos buscar relacionamentos pac\u00edficos, significativos e atenciosos, evitando as ciladas que podem minar nossa experi\u00eancia digital. A par\u00e1bola do Bom Samaritano nos lembra da import\u00e2ncia de enxergar o pr\u00f3ximo em todas as situa\u00e7\u00f5es, inclusive no mundo digital. Devemos redescobrir uma \u201cterra prometida\u201d digital, onde valores como transpar\u00eancia, confian\u00e7a e compartilhamento de informa\u00e7\u00f5es possam prevalecer.<\/p>\n<p style=\"text-align: justify;\">O disc\u00edpulo que encontrou o olhar misericordioso de Cristo experimentou algo mais. Ele sabe que a boa comunica\u00e7\u00e3o come\u00e7a com a escuta e a consci\u00eancia de que h\u00e1 uma pessoa diante de mim. Ouvir dessa maneira \u00e9 essencial para envolver os outros e \u00e9 o primeiro passo para uma comunica\u00e7\u00e3o genu\u00edna.<\/p>\n<p style=\"text-align: justify;\">O Evangelho de Lucas n\u00e3o apresenta di\u00e1logo entre os dois homens, mas podemos imaginar que o samaritano tenha perguntado ao homem o que havia acontecido. Mesmo sem palavras, o encontro come\u00e7ou com um gesto de abertura e hospitalidade. A capacidade de ouvir e de estar aberto para receber a hist\u00f3ria do outro impediu que o homem ferido fosse abandonado \u00e0 morte.<\/p>\n<p style=\"text-align: justify;\">Essa intera\u00e7\u00e3o entre os dois homens nos inspira a dar o primeiro passo no mundo digital. Somos convidados a valorizar a dignidade daqueles com quem temos diferen\u00e7as e a olhar al\u00e9m de nossas bolhas e filtros de seguran\u00e7a. Para nos aproximarmos verdadeiramente nas redes sociais, precisamos ser intencionais e come\u00e7ar ouvindo bem, permitindo que a realidade do outro nos toque.<\/p>\n<p style=\"text-align: justify;\">Diante do excesso de est\u00edmulos das redes sociais, o sil\u00eancio se torna um bem precioso, pois permite a concentra\u00e7\u00e3o e o discernimento. O sil\u00eancio nos ajuda a escapar da cultura digital e a nos comprometermos mais profundamente com Deus e com os outros. A escuta emerge do sil\u00eancio e \u00e9 fundamental para cuidar dos outros. Quando realmente escutamos, acolhemos a pessoa, oferecemos hospitalidade e mostramos respeito. A escuta requer humildade, pois reconhecemos a verdade e o valor al\u00e9m de nosso pr\u00f3prio ponto de vista limitado.<\/p>\n<p style=\"text-align: justify;\">Nas escrituras, como nas cartas dos Ap\u00f3stolos, h\u00e1 uma tens\u00e3o entre a presen\u00e7a mediada e o desejo de um encontro pessoal. Embora o contato face a face seja valorizado, a presen\u00e7a por meio de palavras escritas tamb\u00e9m pode ser significativa na forma\u00e7\u00e3o e interliga\u00e7\u00e3o das comunidades. As rela\u00e7\u00f5es estabelecidas nas redes sociais podem fortalecer as par\u00f3quias e comunidades locais, e vice-versa. \u00c9 necess\u00e1rio lembrar que do outro lado da tela existem pessoas reais, com hist\u00f3rias, sonhos, expectativas e sofrimentos.<\/p>\n<p style=\"text-align: justify;\">As redes sociais tamb\u00e9m podem ser vistas como um &#8220;caminho para Jeric\u00f3&#8221;, onde encontramos pessoas em situa\u00e7\u00f5es de vulnerabilidade e podemos agir como o Bom Samaritano, cuidando delas e buscando curar as divis\u00f5es existentes. Ser simplesmente &#8220;crist\u00e3o&#8221; nas redes sociais n\u00e3o \u00e9 suficiente. Muitos perfis ou contas proclamam conte\u00fado religioso, mas n\u00e3o praticam din\u00e2micas relacionais fi\u00e9is. O uso hostil das redes sociais, com palavras violentas e ofensivas, contradiz o pr\u00f3prio Evangelho. Ser um Bom Samaritano nas redes sociais significa agir com compaix\u00e3o, cuidando das feridas das pessoas e trabalhando pela cura e reconcilia\u00e7\u00e3o, mesmo em meio a conflitos e divis\u00f5es.<\/p>\n<p style=\"text-align: justify;\">O Papa Francisco enfatiza que a comunica\u00e7\u00e3o vai al\u00e9m de estrat\u00e9gias e t\u00e9cnicas, \u00e9 uma express\u00e3o do pr\u00f3prio ser, envolvendo a alma, corpo, mente, cora\u00e7\u00e3o e m\u00e3os. O verdadeiro comunicador d\u00e1 o m\u00e1ximo de si, compartilhando o amor e vivenciando um estilo de partilha. O estilo distintivo do comunicador crist\u00e3o reflete as caracter\u00edsticas de Deus: proximidade, compaix\u00e3o e ternura. Jesus estabeleceu o amor como sinal distintivo de seus disc\u00edpulos, e \u00e9 por meio do amor que a comunidade crist\u00e3 pode ser reconhecida. Portanto, o modo como o conte\u00fado \u00e9 comunicado nas redes sociais \u00e9 t\u00e3o importante quanto o pr\u00f3prio conte\u00fado.<\/p>\n<p style=\"text-align: justify;\">No contexto da dissemina\u00e7\u00e3o de not\u00edcias falsas, Jesus Cristo, como o caminho, a verdade e a vida, \u00e9 o princ\u00edpio que orienta a comunh\u00e3o com Deus e entre as pessoas. A obriga\u00e7\u00e3o de preservar a verdade surge da necessidade de reconhecer a comunh\u00e3o m\u00fatua. A comunica\u00e7\u00e3o aut\u00eantica requer a constru\u00e7\u00e3o de comunidades em vez de a\u00e7\u00f5es individuais arbitr\u00e1rias. \u00c9 preciso deixar de lado agendas pessoais e habilidades individuais para colaborar como membros de um corpo.<\/p>\n<p style=\"text-align: justify;\">No mundo fragmentado de hoje, as pessoas buscam lideran\u00e7a moral e espiritual, muitas vezes encontrando-a em influenciadores das redes sociais. Cada crist\u00e3o \u00e9 um micro influenciador e deve estar ciente de sua influ\u00eancia potencial, independentemente do n\u00famero de seguidores. O estilo crist\u00e3o na comunica\u00e7\u00e3o digital deve ser reflexivo, n\u00e3o reativo.<\/p>\n<p style=\"text-align: justify;\">\u00c9 um documento instigante e interessante. Merece nossa reflex\u00e3o e aprofundamento. Vale a pena refletir sobre isso e tomar decis\u00f5es importantes em nosso trabalho pastoral.<\/p>\n<p style=\"text-align: justify;\">Dessa maneira, a comunica\u00e7\u00e3o nos proporciona um vislumbre da uni\u00e3o que tem suas ra\u00edzes na Sant\u00edssima Trindade e \u00e9 a verdadeira \u201cterra prometida\u201d para todos os irm\u00e3os e irm\u00e3s em Cristo.<\/p>\n","protected":false},"excerpt":{"rendered":"<p>Nos dias de hoje, vivemos em uma era digital em constante evolu\u00e7\u00e3o. As redes sociais se tornaram um ambiente em que as pessoas interagem, compartilham experi\u00eancias e cultivam relacionamentos como nunca. No entanto, ao mesmo tempo em que os avan\u00e7os tecnol\u00f3gicos nos permitem essa intera\u00e7\u00e3o, tamb\u00e9m precisamos redescobrir a import\u00e2ncia do encontro humano genu\u00edno, especialmente [&hellip;]<\/p>\n","protected":false},"author":5,"featured_media":55819,"comment_status":"open","ping_status":"closed","sticky":false,"template":"","format":"standard","meta":{"footnotes":""},"categories":[9],"tags":[],"class_list":["post-82730","post","type-post","status-publish","format-standard","has-post-thumbnail","hentry","category-artigos"],"_links":{"self":[{"href":"https:\/\/catolicanet.net\/wp-cnet\/wp-json\/wp\/v2\/posts\/82730","targetHints":{"allow":["GET"]}}],"collection":[{"href":"https:\/\/catolicanet.net\/wp-cnet\/wp-json\/wp\/v2\/posts"}],"about":[{"href":"https:\/\/catolicanet.net\/wp-cnet\/wp-json\/wp\/v2\/types\/post"}],"author":[{"embeddable":true,"href":"https:\/\/catolicanet.net\/wp-cnet\/wp-json\/wp\/v2\/users\/5"}],"replies":[{"embeddable":true,"href":"https:\/\/catolicanet.net\/wp-cnet\/wp-json\/wp\/v2\/comments?post=82730"}],"version-history":[{"count":1,"href":"https:\/\/catolicanet.net\/wp-cnet\/wp-json\/wp\/v2\/posts\/82730\/revisions"}],"predecessor-version":[{"id":82731,"href":"https:\/\/catolicanet.net\/wp-cnet\/wp-json\/wp\/v2\/posts\/82730\/revisions\/82731"}],"wp:featuredmedia":[{"embeddable":true,"href":"https:\/\/catolicanet.net\/wp-cnet\/wp-json\/wp\/v2\/media\/55819"}],"wp:attachment":[{"href":"https:\/\/catolicanet.net\/wp-cnet\/wp-json\/wp\/v2\/media?parent=82730"}],"wp:term":[{"taxonomy":"category","embeddable":true,"href":"https:\/\/catolicanet.net\/wp-cnet\/wp-json\/wp\/v2\/categories?post=82730"},{"taxonomy":"post_tag","embeddable":true,"href":"https:\/\/catolicanet.net\/wp-cnet\/wp-json\/wp\/v2\/tags?post=82730"}],"curies":[{"name":"wp","href":"https:\/\/api.w.org\/{rel}","templated":true}]}}