{"id":82722,"date":"2023-07-11T09:29:07","date_gmt":"2023-07-11T12:29:07","guid":{"rendered":"https:\/\/catolicanet.net\/wp-cnet\/?p=82722"},"modified":"2023-07-05T18:30:15","modified_gmt":"2023-07-05T21:30:15","slug":"sao-bento-abade-2","status":"publish","type":"post","link":"https:\/\/catolicanet.net\/wp-cnet\/sao-bento-abade-2\/","title":{"rendered":"S\u00e3o Bento Abade"},"content":{"rendered":"<p style=\"text-align: justify;\">Celebramos no dia 11 de julho a mem\u00f3ria lit\u00fargica de S\u00e3o Bento Abade. Nosso patriarca S\u00e3o Bento \u00e9 patrono dos monges do ocidente em suas diversas fam\u00edlias surgidas no decorrer dos s\u00e9culos, que seguem o carisma do santo, que \u00e9 o trabalho e a ora\u00e7\u00e3o. S\u00e3o Bento \u00e9 nosso intercessor na luta contra o mal e na contempla\u00e7\u00e3o di\u00e1ria do sagrado. S\u00e3o Bento nos ajuda a persistirmos numa vida de ora\u00e7\u00e3o e a vencermos a pregui\u00e7a ou aquilo que atrapalha nos colocarmos na presen\u00e7a de Deus. Para vencermos as ciladas do inimigo, S\u00e3o Bento nos ensina que podemos rezar em v\u00e1rios momentos ao longo do dia, sobretudo, em nosso trabalho com o intuito de santific\u00e1-lo e santificar aqueles que est\u00e3o pr\u00f3ximos a n\u00f3s.<\/p>\n<p style=\"text-align: justify;\">Ele \u00e9 um santo bem popular para todos os crist\u00e3os, sendo bem conhecida atualmente na devo\u00e7\u00e3o popular a \u201cmedalha de S\u00e3o Bento\u201d. Essa medalha cont\u00e9m um significado bem especial para quem a usa e \u00e9 utilizada hoje por muitos fi\u00e9is.<\/p>\n<p style=\"text-align: justify;\">Quando fomos batizados, recebemos o Esp\u00edrito Santo, dom de Deus, e segundo diz S\u00e3o Paulo temos que direcionar a nossa vida sob a orienta\u00e7\u00e3o do Esp\u00edrito Santo recebido no batismo. N\u00e3o podemos direcionar a nossa vida segundo a carne, pois a carne nos leva ao pecado e o Esp\u00edrito Santo nos conduz a fazer a vontade de Deus. O Esp\u00edrito Santo nos ajudar\u00e1 no combate contra o mal. Os sacramentais, em eles, a medalha de S\u00e3o Bento pode ser um instrumento que nos ajuda a ouvirmos a voz do Esp\u00edrito Santo e n\u00e3o da carne.<\/p>\n<p style=\"text-align: justify;\">Normalmente, os mosteiros s\u00e3o locais dedicados \u00e0 ora\u00e7\u00e3o e ao sil\u00eancio contemplativo. Existem mosteiros que s\u00e3o abertos ao p\u00fablico e outros que s\u00e3o mais reservados e dedicados \u00e0 pr\u00e1tica de retiros espirituais. Os c\u00e2nticos usados em geral nas celebra\u00e7\u00f5es lit\u00fargicas e momentos de ora\u00e7\u00e3o s\u00e3o conhecidos como \u201ccantos gregorianos\u201d. S\u00e3o c\u00e2nticos que convidam mais \u00e0 introspec\u00e7\u00e3o e \u00e0 ora\u00e7\u00e3o, sem nenhum tipo de acompanhamento instrumental ou, no m\u00e1ximo, acompanhamento de um \u00f3rg\u00e3o. O canto gregoriano foi organizado na Igreja pela Papa S\u00e3o Greg\u00f3rio Magno, no s\u00e9culo VI.<\/p>\n<p style=\"text-align: justify;\">Bento nasceu na It\u00e1lia, por volta do ano de 480. Ainda jovem foi a Roma estudar ci\u00eancias liberais. Nessa \u00e9poca, havia uma press\u00e3o muito grande em cima do imp\u00e9rio romano por conta da invas\u00e3o dos b\u00e1rbaros. Diante de tal situa\u00e7\u00e3o e com o cora\u00e7\u00e3o indignado, ele acabou optando por se retirar e manter-se isolado em uma gruta, que ficava em um penhasco, no alto das montanhas.<\/p>\n<p style=\"text-align: justify;\">Enquanto esteve nessa gruta, dedicou-se \u00e0 ora\u00e7\u00e3o e \u00e0 vida eremita, sendo alimentado por um outro monge, atrav\u00e9s de um cesto erguido at\u00e9 o penhasco. A alimenta\u00e7\u00e3o era basicamente p\u00e3o, pois a alimenta\u00e7\u00e3o naquele local era escassa. Permaneceu nesse local por tr\u00eas anos. Com certeza, nesse tempo de isolamento, S\u00e3o Bento teve que lutar contra as tenta\u00e7\u00f5es do mal e n\u00e3o ouvir a voz da carne, e sim a do Esp\u00edrito Santo. O principal alimento de S\u00e3o Bento nesse per\u00edodo foi a palavra de Deus.<\/p>\n<p style=\"text-align: justify;\">Aprendamos da espiritualidade beneditina o sil\u00eancio e a contempla\u00e7\u00e3o, e escutemos o que Deus tem a nos falar. Muitas vezes, usamos muitas palavras para falar com Deus, mas n\u00e3o \u00e9 necess\u00e1rio, \u00e9 no sil\u00eancio e na contempla\u00e7\u00e3o que Ele nos escuta. Cada um de n\u00f3s pode ter a experi\u00eancia de passar por um retiro espiritual em algum mosteiro, ou simplesmente visitar um mosteiro passando um dia, participando da missa e conhecendo os monges e a estrutura do mosteiro.<\/p>\n<p style=\"text-align: justify;\">Que possamos criar o h\u00e1bito de rezar mais, de ter uma vida de ora\u00e7\u00e3o constante, pois atrav\u00e9s de uma vida de ora\u00e7\u00e3o vencemos o inimigo, a exemplo de S\u00e3o Bento.<\/p>\n<p style=\"text-align: justify;\">Nesse per\u00edodo de solid\u00e3o e isolamento, S\u00e3o Bento inspirou outros jovens que tamb\u00e9m queriam cultivar seus valores crist\u00e3os. Esses jovens come\u00e7aram a visit\u00e1-lo constantemente e, em pouco tempo, a sua vida de solid\u00e3o e isolamento terminava. A partir dessa experiencia com os jovens, S\u00e3o Bento come\u00e7ou a pensar seriamente na ideia de fundar um mosteiro e colocar em pr\u00e1tica os ideais que ele acreditava, que eram sobretudo: ora\u00e7\u00e3o e trabalho.<\/p>\n<p style=\"text-align: justify;\">Aos 40 anos, Bento resolve sair da gruta e assume alguns mosteiros a pedido dos monges e mais tarde ter\u00e1 a oportunidade de fundar o que viria a ser o grande centro da vida beneditina, o mosteiro de Monte Cassino. Ao contr\u00e1rio do que era a sua vida na montanha, no mosteiro vivia-se a vida comunit\u00e1ria e sob a dire\u00e7\u00e3o de um abade. Mas a ora\u00e7\u00e3o e a contempla\u00e7\u00e3o tinham papel fundamental. Ap\u00f3s esse, S\u00e3o Bento teria fundado mais 12 mosteiros.<\/p>\n<p style=\"text-align: justify;\">A regra beneditina dominou toda a Europa, e muitos jovens se sentiam atra\u00eddos e queriam ingressar no mosteiro. O lema principal da congrega\u00e7\u00e3o era <em>\u201cOra et labora\u201d <\/em>(ora\u00e7\u00e3o e trabalho), onde a ora\u00e7\u00e3o era transformada em trabalho e o trabalho em ora\u00e7\u00e3o, atrav\u00e9s da f\u00e9 e da obedi\u00eancia. A regra de S\u00e3o Bento deixava todos bem \u00e0 vontade, e era aplicada e moldada de acordo com as capacidades e limita\u00e7\u00f5es de cada um. Por isso, muitos optavam por abra\u00e7ar a vida mon\u00e1stica.<\/p>\n<p style=\"text-align: justify;\">Normalmente, os beneditinos vivem uma vida de clausura, ou seja, se retiram do mundo, para interceder pelo mundo atrav\u00e9s de uma vida de ora\u00e7\u00e3o e contempla\u00e7\u00e3o. Dentro do mosteiro tamb\u00e9m realizam trabalhos comunit\u00e1rios, como cuidar da horta, cozinha, limpeza entre outras tarefas. Por essa raz\u00e3o, o lema \u00e9: <em>\u201cOra et Labora\u201d, <\/em>porque n\u00e3o devemos esquecer da ora\u00e7\u00e3o e nem deixar de trabalhar, at\u00e9 mesmo o pr\u00f3prio trabalho, podemos faz\u00ea-lo rezando.<\/p>\n<p style=\"text-align: justify;\">As mo\u00e7as que queriam se dedicar a uma vida de ora\u00e7\u00e3o e contemplativa tamb\u00e9m tiveram oportunidade dentro do carisma beneditino. Por meio da irm\u00e3 de S\u00e3o Bento, Santa Escol\u00e1stica, adotaram a regra de S\u00e3o Bento e, mais tarde, ficaram conhecidas como monjas beneditinas.<\/p>\n<p style=\"text-align: justify;\">Ap\u00f3s a morte de S\u00e3o Bento, em 547, a imagem e figura de S\u00e3o Bento propagou-se mais e mais e, posteriormente, recebeu o t\u00edtulo de patrono da Europa.<\/p>\n<p style=\"text-align: justify;\">Segue a ora\u00e7\u00e3o que consta na medalha de S\u00e3o Bento e nos posiciona para uma vida de ora\u00e7\u00e3o e trabalho:<\/p>\n<p style=\"text-align: justify;\"><em>\u201cA Cruz Sagrada seja a minha Luz<br \/>\nN\u00e3o seja o drag\u00e3o o meu guia<br \/>\nRetira-te satan\u00e1s<br \/>\nNunca me aconselhes coisas v\u00e3s<br \/>\n\u00c9 mau o que tu me ofereces. Bebe tu mesmo o teu veneno.\u201d<\/em><\/p>\n<p style=\"text-align: justify;\">S\u00e3o Bento, rogai por n\u00f3s.<\/p>\n","protected":false},"excerpt":{"rendered":"<p>Celebramos no dia 11 de julho a mem\u00f3ria lit\u00fargica de S\u00e3o Bento Abade. Nosso patriarca S\u00e3o Bento \u00e9 patrono dos monges do ocidente em suas diversas fam\u00edlias surgidas no decorrer dos s\u00e9culos, que seguem o carisma do santo, que \u00e9 o trabalho e a ora\u00e7\u00e3o. S\u00e3o Bento \u00e9 nosso intercessor na luta contra o mal [&hellip;]<\/p>\n","protected":false},"author":5,"featured_media":55819,"comment_status":"open","ping_status":"closed","sticky":false,"template":"","format":"standard","meta":{"footnotes":""},"categories":[9],"tags":[],"class_list":["post-82722","post","type-post","status-publish","format-standard","has-post-thumbnail","hentry","category-artigos"],"_links":{"self":[{"href":"https:\/\/catolicanet.net\/wp-cnet\/wp-json\/wp\/v2\/posts\/82722","targetHints":{"allow":["GET"]}}],"collection":[{"href":"https:\/\/catolicanet.net\/wp-cnet\/wp-json\/wp\/v2\/posts"}],"about":[{"href":"https:\/\/catolicanet.net\/wp-cnet\/wp-json\/wp\/v2\/types\/post"}],"author":[{"embeddable":true,"href":"https:\/\/catolicanet.net\/wp-cnet\/wp-json\/wp\/v2\/users\/5"}],"replies":[{"embeddable":true,"href":"https:\/\/catolicanet.net\/wp-cnet\/wp-json\/wp\/v2\/comments?post=82722"}],"version-history":[{"count":1,"href":"https:\/\/catolicanet.net\/wp-cnet\/wp-json\/wp\/v2\/posts\/82722\/revisions"}],"predecessor-version":[{"id":82723,"href":"https:\/\/catolicanet.net\/wp-cnet\/wp-json\/wp\/v2\/posts\/82722\/revisions\/82723"}],"wp:featuredmedia":[{"embeddable":true,"href":"https:\/\/catolicanet.net\/wp-cnet\/wp-json\/wp\/v2\/media\/55819"}],"wp:attachment":[{"href":"https:\/\/catolicanet.net\/wp-cnet\/wp-json\/wp\/v2\/media?parent=82722"}],"wp:term":[{"taxonomy":"category","embeddable":true,"href":"https:\/\/catolicanet.net\/wp-cnet\/wp-json\/wp\/v2\/categories?post=82722"},{"taxonomy":"post_tag","embeddable":true,"href":"https:\/\/catolicanet.net\/wp-cnet\/wp-json\/wp\/v2\/tags?post=82722"}],"curies":[{"name":"wp","href":"https:\/\/api.w.org\/{rel}","templated":true}]}}