{"id":82682,"date":"2023-06-30T13:46:01","date_gmt":"2023-06-30T16:46:01","guid":{"rendered":"https:\/\/catolicanet.net\/wp-cnet\/?p=82682"},"modified":"2023-06-30T13:46:01","modified_gmt":"2023-06-30T16:46:01","slug":"congresso-missionario-regional-ne-2-reunira-mais-de-230-pessoas-em-guarabira-pb","status":"publish","type":"post","link":"https:\/\/catolicanet.net\/wp-cnet\/congresso-missionario-regional-ne-2-reunira-mais-de-230-pessoas-em-guarabira-pb\/","title":{"rendered":"CONGRESSO MISSION\u00c1RIO REGIONAL NE 2 REUNIR\u00c1 MAIS DE 230 PESSOAS EM GUARABIRA (PB)"},"content":{"rendered":"<p style=\"text-align: justify;\">Iluminada pelo 3\u00ba Ano Vocacional do Brasil, a CNBB Nordeste 2 promove neste fim de semana, de 30 de junho a 2 de julho, o Congresso Mission\u00e1rio com o tema \u201cIde! Da Igreja local aos confins do mundo\u201d e lema \u201cCora\u00e7\u00f5es ardentes, p\u00e9s a caminho\u201d (cf. Lc 24, 32-33). O evento ser\u00e1 em Guarabira (PB) e reunir\u00e1 mais de 230 pessoas das prov\u00edncias eclesi\u00e1sticas de Macei\u00f3 (AL), Natal (RN), Olinda e Recife (PE) e da Para\u00edba (PB).<\/p>\n<p style=\"text-align: justify;\">O Congresso Mission\u00e1rio Regional Nordeste 2 \u00e9 uma iniciativa da Comiss\u00e3o Regional para a A\u00e7\u00e3o Mission\u00e1ria e a Coopera\u00e7\u00e3o Intereclesial. Nesta edi\u00e7\u00e3o, o encontro ter\u00e1 como assessores a diretora das Pontif\u00edcias Obras Mission\u00e1rias (POM), irm\u00e3 Regina Pedro, e o padre Jandeilson Rodrigues, membro do clero da Diocese de Graja\u00fa (MA).<\/p>\n<p style=\"text-align: justify;\"><a href=\"https:\/\/cnbbne2.org.br\/congresso-missionario-regional-nordeste-2-reunira-mais-de-230-pessoas-neste-fim-de-semana-em-guarabira-pb\/\" target=\"_blank\" rel=\"noopener\">Confira a not\u00edcia na \u00edntegra.\u00a0<\/a><\/p>\n","protected":false},"excerpt":{"rendered":"<p>Iluminada pelo 3\u00ba Ano Vocacional do Brasil, a CNBB Nordeste 2 promove neste fim de semana, de 30 de junho a 2 de julho, o Congresso Mission\u00e1rio com o tema \u201cIde! Da Igreja local aos confins do mundo\u201d e lema \u201cCora\u00e7\u00f5es ardentes, p\u00e9s a caminho\u201d (cf. Lc 24, 32-33). O evento ser\u00e1 em Guarabira (PB) [&hellip;]<\/p>\n","protected":false},"author":1,"featured_media":82683,"comment_status":"open","ping_status":"closed","sticky":false,"template":"","format":"standard","meta":{"footnotes":""},"categories":[7,13],"tags":[],"class_list":["post-82682","post","type-post","status-publish","format-standard","has-post-thumbnail","hentry","category-cnbb","category-featured"],"_links":{"self":[{"href":"https:\/\/catolicanet.net\/wp-cnet\/wp-json\/wp\/v2\/posts\/82682","targetHints":{"allow":["GET"]}}],"collection":[{"href":"https:\/\/catolicanet.net\/wp-cnet\/wp-json\/wp\/v2\/posts"}],"about":[{"href":"https:\/\/catolicanet.net\/wp-cnet\/wp-json\/wp\/v2\/types\/post"}],"author":[{"embeddable":true,"href":"https:\/\/catolicanet.net\/wp-cnet\/wp-json\/wp\/v2\/users\/1"}],"replies":[{"embeddable":true,"href":"https:\/\/catolicanet.net\/wp-cnet\/wp-json\/wp\/v2\/comments?post=82682"}],"version-history":[{"count":1,"href":"https:\/\/catolicanet.net\/wp-cnet\/wp-json\/wp\/v2\/posts\/82682\/revisions"}],"predecessor-version":[{"id":82684,"href":"https:\/\/catolicanet.net\/wp-cnet\/wp-json\/wp\/v2\/posts\/82682\/revisions\/82684"}],"wp:featuredmedia":[{"embeddable":true,"href":"https:\/\/catolicanet.net\/wp-cnet\/wp-json\/wp\/v2\/media\/82683"}],"wp:attachment":[{"href":"https:\/\/catolicanet.net\/wp-cnet\/wp-json\/wp\/v2\/media?parent=82682"}],"wp:term":[{"taxonomy":"category","embeddable":true,"href":"https:\/\/catolicanet.net\/wp-cnet\/wp-json\/wp\/v2\/categories?post=82682"},{"taxonomy":"post_tag","embeddable":true,"href":"https:\/\/catolicanet.net\/wp-cnet\/wp-json\/wp\/v2\/tags?post=82682"}],"curies":[{"name":"wp","href":"https:\/\/api.w.org\/{rel}","templated":true}]}}