{"id":82667,"date":"2023-07-09T09:36:53","date_gmt":"2023-07-09T12:36:53","guid":{"rendered":"https:\/\/catolicanet.net\/wp-cnet\/?p=82667"},"modified":"2023-06-30T13:38:27","modified_gmt":"2023-06-30T16:38:27","slug":"meu-jugo-e-suave-e-o-meu-fardo-e-leve-2","status":"publish","type":"post","link":"https:\/\/catolicanet.net\/wp-cnet\/meu-jugo-e-suave-e-o-meu-fardo-e-leve-2\/","title":{"rendered":"Meu jugo \u00e9 suave e o meu fardo \u00e9 leve"},"content":{"rendered":"<p style=\"text-align: center;\"><em>14\u00ba Domingo do Tempo Comum<\/em><\/p>\n<p style=\"text-align: justify;\">Temos a gra\u00e7a de celebrarmos o 14\u00ba Domingo do Tempo Comum. A mensagem forte no Evangelho deste domingo \u00e9: \u201cEu sou manso e humilde de cora\u00e7\u00e3o\u201d (Mt 11,29). A liturgia tamb\u00e9m nos mostra que o Senhor se revela aos pequeninos.<\/p>\n<p style=\"text-align: justify;\">Deus revela seus segredos aos pequenos! O Povo de Israel perdera sua independ\u00eancia e sua liberdade. Foi dominado pelos persas e, depois, pelos gregos. Enfim, era um povo explorado e esperava um Messias libertador. Mas o profeta anuncia um Messias humilde, justo e defensor dos pobres. N\u00e3o anuncia um guerreiro para derrotar inimigos! Vivendo no meio da confus\u00e3o atual, que tipo de liberta\u00e7\u00e3o esperamos? O Rei humilde, que morre, mas n\u00e3o mata, e que defende os pobres \u00e9 Jesus Cristo! E quem entende a proposta de Jesus, com certeza, n\u00e3o s\u00e3o os poderosos.<\/p>\n<p style=\"text-align: justify;\">A Liturgia nos mostra \u2013 na primeira leitura (Zc 9,9-10) \u2013 que o \u00a0Messias anunciado \u00e9 um rei justo e humilde e vem sem aparato de poder militar, segundo o modelo dos reis que exploravam o Povo de Israel. A proposta de Deus \u00e9 diferente: um rei humilde, pobre e amigo dos pobres! Este rei \u00e9 t\u00e3o diferente que n\u00e3o vem montado em cavalo, mas vem montado em um jumento. Isto \u00e9 s\u00edmbolo da humildade e simplicidade. O cavalo \u00e9 s\u00edmbolo da for\u00e7a e do poder enquanto o jumento \u00e9 s\u00edmbolo da paz e da simplicidade. Vemos o Rei entrando em Jerusal\u00e9m montado em um jumento. Vejam a simplicidade: Nosso Senhor poderia ter toda a pompa, mas prefere ser e estar com as coisas simples e com os simples.<\/p>\n<p style=\"text-align: justify;\">Na segunda leitura (Rm 8,9.11-13), somente aquele que tem o Esp\u00edrito Santo no cora\u00e7\u00e3o consegue entender a Palavra de Deus. Quem tem o Esp\u00edrito pertence a Cristo e entende sua Palavra. Escutemos o Esp\u00edrito e vivamos de acordo com Ele.<\/p>\n<p style=\"text-align: justify;\">No Evangelho deste domingo (Mt 11, 25-30), os grandes e poderosos n\u00e3o entendem e rejeitam a Jesus, e s\u00e3o os pequenos que se aproximam dele. Por isso, Ele louva o Pai porque o segredo foi revelado, exatamente, aos pequenos (pobres e explorados). \u201cEu te louvo, \u00f3 Pai, porque ocultastes estas coisas aos s\u00e1bios e doutores e as revelastes aos pequeninos\u201d!<\/p>\n<p style=\"text-align: justify;\">O Senhor nos diz em seu Evangelho, diante de um convite de Jesus: <em>\u201cVinde a mim, todos v\u00f3s que estais cansados e carregados de fardos, e eu vos darei descanso. Pois o meu jugo \u00e9 suave e o meu fardo \u00e9 leve\u201d<\/em> (Mt 11, 28-30). Ao lado de Cristo, todas as fatigas se tornam am\u00e1veis, tudo o que poderia ser custoso no cumprimento da vontade de Deus, se suaviza. O sacrif\u00edcio, quando se est\u00e1 ao lado de Cristo, n\u00e3o \u00e9 \u00e1spero e duro, mas am\u00e1vel. Ele assumiu as nossas dores e os nossos fardos mais pesados. O Evangelho \u00e9 uma cont\u00ednua prova da sua preocupa\u00e7\u00e3o por todos: \u201cEle deixa-nos por toda a parte exemplos de miseric\u00f3rdia\u201d, dizia S\u00e3o Greg\u00f3rio Magno, falando a respeito do Senhor.<\/p>\n<p style=\"text-align: justify;\">\u00a0\u00a0\u00a0\u00a0\u00a0\u00a0\u00a0\u00a0 Diante de Deus, somos o que somos, nem mais nem menos, com qualidades e defeitos, com m\u00e9ritos e dem\u00e9ritos, gente boa com coisas n\u00e3o t\u00e3o boas. \u00c9 preciso ter bem claro tudo isso na pr\u00f3pria vida para saber exigir os pr\u00f3prios direitos, cumprir os pr\u00f3prios deveres e dar a devida honra e gl\u00f3ria de Deus. Devemos ter a consci\u00eancia bem formada e saber que devemos sempre buscar a humildade. Quanto \u00e0 mansid\u00e3o, essa vir\u00e1 por meio da humildade. Humildade \u00e9 uma palavra que vem da palavra \u201ch\u00famus\u201d, que significa terra f\u00e9rtil. A terra remete \u00e0s nossas origens. Aqui, lembro de um trecho de uma m\u00fasica quando se diz assim: <em>\u201ca vida deixa de ser m\u00e3e para ser madrasta, quando a gente se afasta do vaso do nosso ch\u00e3o\u201d.<\/em> Isso remete que, constantemente, nunca podemos perder de vista as nossas origens. \u00c9 claro que tamb\u00e9m a origem familiar, mas a origem de que somos \u201ccidad\u00e3os do c\u00e9u\u201d, \u201csomos filhos e herdeiros do c\u00e9u\u201d.<\/p>\n<p style=\"text-align: justify;\">\u00a0\u00a0\u00a0\u00a0\u00a0\u00a0\u00a0\u00a0 Pe\u00e7amos ao Senhor que nos d\u00ea a gra\u00e7a de ter um cora\u00e7\u00e3o semelhante ao vosso cora\u00e7\u00e3o. Um cora\u00e7\u00e3o humilde, amoroso, compassivo, orante e acolhedor. Senhor, dai-nos um cora\u00e7\u00e3o igual ao teu, meu Mestre. Cora\u00e7\u00e3o para fazer o bem e ser o bem para aqueles que de mim mais precise.<\/p>\n","protected":false},"excerpt":{"rendered":"<p>14\u00ba Domingo do Tempo Comum Temos a gra\u00e7a de celebrarmos o 14\u00ba Domingo do Tempo Comum. A mensagem forte no Evangelho deste domingo \u00e9: \u201cEu sou manso e humilde de cora\u00e7\u00e3o\u201d (Mt 11,29). A liturgia tamb\u00e9m nos mostra que o Senhor se revela aos pequeninos. Deus revela seus segredos aos pequenos! O Povo de Israel [&hellip;]<\/p>\n","protected":false},"author":5,"featured_media":55819,"comment_status":"open","ping_status":"closed","sticky":false,"template":"","format":"standard","meta":{"footnotes":""},"categories":[9],"tags":[],"class_list":["post-82667","post","type-post","status-publish","format-standard","has-post-thumbnail","hentry","category-artigos"],"_links":{"self":[{"href":"https:\/\/catolicanet.net\/wp-cnet\/wp-json\/wp\/v2\/posts\/82667","targetHints":{"allow":["GET"]}}],"collection":[{"href":"https:\/\/catolicanet.net\/wp-cnet\/wp-json\/wp\/v2\/posts"}],"about":[{"href":"https:\/\/catolicanet.net\/wp-cnet\/wp-json\/wp\/v2\/types\/post"}],"author":[{"embeddable":true,"href":"https:\/\/catolicanet.net\/wp-cnet\/wp-json\/wp\/v2\/users\/5"}],"replies":[{"embeddable":true,"href":"https:\/\/catolicanet.net\/wp-cnet\/wp-json\/wp\/v2\/comments?post=82667"}],"version-history":[{"count":1,"href":"https:\/\/catolicanet.net\/wp-cnet\/wp-json\/wp\/v2\/posts\/82667\/revisions"}],"predecessor-version":[{"id":82668,"href":"https:\/\/catolicanet.net\/wp-cnet\/wp-json\/wp\/v2\/posts\/82667\/revisions\/82668"}],"wp:featuredmedia":[{"embeddable":true,"href":"https:\/\/catolicanet.net\/wp-cnet\/wp-json\/wp\/v2\/media\/55819"}],"wp:attachment":[{"href":"https:\/\/catolicanet.net\/wp-cnet\/wp-json\/wp\/v2\/media?parent=82667"}],"wp:term":[{"taxonomy":"category","embeddable":true,"href":"https:\/\/catolicanet.net\/wp-cnet\/wp-json\/wp\/v2\/categories?post=82667"},{"taxonomy":"post_tag","embeddable":true,"href":"https:\/\/catolicanet.net\/wp-cnet\/wp-json\/wp\/v2\/tags?post=82667"}],"curies":[{"name":"wp","href":"https:\/\/api.w.org\/{rel}","templated":true}]}}