{"id":82632,"date":"2023-06-28T09:10:46","date_gmt":"2023-06-28T12:10:46","guid":{"rendered":"https:\/\/catolicanet.net\/wp-cnet\/?p=82632"},"modified":"2023-06-28T12:11:53","modified_gmt":"2023-06-28T15:11:53","slug":"datas-dos-santos-confira-o-calendario-proprio-do-brasil-contido-na-3a-edicao-do-missal-romano","status":"publish","type":"post","link":"https:\/\/catolicanet.net\/wp-cnet\/datas-dos-santos-confira-o-calendario-proprio-do-brasil-contido-na-3a-edicao-do-missal-romano\/","title":{"rendered":"DATAS DOS SANTOS: CONFIRA O CALEND\u00c1RIO PR\u00d3PRIO DO BRASIL CONTIDO NA 3\u00aa EDI\u00c7\u00c3O DO MISSAL ROMANO"},"content":{"rendered":"<p style=\"text-align: justify;\">A 3\u00aa edi\u00e7\u00e3o do Missal Romano tem entre suas principais novidades um novo calend\u00e1rio do Pr\u00f3prio dos Santos. No livro lit\u00fargico traduzido para o Brasil est\u00e3o os novos santos inclu\u00eddos no Calend\u00e1rio Universal e tamb\u00e9m os santos brasileiros ou que possuem expressiva devo\u00e7\u00e3o no pa\u00eds. As dioceses e par\u00f3quias poder\u00e3o contar com o material a partir de agosto, mas j\u00e1 podem fazer sua reserva junto \u00e0 Edi\u00e7\u00f5es CNBB.<\/p>\n<p style=\"text-align: justify;\">De acordo com o padre Leonardo Pinheiro, assessor que colaborou com a Comiss\u00e3o Episcopal para a Liturgia da Confer\u00eancia Nacional dos Bispos do Brasil (CNBB) no \u00faltimo per\u00edodo da tradu\u00e7\u00e3o, o novo calend\u00e1rio dos santos t\u00eam gerado \u201cgrande interesse\u201d nas forma\u00e7\u00f5es oferecidas pelo Brasil.<\/p>\n<p style=\"text-align: justify;\">Confira as datas das celebra\u00e7\u00f5es dos santos:<\/p>\n<h3 style=\"text-align: justify;\">Calend\u00e1rio dos Santos do Brasil<\/h3>\n<ul style=\"text-align: justify;\">\n<li>S\u00e3o Jos\u00e9 de Anchieta (9 de junho)<\/li>\n<li>Santa Paulina do Cora\u00e7\u00e3o Agonizante de Jesus (9 de julho)<\/li>\n<li>Bem-aventurado In\u00e1cio de Azevedo e companheiros m\u00e1rtires (17 de julho)<\/li>\n<li>Santa Dulce Lopes Pontes (13 de agosto)<\/li>\n<li>Santos Andr\u00e9 de Soveral, Ambr\u00f3sio Francisco Ferro, presb\u00edteros, Mateus Moreira, leigo, e companheiros m\u00e1rtires (3 de outubro)<\/li>\n<li>S\u00e3o Benedito, o Negro (5 de outubro)<\/li>\n<li>Nossa Senhora da Concei\u00e7\u00e3o Aparecida (12 de outubro)<\/li>\n<li>S\u00e3o Pedro de Alc\u00e2ntara (19 de outubro)<\/li>\n<li>Santo Antonio de Sant\u2019Ana Galv\u00e3o (25 de outubro)<\/li>\n<li>S\u00e3o Roque Gonz\u00e1lez, Santo Afonso Rodr\u00edguez e S\u00e3o Jo\u00e3o del Castillo (19 de novembro)<\/li>\n<\/ul>\n<h3 style=\"text-align: justify;\">Pr\u00f3prio dos Santos \u2013 Ciclo Eclesiol\u00f3gico: novos santos inclu\u00eddos no Calend\u00e1rio Universal<\/h3>\n<ul>\n<li style=\"text-align: justify;\">Sant\u00edssimo Nome de Jesus (3 de janeiro)<\/li>\n<li style=\"text-align: justify;\">Santa Josefina Bakhita (8 de fevereiro)<\/li>\n<li style=\"text-align: justify;\">S\u00e3o Greg\u00f3rio de Narek (27 de fevereiro)<\/li>\n<li style=\"text-align: justify;\">S\u00e2o Jo\u00e3o de \u00c1vila (10 de maio)<\/li>\n<li style=\"text-align: justify;\">Bem-aventurada Virgem Maria de F\u00e1tima (13 de maio)<\/li>\n<li style=\"text-align: justify;\">S\u00e3o Crist\u00f3v\u00e3o Magalh\u00e3es e comp. m\u00e1rtires (M\u00e9xico, 21 de maio)<\/li>\n<li style=\"text-align: justify;\">Santa Rita de C\u00e1ssia (22 de maio)<\/li>\n<li style=\"text-align: justify;\">S\u00e3o Paulo VI (29 de maio)<\/li>\n<li style=\"text-align: justify;\">Santo Agostinho Zhao Rong e comp. m\u00e1rtires (China, 8 de julho)<\/li>\n<li style=\"text-align: justify;\">Bem-aventurada Virgem Maria do Monte Carmelo \u2013 atualiza\u00e7\u00e3o: festa<\/li>\n<li style=\"text-align: justify;\">Santa Maria Madalena \u2013 atualiza\u00e7\u00e3o: festa<\/li>\n<li style=\"text-align: justify;\">S\u00e3o Charbel Makhluf (L\u00edbano, 24 de julho)<\/li>\n<li style=\"text-align: justify;\">Santos Irm\u00e3os marta, Maria e L\u00e1zaro (29 de julho)<\/li>\n<li style=\"text-align: justify;\">Santa Teresa Benedita da Cruz (9 de agosto)<\/li>\n<li style=\"text-align: justify;\">S\u00e3o Ponciano e Santo Hip\u00f3lito (12 de agosto)<\/li>\n<li style=\"text-align: justify;\">Sant\u00edssimo Nome da Bem-aventurada Virgem Maria (12 de setembro)<\/li>\n<li style=\"text-align: justify;\">Santa Hildegarda de Bingen (17 de setembro)<\/li>\n<li style=\"text-align: justify;\">S\u00e3o Pio de Pietrelcina (23 de setembro)<\/li>\n<li style=\"text-align: justify;\">Santa Faustina Kowalska (6 de outubro)<\/li>\n<li style=\"text-align: justify;\">S\u00e3o Jo\u00e3o XXIII (11 de outubro)<\/li>\n<li style=\"text-align: justify;\">S\u00e3o Jo\u00e3o Paulo II (22 de outubro)<\/li>\n<li style=\"text-align: justify;\">Santa Catarina de Alexandria (25 de novembro)<\/li>\n<li style=\"text-align: justify;\">S\u00e3o Jo\u00e3o Diego (9 de dezembro)<\/li>\n<li style=\"text-align: justify;\">Bem-aventurada Virgem Maria de Loreto (10 de dezembro)<\/li>\n<li style=\"text-align: justify;\"><em><strong>Festividade m\u00f3vel<\/strong><\/em><br \/>\nBem-aventurada Virgem Maria, M\u00e3e da Igreja \u2013 mem\u00f3ria a ser celebrada na segunda-feira ap\u00f3s Pentecostes.<\/li>\n<\/ul>\n","protected":false},"excerpt":{"rendered":"<p>A 3\u00aa edi\u00e7\u00e3o do Missal Romano tem entre suas principais novidades um novo calend\u00e1rio do Pr\u00f3prio dos Santos. No livro lit\u00fargico traduzido para o Brasil est\u00e3o os novos santos inclu\u00eddos no Calend\u00e1rio Universal e tamb\u00e9m os santos brasileiros ou que possuem expressiva devo\u00e7\u00e3o no pa\u00eds. As dioceses e par\u00f3quias poder\u00e3o contar com o material a [&hellip;]<\/p>\n","protected":false},"author":1,"featured_media":82633,"comment_status":"open","ping_status":"closed","sticky":false,"template":"","format":"standard","meta":{"footnotes":""},"categories":[7],"tags":[],"class_list":["post-82632","post","type-post","status-publish","format-standard","has-post-thumbnail","hentry","category-cnbb"],"_links":{"self":[{"href":"https:\/\/catolicanet.net\/wp-cnet\/wp-json\/wp\/v2\/posts\/82632","targetHints":{"allow":["GET"]}}],"collection":[{"href":"https:\/\/catolicanet.net\/wp-cnet\/wp-json\/wp\/v2\/posts"}],"about":[{"href":"https:\/\/catolicanet.net\/wp-cnet\/wp-json\/wp\/v2\/types\/post"}],"author":[{"embeddable":true,"href":"https:\/\/catolicanet.net\/wp-cnet\/wp-json\/wp\/v2\/users\/1"}],"replies":[{"embeddable":true,"href":"https:\/\/catolicanet.net\/wp-cnet\/wp-json\/wp\/v2\/comments?post=82632"}],"version-history":[{"count":1,"href":"https:\/\/catolicanet.net\/wp-cnet\/wp-json\/wp\/v2\/posts\/82632\/revisions"}],"predecessor-version":[{"id":82634,"href":"https:\/\/catolicanet.net\/wp-cnet\/wp-json\/wp\/v2\/posts\/82632\/revisions\/82634"}],"wp:featuredmedia":[{"embeddable":true,"href":"https:\/\/catolicanet.net\/wp-cnet\/wp-json\/wp\/v2\/media\/82633"}],"wp:attachment":[{"href":"https:\/\/catolicanet.net\/wp-cnet\/wp-json\/wp\/v2\/media?parent=82632"}],"wp:term":[{"taxonomy":"category","embeddable":true,"href":"https:\/\/catolicanet.net\/wp-cnet\/wp-json\/wp\/v2\/categories?post=82632"},{"taxonomy":"post_tag","embeddable":true,"href":"https:\/\/catolicanet.net\/wp-cnet\/wp-json\/wp\/v2\/tags?post=82632"}],"curies":[{"name":"wp","href":"https:\/\/api.w.org\/{rel}","templated":true}]}}