{"id":82607,"date":"2023-06-22T11:48:19","date_gmt":"2023-06-22T14:48:19","guid":{"rendered":"https:\/\/catolicanet.net\/wp-cnet\/?p=82607"},"modified":"2023-06-28T11:50:17","modified_gmt":"2023-06-28T14:50:17","slug":"cristo-o-filho-do-deus-vivo","status":"publish","type":"post","link":"https:\/\/catolicanet.net\/wp-cnet\/cristo-o-filho-do-deus-vivo\/","title":{"rendered":"CRISTO, O FILHO DO DEUS VIVO"},"content":{"rendered":"<p style=\"text-align: justify;\">A profiss\u00e3o de f\u00e9 de Sim\u00e3o, assinala uma mudan\u00e7a radical na vida\u00a0p\u00fablica de Jesus. Agora Ele vai privilegiar a forma\u00e7\u00e3o de seus disc\u00edpulos mais pr\u00f3ximos e vai anunciar-lhes sua paix\u00e3o e sua ressurrei\u00e7\u00e3o. A quest\u00e3o: \u201cQuem dizem os homens que \u00e9 o Filho do homem?\u201d, resume um pouco como que o balan\u00e7o de seu minist\u00e9rio na Galileia. Depois de tantas horas de prega\u00e7\u00e3o, de tantas jornadas de curas e de milagres, as opini\u00f5es sobre Sua pessoa eram diferentes. O m\u00e1ximo era a ideia de comparar Jesus a personagens j\u00e1 conhecidas, como Jeremias ou Jo\u00e3o Batista, ou ainda a um profeta como Elias, cujo retorno era esperado como sinal dos tempos messi\u00e2nicos. A resposta de Sim\u00e3o vai muito mais longe: \u2018\u2019 Tu \u00e9s o Messias, o Filho do Deus vivo\u201d, porque ele ultrapassa o n\u00edvel da carne e do sangue, ou seja, um julgamento puramente humano. A \u201ccarne e o sangue\u201d \u00e9 o homem deixado a seus limites, a suas conting\u00eancias, inapto \u00e0s novidades de Deus.\u00a0Perante Jesus, o Enviado do Pai, \u00e9 tudo isto que \u00e9 preciso ultrapassar para poder Lhe dizer: \u201cTu \u00e9s o Cristo\u201d. N\u00e3o somente tu nos lembras os grandes crentes do passado, as for\u00e7as prof\u00e9ticas deste passado, mas tu \u00e9s, tu mesmo, o Messias esperado que nos abre o futuro. \u201cTu \u00e9s o Filho do Deus vivo\u201d, acrescenta Sim\u00e3o, e assim ele tenta expressar o mist\u00e9rio que j\u00e1 o fascina na pessoa de Jesus: Ele age, Ele fala, Ele vive por aquele que Ele cr\u00ea ser o Filho de Deus. Sim\u00e3o \u00e9 inspirado por Deus e deixa Deus por ele revelar quem \u00e9 Jesus. Imediatamente, ap\u00f3s esta resposta de f\u00e9, que \u00e9 um engajamento diante de todos em seu amigo Jesus, Sim\u00e3o vai viver um momento de gra\u00e7a extraordin\u00e1ria. De in\u00edcio Jesus faz dele um portador de uma beatitude: \u201cBem-aventurado es tu Sim\u00e3o, Filho de Jonas\u201d. \u00c9 a beatitude. \u00c9 isto \u00e9 a felicidade anunciada, daqueles e daquelas que sabem fazer e refazer o passo da f\u00e9 e que ousam um nome novo que ser\u00e1 programa de vida. Jesus diz: \u201cTu \u00e9s Pedro, tu \u00e9s a Rocha\u201d.\u00a0 \u00c9 uma palavra criadora e recriadora. Agora Sim\u00e3o o pescador ser\u00e1 o rochedo de funda\u00e7\u00e3o da Igreja de Jesus. A experi\u00eancia de Sim\u00e3o Pedro\u00b8 de Sim\u00e3o o Rochedo, tem muito a nos dizer.\u00a0\u00c9 certo que \u00e9 seu o privil\u00e9gio de ser pedra de funda\u00e7\u00e3o, o segundo Pastor, ap\u00f3s Cristo. N\u00f3s somos, por nossa parte, pedras vivas, inseridas na constru\u00e7\u00e3o. Mas n\u00f3s nos tornamos pedras de funda\u00e7\u00e3o seja para a fam\u00edlia, seja para a mensagem que nos \u00e9 confiada, tendo em vista a transmiss\u00e3o de uma vida santa como aqueles que nos precederam, fascinados por Ele. Para isso \u00e9 preciso ent\u00e3o seguir o caminho aberto por Sim\u00e3o Pedro. Cumpre ultrapassar a carne e o sangue, cessar de tudo fazer nas propor\u00e7\u00f5es de nossa intelig\u00eancia e de nosso cora\u00e7\u00e3o, cessar de fazer esperar o Mestre divino, nele, por\u00e9m, depositando toda nossa f\u00e9 e nossa confian\u00e7a e ousar dizer enfim a nosso amigo Jesus a palavra para n\u00f3s decisiva: \u201cTu \u00e9s o Cristo, o Filho de Deus: a Ti eu entrego todas as minhas for\u00e7as, hoje e para sempre\u201d. \u00c9 preciso se tornar\u00a0male\u00e1vel \u00e0 gra\u00e7a divina numa entrega absoluta, uma vez que esta gra\u00e7a nos atrai para Jesus, para a comunidade de Jesus, reunida fraternalmente em torno de Pedro, o Pastor Supremo depois de Jesus, guiados por Deus, guiados por Ele \u00e0 luz de Jesus Cristo. \u00c9 preciso que entremos na beatitude de Sim\u00e3o, o Rochedo, na felicidade dos que confessam Cristo, que n\u00e3o se afastam de Jesus e que aceitam uma vez por todas ter os olhos sempre voltados para o Salvador. Fi\u00e9is sempre ao Papa sucessor de Pedro, o qual proporciona atrav\u00e9s dos tempos a mesma felicidade e obedi\u00eancia a Cristo. Porque Pedro reconheceu Jesus como o Filho de Deus ele recebeu as chaves do Reino dos c\u00e9us. S\u00e3o Pedro juntamente com S\u00e3o Paulo foi o fundamento da Igreja primitiva e por conseguinte de nossa f\u00e9 crist\u00e3. Por isto s\u00e3o celebrados neste dia por serem estes Ap\u00f3stolos do Senhor, testemunhas que na primeira hora\u00a0 viveram os primeiros momentos da expans\u00e3o da Igreja e selaram com seu sangue a fidelidade a Jesus. Eles nos concitam a uma fidelidade absoluta \u00e0 Igreja de Cristo. N\u00f3s crist\u00e3os do s\u00e9culo vinte e um possamos ser testemunhas fidedignas do amor de Deus aos homens como o foram estes dois Ap\u00f3stolos que hoje festejamos No dizer do Papa Francisco, gloriosamente reinante, n\u00f3s devemos marchar, edificar e confessar que Jesus \u00e9 o Filho de Deus. Estaremos as recebendo toda a beatitude que recebeu Pedro e estaremos imitando tamb\u00e9m Paulo que sempre foi fiel disc\u00edpulo de Jesus.<\/p>\n","protected":false},"excerpt":{"rendered":"<p>A profiss\u00e3o de f\u00e9 de Sim\u00e3o, assinala uma mudan\u00e7a radical na vida\u00a0p\u00fablica de Jesus. Agora Ele vai privilegiar a forma\u00e7\u00e3o de seus disc\u00edpulos mais pr\u00f3ximos e vai anunciar-lhes sua paix\u00e3o e sua ressurrei\u00e7\u00e3o. A quest\u00e3o: \u201cQuem dizem os homens que \u00e9 o Filho do homem?\u201d, resume um pouco como que o balan\u00e7o de seu minist\u00e9rio [&hellip;]<\/p>\n","protected":false},"author":7,"featured_media":55813,"comment_status":"open","ping_status":"closed","sticky":false,"template":"","format":"standard","meta":{"footnotes":""},"categories":[9],"tags":[],"class_list":["post-82607","post","type-post","status-publish","format-standard","has-post-thumbnail","hentry","category-artigos"],"_links":{"self":[{"href":"https:\/\/catolicanet.net\/wp-cnet\/wp-json\/wp\/v2\/posts\/82607","targetHints":{"allow":["GET"]}}],"collection":[{"href":"https:\/\/catolicanet.net\/wp-cnet\/wp-json\/wp\/v2\/posts"}],"about":[{"href":"https:\/\/catolicanet.net\/wp-cnet\/wp-json\/wp\/v2\/types\/post"}],"author":[{"embeddable":true,"href":"https:\/\/catolicanet.net\/wp-cnet\/wp-json\/wp\/v2\/users\/7"}],"replies":[{"embeddable":true,"href":"https:\/\/catolicanet.net\/wp-cnet\/wp-json\/wp\/v2\/comments?post=82607"}],"version-history":[{"count":1,"href":"https:\/\/catolicanet.net\/wp-cnet\/wp-json\/wp\/v2\/posts\/82607\/revisions"}],"predecessor-version":[{"id":82608,"href":"https:\/\/catolicanet.net\/wp-cnet\/wp-json\/wp\/v2\/posts\/82607\/revisions\/82608"}],"wp:featuredmedia":[{"embeddable":true,"href":"https:\/\/catolicanet.net\/wp-cnet\/wp-json\/wp\/v2\/media\/55813"}],"wp:attachment":[{"href":"https:\/\/catolicanet.net\/wp-cnet\/wp-json\/wp\/v2\/media?parent=82607"}],"wp:term":[{"taxonomy":"category","embeddable":true,"href":"https:\/\/catolicanet.net\/wp-cnet\/wp-json\/wp\/v2\/categories?post=82607"},{"taxonomy":"post_tag","embeddable":true,"href":"https:\/\/catolicanet.net\/wp-cnet\/wp-json\/wp\/v2\/tags?post=82607"}],"curies":[{"name":"wp","href":"https:\/\/api.w.org\/{rel}","templated":true}]}}