{"id":82601,"date":"2023-06-23T11:43:52","date_gmt":"2023-06-23T14:43:52","guid":{"rendered":"https:\/\/catolicanet.net\/wp-cnet\/?p=82601"},"modified":"2023-06-28T11:45:27","modified_gmt":"2023-06-28T14:45:27","slug":"o-adolescente-o-jovem-e-as-doencas-mentais","status":"publish","type":"post","link":"https:\/\/catolicanet.net\/wp-cnet\/o-adolescente-o-jovem-e-as-doencas-mentais\/","title":{"rendered":"O adolescente, o jovem e as doen\u00e7as mentais"},"content":{"rendered":"<p style=\"text-align: justify;\">O adolescente e o jovem na sua dimens\u00e3o afetiva, querem se sentir, amados, acolhidos, respeitados, eles desejam serem ouvidos em suas ang\u00fastias e em seus dramas em primeiro lugar. Essa dimens\u00e3o afetiva \u00e9 a dimens\u00e3o da escuta, do amor e da compreens\u00e3o.<\/p>\n<p style=\"text-align: justify;\">A adolesc\u00eancia \u00e9 um per\u00edodo crucial para o desenvolvimento e manuten\u00e7\u00e3o de h\u00e1bitos sociais e emocionais importantes para o bem-estar mental. Estes incluem: a ado\u00e7\u00e3o de padr\u00f5es de sono saud\u00e1veis; exerc\u00edcios regulares; desenvolvimento de enfrentamento, resolu\u00e7\u00e3o de problemas e habilidades interpessoais; e aprender a administrar emo\u00e7\u00f5es. Ambientes de apoio na fam\u00edlia, na escola e na comunidade em geral tamb\u00e9m s\u00e3o importantes.<\/p>\n<p style=\"text-align: justify;\">Alguns adolescentes est\u00e3o em maior risco de problemas de sa\u00fade mental devido \u00e0s suas condi\u00e7\u00f5es de vida, estigma, discrimina\u00e7\u00e3o ou exclus\u00e3o, al\u00e9m de falta de acesso a servi\u00e7os e apoio de qualidade. Estes incluem adolescentes que vivem em ambientes fr\u00e1geis e com crises humanit\u00e1rias; adolescentes com doen\u00e7as cr\u00f4nicas, transtorno do espectro autista, incapacidade intelectual ou outra condi\u00e7\u00e3o neurol\u00f3gica; adolescentes gr\u00e1vidas, pais adolescentes ou aqueles em casamentos precoces e\/ou for\u00e7ados; \u00f3rf\u00e3os; e adolescentes que fazem parte de minorias \u00e9tnicas ou sexuais ou outros grupos discriminados.<\/p>\n<p style=\"text-align: justify;\">Segundo a Organiza\u00e7\u00e3o Mundial de Sa\u00fade (OMS) metade das doen\u00e7as mentais iniciam-se por volta dos 14 anos. No mundo todo, jovens se queixam de solid\u00e3o duas vezes mais do que em outros grupos et\u00e1rios. Automutila\u00e7\u00e3o e idea\u00e7\u00f5es suicidas tamb\u00e9m aumentaram entre os grupos jovens. Se n\u00e3o tratamento precocemente, pode haver muitas incompatibilidades demolidoras, sejam individuais, familiares, escolares e sociais. Que a doen\u00e7a mental precisa ser desestigmatizada para que o diagn\u00f3stico e o tratamento precoce sejam uma realidade aos adolescentes, jovens e adultos.<\/p>\n<p style=\"text-align: justify;\">Oito a cada dez brasileiros de 15 a 29 anos apresentaram recentemente algum problema de sa\u00fade mental segundo dados de pesquisa Datafolha do final de 2022. A maioria desses jovens sofreu com pensamentos negativos (66%), dificuldade de concentra\u00e7\u00e3o (58%) e crise de ansiedade (53%). Mais da metade considera sua sa\u00fade mental como regular, ruim e p\u00e9ssima. A maioria dos problemas \u00e9 relatada por meninas e mulheres (90%) contra 76% dos meninos e homens. As mulheres s\u00e3o mais afetadas que os homens em quadros de depress\u00e3o e ansiedade por quest\u00f5es de vulnerabilidade \u00e0s oscila\u00e7\u00f5es hormonais ao longo do ciclo reprodutivo feminino.<\/p>\n<p style=\"text-align: justify;\">Pol\u00edticas p\u00fablicas na \u00e1rea de sa\u00fade mental eficientes precisam ser postas em pr\u00e1tica com o aux\u00edlio de especialistas. Os pais estejam despreparos, observando mudan\u00e7as comportamentais, de humor, de atitudes agressivas e aqui a escola e o seu quadro de educadores podem ajudar criando um ambiente em que esses assuntos de sa\u00fade mental sejam tratados sem tabus ou preconceitos. Nesse contexto assume a pedagogia da sa\u00fade integral.<\/p>\n<p style=\"text-align: justify;\">Promover o bem-estar dos adolescentes, dos jovens e proteg\u00ea-los de experi\u00eancias adversas e fatores de risco que possam afetar seu potencial de prosperar n\u00e3o s\u00e3o apenas fundamentais para seu bem-estar, mas tamb\u00e9m para sua sa\u00fade f\u00edsica, emocional e mental na vida adulta.<\/p>\n<p style=\"text-align: justify;\">Prof. Dr.\u00a0 In\u00e1cio Jos\u00e9 do Vale, Psicanalista Cl\u00ednico, PhD.<\/p>\n<p style=\"text-align: justify;\">Especialista em Psicologia Cl\u00ednica pela Faculdade Dom Alberto-RS.<\/p>\n<p style=\"text-align: justify;\">Especialista em Psicologia da Sa\u00fade pela Faculdade de Administra\u00e7\u00e3o, Ci\u00eancias e Educa\u00e7\u00e3o-MG.<\/p>\n<p style=\"text-align: justify;\">Doutorado em Psican\u00e1lise pelo Phoenix Instituto da Fl\u00f3rida-EUA.<\/p>\n<p style=\"text-align: justify;\">Doutorado em Psican\u00e1lise Cl\u00ednica pela Escola de Psican\u00e1lise da Sociedade Brasileira de Psican\u00e1lise Contempor\u00e2nea. Rio de Janeiro-RJ. Cadastrada na Organiza\u00e7\u00e3o das Na\u00e7\u00f5es Unidas \u2013 (ONU).<\/p>\n<p style=\"text-align: justify;\"><strong>Autor do livro Terapia Psicanal\u00edtica: Demolindo a Ansiedade, a Depress\u00e3o e a Posse da Sa\u00fade F\u00edsica e Psicol\u00f3gica <\/strong><\/p>\n","protected":false},"excerpt":{"rendered":"<p>O adolescente e o jovem na sua dimens\u00e3o afetiva, querem se sentir, amados, acolhidos, respeitados, eles desejam serem ouvidos em suas ang\u00fastias e em seus dramas em primeiro lugar. Essa dimens\u00e3o afetiva \u00e9 a dimens\u00e3o da escuta, do amor e da compreens\u00e3o. A adolesc\u00eancia \u00e9 um per\u00edodo crucial para o desenvolvimento e manuten\u00e7\u00e3o de h\u00e1bitos [&hellip;]<\/p>\n","protected":false},"author":16,"featured_media":55822,"comment_status":"open","ping_status":"closed","sticky":false,"template":"","format":"standard","meta":{"footnotes":""},"categories":[9],"tags":[],"class_list":["post-82601","post","type-post","status-publish","format-standard","has-post-thumbnail","hentry","category-artigos"],"_links":{"self":[{"href":"https:\/\/catolicanet.net\/wp-cnet\/wp-json\/wp\/v2\/posts\/82601","targetHints":{"allow":["GET"]}}],"collection":[{"href":"https:\/\/catolicanet.net\/wp-cnet\/wp-json\/wp\/v2\/posts"}],"about":[{"href":"https:\/\/catolicanet.net\/wp-cnet\/wp-json\/wp\/v2\/types\/post"}],"author":[{"embeddable":true,"href":"https:\/\/catolicanet.net\/wp-cnet\/wp-json\/wp\/v2\/users\/16"}],"replies":[{"embeddable":true,"href":"https:\/\/catolicanet.net\/wp-cnet\/wp-json\/wp\/v2\/comments?post=82601"}],"version-history":[{"count":1,"href":"https:\/\/catolicanet.net\/wp-cnet\/wp-json\/wp\/v2\/posts\/82601\/revisions"}],"predecessor-version":[{"id":82602,"href":"https:\/\/catolicanet.net\/wp-cnet\/wp-json\/wp\/v2\/posts\/82601\/revisions\/82602"}],"wp:featuredmedia":[{"embeddable":true,"href":"https:\/\/catolicanet.net\/wp-cnet\/wp-json\/wp\/v2\/media\/55822"}],"wp:attachment":[{"href":"https:\/\/catolicanet.net\/wp-cnet\/wp-json\/wp\/v2\/media?parent=82601"}],"wp:term":[{"taxonomy":"category","embeddable":true,"href":"https:\/\/catolicanet.net\/wp-cnet\/wp-json\/wp\/v2\/categories?post=82601"},{"taxonomy":"post_tag","embeddable":true,"href":"https:\/\/catolicanet.net\/wp-cnet\/wp-json\/wp\/v2\/tags?post=82601"}],"curies":[{"name":"wp","href":"https:\/\/api.w.org\/{rel}","templated":true}]}}