{"id":82595,"date":"2023-06-24T11:37:58","date_gmt":"2023-06-24T14:37:58","guid":{"rendered":"https:\/\/catolicanet.net\/wp-cnet\/?p=82595"},"modified":"2023-06-28T11:39:44","modified_gmt":"2023-06-28T14:39:44","slug":"nao-tenhamos-medo-de-anunciar-o-evangelho-2","status":"publish","type":"post","link":"https:\/\/catolicanet.net\/wp-cnet\/nao-tenhamos-medo-de-anunciar-o-evangelho-2\/","title":{"rendered":"N\u00e3o tenhamos medo de anunciar o Evangelho!"},"content":{"rendered":"<p style=\"text-align: justify;\">As leituras deste 12\u00ba. Domingo do Tempo Comum p\u00f5em em relevo a dificuldade em viver como disc\u00edpulo, dando testemunho do projeto de Deus no mundo. Sugerem que a persegui\u00e7\u00e3o est\u00e1 sempre no horizonte do disc\u00edpulo&#8230; Mas garantem tamb\u00e9m que a solicitude e o amor de Deus n\u00e3o abandonam o disc\u00edpulo que d\u00e1 testemunho da salva\u00e7\u00e3o.<\/p>\n<p style=\"text-align: justify;\">A primeira leitura \u2013 Jr 20,10-13 \u2013 apresenta-nos o exemplo de um profeta do Antigo Testamento \u2013 Jeremias. \u00c9 o paradigma do profeta sofredor, que experimenta a persegui\u00e7\u00e3o, a solid\u00e3o, o abandono por causa da Palavra; no entanto, n\u00e3o deixa de confiar em Deus e de anunciar \u2013 com coer\u00eancia e fidelidade \u2013 as propostas de Deus para os homens. A leitura contempla parte da chamada quinta confiss\u00e3o de Jeremias. Depois de ser seduzido pelo Senhor e se deixar seduzir, o profeta proclama a justi\u00e7a divina e torna-se alvo de zombaria e de cal\u00fania. \u00c9 alvo de inj\u00farias e armadilhas por parte daqueles que n\u00e3o suportam a palavra prof\u00e9tica da verdade e da justi\u00e7a. Por isso, confessa seu desejo de abandonar a profecia. Mas, no final das contas, constata a presen\u00e7a de Deus ao seu lado e reza confiante: \u201cO Senhor est\u00e1 ao meu lado, como forte guerreiro; por isso, os que me perseguem cair\u00e3o vencidos\u201d(Jr 20,11)<\/p>\n<p style=\"text-align: justify;\">No Evangelho \u2013 Mt 10,26-33 \u2013, \u00e9 o pr\u00f3prio Jesus que, ao enviar os disc\u00edpulos, os avisa para a inevitabilidade das persegui\u00e7\u00f5es e das incompreens\u00f5es; mas acrescenta: \u201cn\u00e3o temais\u201d. Jesus garante aos seus a presen\u00e7a cont\u00ednua, a solicitude e o amor de Deus, ao longo de toda a sua caminhada pelo mundo. Jesus envia seus disc\u00edpulos exortando-os ao temor e \u00e0 confian\u00e7a em Deus, durante seu percurso mission\u00e1rio. Como o Senhor esteve e est\u00e1 ao lado de seus profetas, como se viu na Primeira leitura, o Cristo proteger\u00e1 sempre seus ap\u00f3stolos, profetas-mission\u00e1rios. Jesus insiste por tr\u00eas vezes com os disc\u00edpulos: \u201cN\u00e3o tenhais medo!\u201d. N\u00e3o temer pregar a verdade e o Evangelho por medo de quem n\u00e3o tem nenhum poder sobre a vida humana, essa \u00e9 a ordem de Jesus\u201d A incumb\u00eancia e o dever do disc\u00edpulo-mission\u00e1rio pregar e anunciar a verdade do Reino, o restante \u00e9 por conta de Deus e de Jesus: \u201cN\u00e3o tenhais medo!\u201d Todo aquele que se declarar a meu favor diante dos homens, tamb\u00e9m eu me declararei em favor dele diante do meu Pai que est\u00e1 nos c\u00e9us. Aquele, por\u00e9m, que me negar diante dos homens, tamb\u00e9m, eu o negarei diante do meu Pai que est\u00e1 nos c\u00e9us\u201d.<\/p>\n<p style=\"text-align: justify;\">Na segunda leitura \u2013 Rm 5,12-15 \u2013, Paulo demonstra aos crist\u00e3os de Roma como a fidelidade aos projetos de Deus gera vida e como uma vida organizada numa din\u00e2mica de ego\u00edsmo e de autossufici\u00eancia gera morte. A leitura nos revela que tanto o bem como o mal podem contagiar. Paulo desenvolve um paralelo entre Ad\u00e3o e Cristo. O paralelismo aponta para a superioridade do que aconteceu com Cristo: por causa de um s\u00f3 homem, a \u201cgra\u00e7a de Deus\u201d alcan\u00e7a toda a humanidade!<\/p>\n<p style=\"text-align: justify;\">Muitas pessoas hoje, infelizmente, tem medo de testemunhar e de anunciar a f\u00e9. Certamente o medo era o grande problema da comunidade de Mateus. Havia o risco dela fechar-se em si mesma, com medo dos chefes da Sinagoga e do Imp\u00e9rio ?romano, medo da pris\u00e3o e dos conflitos com a pr\u00f3pria fam\u00edlia.<\/p>\n<p style=\"text-align: justify;\">Hoje continuamos com medo do desemprego, da injusti\u00e7a, do fracasso, dos conflitos familiares, das persegui\u00e7\u00f5es, das viol\u00eancias vindas das mil\u00edcias e grupos criminosos que tomam conta das cidades e dos campos. O Evangelho, por sua vez, nos convida a n\u00e3o ter medo de viver o projeto de Jesus \u2013 que exige justi\u00e7a e compromisso com os mais pobres.<\/p>\n<p style=\"text-align: justify;\">As consequ\u00eancias do an\u00fancio do Evangelho s\u00e3o s\u00e9rias e nunca nos faltar\u00e1 a assist\u00eancia do Esp\u00edrito Santo que tira o nosso medo e nos ajuda a testemunhar, com coragem, a novidade de Jesus Ressuscitado.<\/p>\n<p style=\"text-align: justify;\">N\u00e3o tenhamos medo de anunciar o Evangelho! Muitos de n\u00f3s, pelo op\u00e7\u00e3o pelo Evangelho, sofremos cr\u00edticas, persegui\u00e7\u00f5es, incompreens\u00f5es, calunias quando combatemos as injusti\u00e7as, a mis\u00e9ria e a arrog\u00e2ncia. Jesus continua a nos dar for\u00e7a, estando sempre do nosso lado, para vencermos o medo e anunciarmos a bondade divina!<\/p>\n","protected":false},"excerpt":{"rendered":"<p>As leituras deste 12\u00ba. Domingo do Tempo Comum p\u00f5em em relevo a dificuldade em viver como disc\u00edpulo, dando testemunho do projeto de Deus no mundo. Sugerem que a persegui\u00e7\u00e3o est\u00e1 sempre no horizonte do disc\u00edpulo&#8230; Mas garantem tamb\u00e9m que a solicitude e o amor de Deus n\u00e3o abandonam o disc\u00edpulo que d\u00e1 testemunho da salva\u00e7\u00e3o. [&hellip;]<\/p>\n","protected":false},"author":10,"featured_media":55817,"comment_status":"open","ping_status":"closed","sticky":false,"template":"","format":"standard","meta":{"footnotes":""},"categories":[9],"tags":[],"class_list":["post-82595","post","type-post","status-publish","format-standard","has-post-thumbnail","hentry","category-artigos"],"_links":{"self":[{"href":"https:\/\/catolicanet.net\/wp-cnet\/wp-json\/wp\/v2\/posts\/82595","targetHints":{"allow":["GET"]}}],"collection":[{"href":"https:\/\/catolicanet.net\/wp-cnet\/wp-json\/wp\/v2\/posts"}],"about":[{"href":"https:\/\/catolicanet.net\/wp-cnet\/wp-json\/wp\/v2\/types\/post"}],"author":[{"embeddable":true,"href":"https:\/\/catolicanet.net\/wp-cnet\/wp-json\/wp\/v2\/users\/10"}],"replies":[{"embeddable":true,"href":"https:\/\/catolicanet.net\/wp-cnet\/wp-json\/wp\/v2\/comments?post=82595"}],"version-history":[{"count":1,"href":"https:\/\/catolicanet.net\/wp-cnet\/wp-json\/wp\/v2\/posts\/82595\/revisions"}],"predecessor-version":[{"id":82596,"href":"https:\/\/catolicanet.net\/wp-cnet\/wp-json\/wp\/v2\/posts\/82595\/revisions\/82596"}],"wp:featuredmedia":[{"embeddable":true,"href":"https:\/\/catolicanet.net\/wp-cnet\/wp-json\/wp\/v2\/media\/55817"}],"wp:attachment":[{"href":"https:\/\/catolicanet.net\/wp-cnet\/wp-json\/wp\/v2\/media?parent=82595"}],"wp:term":[{"taxonomy":"category","embeddable":true,"href":"https:\/\/catolicanet.net\/wp-cnet\/wp-json\/wp\/v2\/categories?post=82595"},{"taxonomy":"post_tag","embeddable":true,"href":"https:\/\/catolicanet.net\/wp-cnet\/wp-json\/wp\/v2\/tags?post=82595"}],"curies":[{"name":"wp","href":"https:\/\/api.w.org\/{rel}","templated":true}]}}