{"id":82555,"date":"2023-06-21T12:01:43","date_gmt":"2023-06-21T15:01:43","guid":{"rendered":"https:\/\/catolicanet.net\/wp-cnet\/?p=82555"},"modified":"2023-06-21T12:01:43","modified_gmt":"2023-06-21T15:01:43","slug":"acn-lanca-o-relatorio-de-liberdade-religiosa-nesta-sexta-feira-23-de-junho","status":"publish","type":"post","link":"https:\/\/catolicanet.net\/wp-cnet\/acn-lanca-o-relatorio-de-liberdade-religiosa-nesta-sexta-feira-23-de-junho\/","title":{"rendered":"ACN lan\u00e7a o Relat\u00f3rio de Liberdade Religiosa nesta sexta-feira, 23 de junho"},"content":{"rendered":"<p style=\"text-align: justify;\">O Relat\u00f3rio de Liberdade Religiosa no Mundo, produzido pela Funda\u00e7\u00e3o Pontif\u00edcia ACN (Ajuda \u00e0 Igreja que Sofre), ser\u00e1 lan\u00e7ado no Brasil nesta sexta-feira, 23 de junho, \u00e0s 10h, no audit\u00f3rio das Paulinas, em S\u00e3o Paulo. As conclus\u00f5es do relat\u00f3rio confirmam que a maior parte da popula\u00e7\u00e3o mundial vive em pa\u00edses onde a liberdade religiosa \u00e9 severamente restringida.<\/p>\n<p style=\"text-align: justify;\">O lan\u00e7amento no Brasil contar\u00e1 com a presen\u00e7a de Dom Luiz Fernando Lisboa para dar um testemunho sobre sua experi\u00eancia na Diocese de Pemba, norte de Mo\u00e7ambique, e a participa\u00e7\u00e3o e depoimentos de outras quatro lideran\u00e7as religiosas: o Xeique mu\u00e7ulmano Mohamad Al Bukai; o Pastor Luterano Marcos Ebeling, da \u00ddalorix\u00e1 M\u00e3e Carmem, do Candombl\u00e9; e do Arcebispo de S\u00e3o Paulo, Cardeal Odilo Scherer.<\/p>\n<p style=\"text-align: justify;\">A presidente da ACN Brasil, Ana Manente, far\u00e1 uma breve apresenta\u00e7\u00e3o sobre o trabalho da ACN e a exibi\u00e7\u00e3o do v\u00eddeo com as principais conclus\u00f5es do Relat\u00f3rio de Liberdade Religiosa 2023.<\/p>\n<p style=\"text-align: justify;\">O Relat\u00f3rio de Liberdade Religiosa no Mundo\u00a0\u00e9 uma compila\u00e7\u00e3o de an\u00e1lises da situa\u00e7\u00e3o legal e constitucional sobre a liberdade religiosa em cada um dos 196 pa\u00edses estudados e at\u00e9 que ponto a lei \u00e9 realmente respeitada neles. Descreve-se tamb\u00e9m os incidentes de persegui\u00e7\u00e3o religiosa registrados em cada na\u00e7\u00e3o, e diferenciados\u00a0em tr\u00eas categorias de tend\u00eancias globais sobre liberdade religiosa: <strong>1) Em observa\u00e7\u00e3o; 2) Discrimina\u00e7\u00e3o; 3) Persegui\u00e7\u00e3o.<\/strong><\/p>\n<p style=\"text-align: justify;\">O relat\u00f3rio tamb\u00e9m ser\u00e1 apresentado em um evento na Embaixada da It\u00e1lia junto \u00e0 Santa S\u00e9, com a presen\u00e7a do ministro italiano das Rela\u00e7\u00f5es Exteriores, Antonio Tajani, e do presidente da ACN Internacional, Cardeal Mauro Piacenza. Ap\u00f3s a sauda\u00e7\u00e3o do embaixador da It\u00e1lia na Santa S\u00e9, Francesco Di Nitto, o p\u00fablico ouvir\u00e1 uma mensagem em v\u00eddeo da primeira-ministra italiana, Giorgia Meloni.<\/p>\n<p style=\"text-align: justify;\">Al\u00e9m dos eventos em S\u00e3o Paulo e em Roma, a ACN ir\u00e1 realizar confer\u00eancias na Alemanha, Chile, Coreia do Sul, Espanha, Fran\u00e7a e Portugal. O Relat\u00f3rio de Liberdade Religiosa \u00e9 publicado a cada dois anos desde sua primeira edi\u00e7\u00e3o em 1999 e \u00e9 o \u00fanico relat\u00f3rio n\u00e3o governamental do mundo que cobre todos os pa\u00edses e n\u00e3o faz distin\u00e7\u00e3o entre religi\u00f5es.<\/p>\n","protected":false},"excerpt":{"rendered":"<p>O Relat\u00f3rio de Liberdade Religiosa no Mundo, produzido pela Funda\u00e7\u00e3o Pontif\u00edcia ACN (Ajuda \u00e0 Igreja que Sofre), ser\u00e1 lan\u00e7ado no Brasil nesta sexta-feira, 23 de junho, \u00e0s 10h, no audit\u00f3rio das Paulinas, em S\u00e3o Paulo. As conclus\u00f5es do relat\u00f3rio confirmam que a maior parte da popula\u00e7\u00e3o mundial vive em pa\u00edses onde a liberdade religiosa \u00e9 [&hellip;]<\/p>\n","protected":false},"author":1,"featured_media":67995,"comment_status":"open","ping_status":"closed","sticky":false,"template":"","format":"standard","meta":{"footnotes":""},"categories":[4],"tags":[],"class_list":["post-82555","post","type-post","status-publish","format-standard","has-post-thumbnail","hentry","category-cotidiano"],"_links":{"self":[{"href":"https:\/\/catolicanet.net\/wp-cnet\/wp-json\/wp\/v2\/posts\/82555","targetHints":{"allow":["GET"]}}],"collection":[{"href":"https:\/\/catolicanet.net\/wp-cnet\/wp-json\/wp\/v2\/posts"}],"about":[{"href":"https:\/\/catolicanet.net\/wp-cnet\/wp-json\/wp\/v2\/types\/post"}],"author":[{"embeddable":true,"href":"https:\/\/catolicanet.net\/wp-cnet\/wp-json\/wp\/v2\/users\/1"}],"replies":[{"embeddable":true,"href":"https:\/\/catolicanet.net\/wp-cnet\/wp-json\/wp\/v2\/comments?post=82555"}],"version-history":[{"count":1,"href":"https:\/\/catolicanet.net\/wp-cnet\/wp-json\/wp\/v2\/posts\/82555\/revisions"}],"predecessor-version":[{"id":82556,"href":"https:\/\/catolicanet.net\/wp-cnet\/wp-json\/wp\/v2\/posts\/82555\/revisions\/82556"}],"wp:featuredmedia":[{"embeddable":true,"href":"https:\/\/catolicanet.net\/wp-cnet\/wp-json\/wp\/v2\/media\/67995"}],"wp:attachment":[{"href":"https:\/\/catolicanet.net\/wp-cnet\/wp-json\/wp\/v2\/media?parent=82555"}],"wp:term":[{"taxonomy":"category","embeddable":true,"href":"https:\/\/catolicanet.net\/wp-cnet\/wp-json\/wp\/v2\/categories?post=82555"},{"taxonomy":"post_tag","embeddable":true,"href":"https:\/\/catolicanet.net\/wp-cnet\/wp-json\/wp\/v2\/tags?post=82555"}],"curies":[{"name":"wp","href":"https:\/\/api.w.org\/{rel}","templated":true}]}}