{"id":82475,"date":"2023-06-15T13:21:32","date_gmt":"2023-06-15T16:21:32","guid":{"rendered":"https:\/\/catolicanet.net\/wp-cnet\/?p=82475"},"modified":"2023-06-15T13:21:32","modified_gmt":"2023-06-15T16:21:32","slug":"papa-francisco-tera-alta-na-manha-desta-sexta-feira","status":"publish","type":"post","link":"https:\/\/catolicanet.net\/wp-cnet\/papa-francisco-tera-alta-na-manha-desta-sexta-feira\/","title":{"rendered":"Papa Francisco ter\u00e1 alta na manh\u00e3 desta sexta-feira"},"content":{"rendered":"<figure class=\"article__image\" style=\"text-align: justify;\"><span class=\"didascalia_img\">Est\u00e1tua de Jo\u00e3o Paulo II tendo ao fundo fachada do Germelli\u00a0 (ANSA)<\/span><\/figure>\n<div class=\"article__meta audioInside\" data-mediatype=\"\">\n<div class=\"article__subTitle\" style=\"text-align: justify;\">A equipe m\u00e9dica que acompanha o Papa no Gemelli confirmou que Francisco ter\u00e1 alta na manh\u00e3 desta sexta-feira, 16 de junho.<\/div>\n<div class=\"title__separator\" style=\"text-align: justify;\"><\/div>\n<div class=\"article__text\">\n<p style=\"text-align: justify;\"><b>Vatican News<\/b><\/p>\n<p style=\"text-align: justify;\">O Diretor da Sala de Imprensa da Santa S\u00e9, Matteo Bruni, anuncia que:<\/p>\n<p style=\"text-align: justify;\">&#8220;A equipe m\u00e9dica informa que o Papa Francisco repousou bem durante a noite. O decurso cl\u00ednico continua regularmente. Os exames hemato qu\u00edmicos est\u00e3o normais. Na noite de ontem teve um jantar comunit\u00e1rio, junto com os que o acompanham desde o dia da hospitaliza\u00e7\u00e3o&#8221;.<\/p>\n<div style=\"text-align: justify;\">\n<div class=\"article__embed article__embed--unwrap article__embed--dark\">\n<div class=\"article__innerTitle\">Ou\u00e7a e compartilhe<\/div>\n<div>\n<!--[if lt IE 9]><script>document.createElement('audio');<\/script><![endif]-->\n<audio class=\"wp-audio-shortcode\" id=\"audio-82475-1\" preload=\"none\" style=\"width: 100%;\" controls=\"controls\"><source type=\"audio\/mpeg\" src=\"https:\/\/media.vaticannews.va\/media\/audio\/s1\/2023\/06\/15\/16\/137149827_F137149827.mp3?_=1\" \/><a href=\"https:\/\/media.vaticannews.va\/media\/audio\/s1\/2023\/06\/15\/16\/137149827_F137149827.mp3\">https:\/\/media.vaticannews.va\/media\/audio\/s1\/2023\/06\/15\/16\/137149827_F137149827.mp3<\/a><\/audio>\n<\/div>\n<\/div>\n<\/div>\n<p style=\"text-align: justify;\">Na manh\u00e3 desta quinta-feira, continua o comunicado, &#8220;em sinal de agradecimento, recebeu toda a equipe de cir\u00fargica composta por m\u00e9dicos, enfermeiros, assistentes sociais e de sa\u00fade e auxiliares que coordenaram, realizaram e viabilizaram a opera\u00e7\u00e3o cir\u00fargica do dia 7 de junho.&#8221;<\/p>\n<p style=\"text-align: justify;\">Foi acrescentado que sucessivamente o Santo Padre &#8220;encontrou Dom Claudio Giuliodori, assistente eclesi\u00e1stico geral da Universidade Cat\u00f3lica e Pe. Nunzio Currao, assistente espiritual do pessoal da Policl\u00ednica; em seguida, os representantes do Conselho de Administra\u00e7\u00e3o da Funda\u00e7\u00e3o Policl\u00ednica Gemelli, com o presidente Carlo Fratta Pasini e o Reitor da Universidade Cat\u00f3lica, Prof. Franco Anelli, juntamente com os \u00f3rg\u00e3os e a dire\u00e7\u00e3o da Policl\u00ednica, com o diretor geral , Prof. Marco Elefantes.<\/p>\n<p style=\"text-align: justify;\">No final, ele se dirigiu ao setor de Oncologia Pedi\u00e1trica e Neurocirurgia Infantil, onde s\u00e3o atendidos os pequenos pacientes que expressaram seu afeto ao Papa nos \u00faltimos dias por meio de in\u00fameras cartas, desenhos e mensagens por uma r\u00e1pida recupera\u00e7\u00e3o. O Papa Francisco &#8220;tocou com a m\u00e3o&#8221; a dor dessas crian\u00e7as que carregam o sofrimento da Cruz em seus ombros todos os dias, junto com suas m\u00e3es e pais. A cada um deles deu um Ros\u00e1rio e um livro.<\/p>\n<p style=\"text-align: justify;\">Ao saudar os presentes, Sua Santidade agradeceu a todos os funcion\u00e1rios pelo seu profissionalismo e esfor\u00e7o em aliviar o sofrimento do outro, al\u00e9m dos medicamentos, com a ternura e a humanidade.&#8221;<\/p>\n<p style=\"text-align: justify;\">O comunicado da Sala de Imprensa afirma ainda que &#8220;a equipe de sa\u00fade que acompanha o Papa Francisco confirmou a alta do Santo Padre da Policl\u00ednica A. Gemelli amanh\u00e3 de manh\u00e3, sexta-feira, 16 de junho\u201d.<\/p>\n<\/div>\n<\/div>\n","protected":false},"excerpt":{"rendered":"<p>Est\u00e1tua de Jo\u00e3o Paulo II tendo ao fundo fachada do Germelli\u00a0 (ANSA) A equipe m\u00e9dica que acompanha o Papa no Gemelli confirmou que Francisco ter\u00e1 alta na manh\u00e3 desta sexta-feira, 16 de junho. Vatican News O Diretor da Sala de Imprensa da Santa S\u00e9, Matteo Bruni, anuncia que: &#8220;A equipe m\u00e9dica informa que o Papa [&hellip;]<\/p>\n","protected":false},"author":1,"featured_media":82476,"comment_status":"open","ping_status":"closed","sticky":false,"template":"","format":"standard","meta":{"footnotes":""},"categories":[13,3],"tags":[],"class_list":["post-82475","post","type-post","status-publish","format-standard","has-post-thumbnail","hentry","category-featured","category-vaticano"],"_links":{"self":[{"href":"https:\/\/catolicanet.net\/wp-cnet\/wp-json\/wp\/v2\/posts\/82475","targetHints":{"allow":["GET"]}}],"collection":[{"href":"https:\/\/catolicanet.net\/wp-cnet\/wp-json\/wp\/v2\/posts"}],"about":[{"href":"https:\/\/catolicanet.net\/wp-cnet\/wp-json\/wp\/v2\/types\/post"}],"author":[{"embeddable":true,"href":"https:\/\/catolicanet.net\/wp-cnet\/wp-json\/wp\/v2\/users\/1"}],"replies":[{"embeddable":true,"href":"https:\/\/catolicanet.net\/wp-cnet\/wp-json\/wp\/v2\/comments?post=82475"}],"version-history":[{"count":1,"href":"https:\/\/catolicanet.net\/wp-cnet\/wp-json\/wp\/v2\/posts\/82475\/revisions"}],"predecessor-version":[{"id":82477,"href":"https:\/\/catolicanet.net\/wp-cnet\/wp-json\/wp\/v2\/posts\/82475\/revisions\/82477"}],"wp:featuredmedia":[{"embeddable":true,"href":"https:\/\/catolicanet.net\/wp-cnet\/wp-json\/wp\/v2\/media\/82476"}],"wp:attachment":[{"href":"https:\/\/catolicanet.net\/wp-cnet\/wp-json\/wp\/v2\/media?parent=82475"}],"wp:term":[{"taxonomy":"category","embeddable":true,"href":"https:\/\/catolicanet.net\/wp-cnet\/wp-json\/wp\/v2\/categories?post=82475"},{"taxonomy":"post_tag","embeddable":true,"href":"https:\/\/catolicanet.net\/wp-cnet\/wp-json\/wp\/v2\/tags?post=82475"}],"curies":[{"name":"wp","href":"https:\/\/api.w.org\/{rel}","templated":true}]}}