{"id":82389,"date":"2023-06-09T10:17:12","date_gmt":"2023-06-09T13:17:12","guid":{"rendered":"https:\/\/catolicanet.net\/wp-cnet\/?p=82389"},"modified":"2023-06-09T12:18:37","modified_gmt":"2023-06-09T15:18:37","slug":"mensagens-de-afeto-e-proximidade-ao-papa-francisco","status":"publish","type":"post","link":"https:\/\/catolicanet.net\/wp-cnet\/mensagens-de-afeto-e-proximidade-ao-papa-francisco\/","title":{"rendered":"Mensagens de afeto e proximidade ao Papa Francisco"},"content":{"rendered":"<figure class=\"article__image\" style=\"text-align: justify;\"><span class=\"didascalia_img\">O Papa Francisco durante a missa celebrada na Universidade Cat\u00f3lica do Sagrado Cora\u00e7\u00e3o, em Roma\u00a0 (Vatican Media)<\/span><\/figure>\n<div class=\"article__meta audioInside\" data-mediatype=\"\">\n<div class=\"article__subTitle\" style=\"text-align: justify;\">O Papa Francisco recebeu, nas \u00faltimas horas, v\u00e1rias mensagens de afeto e proximidade devido \u00e0 cirurgia a que foi submetido, na \u00faltima quarta-feira, no Hospital Universit\u00e1rio Agostino Gemelli, em Roma.<\/div>\n<div class=\"title__separator\" style=\"text-align: justify;\"><\/div>\n<div class=\"article__text\">\n<p style=\"text-align: justify;\"><b>Vatican News<\/b><\/p>\n<p style=\"text-align: justify;\">Continuam chegando mensagens de afeto e proximidade ao Papa Francisco que foi submetido, na \u00faltima quarta-feira (08\/06), a uma laparotomia e a uma cirurgia pl\u00e1stica da parede abdominal com pr\u00f3tese, no Hospital Universit\u00e1rio Agostino Gemelli, em Roma.<\/p>\n<div style=\"text-align: justify;\">\n<div class=\"article__embed article__embed--unwrap article__embed--dark\">\n<div class=\"article__innerTitle\">Ou\u00e7a e compartilhe<\/div>\n<div>\n<!--[if lt IE 9]><script>document.createElement('audio');<\/script><![endif]-->\n<audio class=\"wp-audio-shortcode\" id=\"audio-82389-1\" preload=\"none\" style=\"width: 100%;\" controls=\"controls\"><source type=\"audio\/mpeg\" src=\"https:\/\/media.vaticannews.va\/media\/audio\/s1\/2023\/06\/08\/12\/137130966_F137130966.mp3?_=1\" \/><a href=\"https:\/\/media.vaticannews.va\/media\/audio\/s1\/2023\/06\/08\/12\/137130966_F137130966.mp3\">https:\/\/media.vaticannews.va\/media\/audio\/s1\/2023\/06\/08\/12\/137130966_F137130966.mp3<\/a><\/audio>\n<\/div>\n<\/div>\n<\/div>\n<p style=\"text-align: justify;\">&#8220;N\u00e3o tenha medo estamos com voc\u00ea&#8221;, foi o encorajamento ao Santo Padre das crian\u00e7as que se encontram internadas no\u00a0<b>Hospital Menino Jesus<\/b>, em Roma.<\/p>\n<p style=\"text-align: justify;\">O\u00a0<b>presidente da Rep\u00fablica Italiana, Sergio Mattarella<\/b>, enviou a seguinte mensagem ao Papa Francisco:<\/p>\n<p style=\"text-align: justify;\">&#8220;Santidade, em vista de sua interna\u00e7\u00e3o no Hospital Gemelli, desejo enviar-lhe meus melhores votos pelo bom \u00eaxito da opera\u00e7\u00e3o. O povo italiano est\u00e1 pr\u00f3ximo ao senhor com sentimentos de afeto e solidariedade. Renovo os mais sinceros votos de uma convalescen\u00e7a serena e de uma r\u00e1pida e completa recupera\u00e7\u00e3o.&#8221;<\/p>\n<p style=\"text-align: justify;\">A\u00a0<b>Confer\u00eancia Episcopal dos Estados Unidos<\/b>\u00a0tamb\u00e9m manifestou afeto e solidariedade ao Papa Francisco, numa nota divulgada na \u00faltima quarta-feira (07\/06),<\/p>\n<p style=\"text-align: justify;\">&#8220;Enquanto o Papa Francisco se recupera da cirurgia, ele \u00e9 fortalecido pela f\u00e9 no poder de cura de nosso Deus misericordioso. Por favor, rezem todos os dias pelo Papa Francisco e por todos os que se encontram no hospital. Jesus sempre caminha conosco e est\u00e1 ainda mais perto quando precisamos de cura e conforto.&#8221;<\/p>\n<p style=\"text-align: justify;\">O\u00a0<b>Conselho Episcopal Latino-americano (CELAM)<\/b>\u00a0tamb\u00e9m acompanha o Papa Francisco com sua proximidade e afeto neste momento de recupera\u00e7\u00e3o. &#8220;Damos gra\u00e7as a Deus pela opera\u00e7\u00e3o que se realizou sem complica\u00e7\u00f5es e convidamos todo o povo da Am\u00e9rica Latina e Caribe a unir-se em ora\u00e7\u00e3o pela pronta e total recupera\u00e7\u00e3o do nosso querido Papa Francisco. Que Maria, m\u00e3e de ternura e consolo dos enfermos, o proteja e fortale\u00e7a para seguir nos guiando como pastor universal e confirmando-nos na unidade&#8221;, escreve a presid\u00eancia do Celam.<\/p>\n<p style=\"text-align: justify;\">&#8220;A\u00a0<b>Confer\u00eancia Episcopal Francesa<\/b>\u00a0se une \u00e0 ora\u00e7\u00e3o dos cat\u00f3licos da Fran\u00e7a pelo Papa Francisco. Que Deus o ampare na prova\u00e7\u00e3o e o fortale\u00e7a em sua miss\u00e3o.&#8221;<\/p>\n<p style=\"text-align: justify;\">O\u00a0<b>presidente da Confer\u00eancia Episcopal Peruana, dom Miguel Cabrejos Vidarte<\/b>, pediu aos fi\u00e9is cat\u00f3licos e a todas as pessoas de boa vontade que permane\u00e7am em ora\u00e7\u00e3o pela sa\u00fade do Papa Francisco.<\/p>\n<p style=\"text-align: justify;\">&#8220;Convido nossos irm\u00e3os e irm\u00e3s a rezarem pelo nosso querido Papa Francisco para que ele possa se recuperar em breve e plenamente ap\u00f3s a opera\u00e7\u00e3o a que foi submetido. A ora\u00e7\u00e3o pessoal e comunit\u00e1ria do Povo de Deus \u00e9 a nossa maior for\u00e7a para enfrentar os problemas de sa\u00fade do Santo Padre Francisco&#8221;, escreve dom Vidarte.<\/p>\n<p style=\"text-align: justify;\">Uma mensagem de votos de uma r\u00e1pida recupera\u00e7\u00e3o foi enviada ao Papa Francisco pelo\u00a0<b>arcebispo-mor, Sviatoslav Shevchuck<\/b>, chefe da Igreja greco-cat\u00f3lica ucraniana.<\/p>\n<\/div>\n<\/div>\n","protected":false},"excerpt":{"rendered":"<p>O Papa Francisco durante a missa celebrada na Universidade Cat\u00f3lica do Sagrado Cora\u00e7\u00e3o, em Roma\u00a0 (Vatican Media) O Papa Francisco recebeu, nas \u00faltimas horas, v\u00e1rias mensagens de afeto e proximidade devido \u00e0 cirurgia a que foi submetido, na \u00faltima quarta-feira, no Hospital Universit\u00e1rio Agostino Gemelli, em Roma. Vatican News Continuam chegando mensagens de afeto e [&hellip;]<\/p>\n","protected":false},"author":1,"featured_media":82390,"comment_status":"open","ping_status":"closed","sticky":false,"template":"","format":"standard","meta":{"footnotes":""},"categories":[3],"tags":[],"class_list":["post-82389","post","type-post","status-publish","format-standard","has-post-thumbnail","hentry","category-vaticano"],"_links":{"self":[{"href":"https:\/\/catolicanet.net\/wp-cnet\/wp-json\/wp\/v2\/posts\/82389","targetHints":{"allow":["GET"]}}],"collection":[{"href":"https:\/\/catolicanet.net\/wp-cnet\/wp-json\/wp\/v2\/posts"}],"about":[{"href":"https:\/\/catolicanet.net\/wp-cnet\/wp-json\/wp\/v2\/types\/post"}],"author":[{"embeddable":true,"href":"https:\/\/catolicanet.net\/wp-cnet\/wp-json\/wp\/v2\/users\/1"}],"replies":[{"embeddable":true,"href":"https:\/\/catolicanet.net\/wp-cnet\/wp-json\/wp\/v2\/comments?post=82389"}],"version-history":[{"count":1,"href":"https:\/\/catolicanet.net\/wp-cnet\/wp-json\/wp\/v2\/posts\/82389\/revisions"}],"predecessor-version":[{"id":82391,"href":"https:\/\/catolicanet.net\/wp-cnet\/wp-json\/wp\/v2\/posts\/82389\/revisions\/82391"}],"wp:featuredmedia":[{"embeddable":true,"href":"https:\/\/catolicanet.net\/wp-cnet\/wp-json\/wp\/v2\/media\/82390"}],"wp:attachment":[{"href":"https:\/\/catolicanet.net\/wp-cnet\/wp-json\/wp\/v2\/media?parent=82389"}],"wp:term":[{"taxonomy":"category","embeddable":true,"href":"https:\/\/catolicanet.net\/wp-cnet\/wp-json\/wp\/v2\/categories?post=82389"},{"taxonomy":"post_tag","embeddable":true,"href":"https:\/\/catolicanet.net\/wp-cnet\/wp-json\/wp\/v2\/tags?post=82389"}],"curies":[{"name":"wp","href":"https:\/\/api.w.org\/{rel}","templated":true}]}}