{"id":82361,"date":"2023-06-07T10:38:33","date_gmt":"2023-06-07T13:38:33","guid":{"rendered":"https:\/\/catolicanet.net\/wp-cnet\/?p=82361"},"modified":"2023-06-07T14:39:32","modified_gmt":"2023-06-07T17:39:32","slug":"uma-das-oracoes-mais-curtas-e-poderosas-que-voce-pode-fazer","status":"publish","type":"post","link":"https:\/\/catolicanet.net\/wp-cnet\/uma-das-oracoes-mais-curtas-e-poderosas-que-voce-pode-fazer\/","title":{"rendered":"Uma das ora\u00e7\u00f5es mais curtas e poderosas que voc\u00ea pode fazer"},"content":{"rendered":"<h2 class=\"subtitle\" style=\"text-align: justify;\">Esta prece nos permite aclamar a bondade de Deus t\u00e3o generosamente partilhada<\/h2>\n<p style=\"text-align: justify;\">O\u201cGl\u00f3ria ao Pai\u201d \u00e9 uma das ora\u00e7\u00f5es mais curtas, por\u00e9m mais poderosas, que podemos fazer.<\/p>\n<blockquote class=\"wp-block-quote\"><p>\u201cGl\u00f3ria ao Pai e ao Filho<br \/>\ne ao Esp\u00edrito Santo.<br \/>\nComo era, no princ\u00edpio,<br \/>\nagora e sempre.<br \/>\nAm\u00e9m!\u201d<\/p><\/blockquote>\n<p style=\"text-align: justify;\">O que estamos fazendo quando rezamos essa ora\u00e7\u00e3o? O Catecismo nos diz que a gl\u00f3ria de Deus consiste na realiza\u00e7\u00e3o da manifesta\u00e7\u00e3o e da comunica\u00e7\u00e3o da Sua bondade (ver CIC 294).<\/p>\n<p style=\"text-align: justify;\">Quando rezamos o \u201cGl\u00f3ria ao Pai\u201d, estamos aclamando nossa experi\u00eancia da bondade de Deus t\u00e3o generosamente compartilhada. O Cardeal Raneiro Cantalamessa ressalta que a gl\u00f3ria de Deus n\u00e3o \u00e9 outra sen\u00e3o a de amar as pessoas gratuitamente. Ao mesmo tempo, ele nos lembra que \u201co pecado b\u00e1sico \u00e9 a recusa de glorificar a Deus. Ao se recusar a glorificar Deus, o ser humano se torna privado da Sua gl\u00f3ria\u201d.<\/p>\n<div class=\"wp-block-aleteia-heading3\" style=\"text-align: justify;\">\n<h3>Gl\u00f3ria ao Pai<\/h3>\n<\/div>\n<p style=\"text-align: justify;\">Ao rezar o \u201cGl\u00f3ria ao Pai\u201d, estamos glorificando Deus por ter nos amado. Glorificamos o Pai quando reconhecemos que o Pai sabe o pior sobre n\u00f3s, mas que usa esse conhecimento para nos amar ainda mais, porque precisamos que Ele nos ame mais como Seus filhos.<\/p>\n<p style=\"text-align: justify;\">Glorificar o Pai \u00e9 louvar a recusa do Pai em se tornar fatalista em rela\u00e7\u00e3o aos nossos fracassos. Glorificar o Pai \u00e9 proclamar que somos amados simplesmente por sermos Dele. O Pe. Francis Martin escreveu que \u201ca gl\u00f3ria \u00e9 o amor que se expressa quando Jesus se entrega em total obedi\u00eancia \u00e0 vontade do Pai\u201d. Rezar o \u201cGl\u00f3ria ao Pai\u201d \u00e9 pedir que nos seja concedida a gra\u00e7a de nos entregarmos, como Jesus, ao Pai em total obedi\u00eancia \u00e0 Sua vontade.<\/p>\n<div class=\"wp-block-aleteia-heading3\" style=\"text-align: justify;\">\n<h3>Gl\u00f3ria ao Filho<\/h3>\n<\/div>\n<p style=\"text-align: justify;\">Por \u201cGl\u00f3ria ao Filho\u201d, queremos dizer, como canta a liturgia bizantina, \u201cGl\u00f3ria \u00e0 presen\u00e7a ativa de vossa provid\u00eancia em nossas vidas, \u00f3 Cristo, nosso Rei: por meio dela, conseguistes a salva\u00e7\u00e3o para todos\u201d.<\/p>\n<p style=\"text-align: justify;\">O Bispo Massimo Camisasca observa que \u201cglorificamos Deus ao nos permitirmos ser atra\u00eddos para o ato de amor que foi realizado na cruz\u201d. Como declara Santo Ambr\u00f3sio: \u201cN\u00e3o me vangloriarei pelo fato de ter sido redimido. N\u00e3o me vangloriarei porque estou livre de pecados, mas porque os pecados me foram perdoados. N\u00e3o me vangloriarei porque sou lucrativo ou porque algu\u00e9m \u00e9 lucrativo para mim, mas porque Cristo \u00e9 um advogado em meu favor junto ao Pai, porque o sangue de Cristo foi derramado em meu favor\u201d. Demos gl\u00f3ria \u00e0 amizade do Filho de Deus conosco! Demos gl\u00f3ria \u00e0 Presen\u00e7a Real e infal\u00edvel do Filho!<\/p>\n<div class=\"wp-block-aleteia-heading3\" style=\"text-align: justify;\">\n<h3>Gl\u00f3ria ao Esp\u00edrito Santo<\/h3>\n<\/div>\n<p style=\"text-align: justify;\">E, pela\u00a0\u201cGl\u00f3ria\u00a0ao Esp\u00edrito Santo\u201d,\u00a0estamos implorando \u00e0 Terceira Pessoa da Sant\u00edssima Trindade que entre em nosso cora\u00e7\u00e3o e tome posse de nosso pr\u00f3prio ser.\u00a0Pois estamos cientes de como podemos ser inclinados\u00a0a\u00a0<em>n\u00e3o<\/em>\u00a0sermos espiritualistas, mas carnais, mundanos, venais, materialistas.<\/p>\n<p style=\"text-align: justify;\">O que d\u00e1 gl\u00f3rias a Deus est\u00e1 indo a ele no conhecimento de sua incapacidade, indignidade, impot\u00eancia, do seu pecado atual.\u00a0Quando nos entregamos a Deus nesses momentos, n\u00f3s o glorificamos mais, porque dependemos dele para tudo, sem nenhuma ilus\u00e3o sobre nossa pr\u00f3pria \u201cbondade\u201d.\u00a0N\u00f3s demos gl\u00f3ria a Deus atrav\u00e9s da nossa compreens\u00e3o de nossa depend\u00eancia Dele para tudo.\u00a0Imploramos por transforma\u00e7\u00e3o cont\u00ednua.<\/p>\n","protected":false},"excerpt":{"rendered":"<p>Esta prece nos permite aclamar a bondade de Deus t\u00e3o generosamente partilhada O\u201cGl\u00f3ria ao Pai\u201d \u00e9 uma das ora\u00e7\u00f5es mais curtas, por\u00e9m mais poderosas, que podemos fazer. \u201cGl\u00f3ria ao Pai e ao Filho e ao Esp\u00edrito Santo. Como era, no princ\u00edpio, agora e sempre. Am\u00e9m!\u201d O que estamos fazendo quando rezamos essa ora\u00e7\u00e3o? O Catecismo [&hellip;]<\/p>\n","protected":false},"author":1,"featured_media":82362,"comment_status":"open","ping_status":"closed","sticky":false,"template":"","format":"standard","meta":{"footnotes":""},"categories":[4],"tags":[],"class_list":["post-82361","post","type-post","status-publish","format-standard","has-post-thumbnail","hentry","category-cotidiano"],"_links":{"self":[{"href":"https:\/\/catolicanet.net\/wp-cnet\/wp-json\/wp\/v2\/posts\/82361","targetHints":{"allow":["GET"]}}],"collection":[{"href":"https:\/\/catolicanet.net\/wp-cnet\/wp-json\/wp\/v2\/posts"}],"about":[{"href":"https:\/\/catolicanet.net\/wp-cnet\/wp-json\/wp\/v2\/types\/post"}],"author":[{"embeddable":true,"href":"https:\/\/catolicanet.net\/wp-cnet\/wp-json\/wp\/v2\/users\/1"}],"replies":[{"embeddable":true,"href":"https:\/\/catolicanet.net\/wp-cnet\/wp-json\/wp\/v2\/comments?post=82361"}],"version-history":[{"count":1,"href":"https:\/\/catolicanet.net\/wp-cnet\/wp-json\/wp\/v2\/posts\/82361\/revisions"}],"predecessor-version":[{"id":82363,"href":"https:\/\/catolicanet.net\/wp-cnet\/wp-json\/wp\/v2\/posts\/82361\/revisions\/82363"}],"wp:featuredmedia":[{"embeddable":true,"href":"https:\/\/catolicanet.net\/wp-cnet\/wp-json\/wp\/v2\/media\/82362"}],"wp:attachment":[{"href":"https:\/\/catolicanet.net\/wp-cnet\/wp-json\/wp\/v2\/media?parent=82361"}],"wp:term":[{"taxonomy":"category","embeddable":true,"href":"https:\/\/catolicanet.net\/wp-cnet\/wp-json\/wp\/v2\/categories?post=82361"},{"taxonomy":"post_tag","embeddable":true,"href":"https:\/\/catolicanet.net\/wp-cnet\/wp-json\/wp\/v2\/tags?post=82361"}],"curies":[{"name":"wp","href":"https:\/\/api.w.org\/{rel}","templated":true}]}}