{"id":82295,"date":"2023-06-05T09:30:37","date_gmt":"2023-06-05T12:30:37","guid":{"rendered":"https:\/\/catolicanet.net\/wp-cnet\/?p=82295"},"modified":"2023-06-07T13:32:08","modified_gmt":"2023-06-07T16:32:08","slug":"o-menino-e-o-mar","status":"publish","type":"post","link":"https:\/\/catolicanet.net\/wp-cnet\/o-menino-e-o-mar\/","title":{"rendered":"O MENINO E O MAR"},"content":{"rendered":"<p style=\"text-align: justify;\"><strong>\u00a0\u00a0\u00a0\u00a0\u00a0\u00a0\u00a0\u00a0\u00a0\u00a0\u00a0 <\/strong>De todos os segredos e mist\u00e9rios que cercam a exist\u00eancia humana nenhum \u00e9 maior e mais inexplic\u00e1vel do que a Trindade e a Unidade de um Deus. Este que dizemos ser Uno e Trino, Criador e Redentor, Pai, Filho e Espirito Santo, um ser em tr\u00eas pessoas. Qual seu segredo, origem, mist\u00e9rio? Tentar explicar ou entender com nossa limitada sabedoria tamanho mist\u00e9rio e t\u00e3o inef\u00e1vel segredo \u00e9 pr\u00f3prio do animal humano que sequer sua exist\u00eancia \u00e9 capaz de entender ou explicar. Ent\u00e3o nos sobra a mais \u00f3bvia e inspirada defini\u00e7\u00e3o, vinda da boca de um santo, n\u00e3o um qualquer, mas Jo\u00e3o, aquele que Jesus amava: Deus \u00e9 Amor.. e ponto!<\/p>\n<p style=\"text-align: justify;\">\u00a0\u00a0\u00a0\u00a0\u00a0\u00a0\u00a0\u00a0\u00a0\u00a0\u00a0 Desde ent\u00e3o, foram muitos os santos que se debru\u00e7aram sobre esse mist\u00e9rio, tentando, \u00e0 luz das ci\u00eancias e compreens\u00f5es humanas, por um basta sobre o assunto. Dentre eles, o que mais ocupou seu tempo com teorias, teses e palavreado infind\u00e1vel foi Santo Agostinho, venerando doutor da Igreja. Al\u00e9m de suas Confiss\u00f5es, uma obra onde expos toda sua fragilidade e pequenez humana diante de Deus, escreveu tamb\u00e9m Trindade, uma obra volumosa, \u00f3timo \u201ctijolo\u201d para se cal\u00e7ar uma porta aberta. Brincadeira minha. Ironias \u00e0 parte, foi exatamente ao final dessa obra que Agostinho melhor se aproximou de uma explica\u00e7\u00e3o mais sensata.<\/p>\n<p style=\"text-align: justify;\">\u00a0\u00a0\u00a0\u00a0\u00a0\u00a0\u00a0\u00a0\u00a0\u00a0\u00a0 Dizia o doutor da Igreja, te\u00f3logo e um dos maiores pensadores da era crist\u00e3, ser necess\u00e1rio crer para compreender, mas igualmente compreender para crer. Assim, textualmente, um dia afirmou: \u201c\u00c9 pela raz\u00e3o que podemos obter a certeza de que Deus existe e \u00e9 uma natureza eterna e imut\u00e1vel\u201d. Aqui f\u00e9 e raz\u00e3o entram em pauta nas discuss\u00f5es humanas. \u00a0Mesmo assim, como explicar a Trindade? Eis seu maior dilema, um assunto que, literalmente, iria morrer na praia&#8230; isso mesmo! Estando o grande pensador em uma praia deserta, onde sempre buscava introspec\u00e7\u00e3o e intimidade com Deus, eis que um menino lhe tirou a aten\u00e7\u00e3o com um passatempo bem t\u00edpico de qualquer crian\u00e7a. Indo e vindo sem cessar, do mar para a areia e da areia para o mar, o menino enchia um recipiente com a \u00e1gua do mar e a depositava cuidadosamente num buraco feito \u00e0 m\u00e3o na imensid\u00e3o daquela praia. Intrigado com a cena, Agostinho interrogou a crian\u00e7a:<\/p>\n<p style=\"text-align: justify;\">\u00a0\u00a0\u00a0\u00a0\u00a0\u00a0\u00a0\u00a0\u00a0\u00a0\u00a0 &#8211; Que fazes menino?<\/p>\n<p style=\"text-align: justify;\">\u00a0\u00a0\u00a0\u00a0\u00a0\u00a0\u00a0\u00a0\u00a0\u00a0\u00a0 &#8211; Estou mudando o mar para esse buraco&#8230;<\/p>\n<p style=\"text-align: justify;\">\u00a0\u00a0\u00a0\u00a0\u00a0\u00a0\u00a0\u00a0\u00a0\u00a0\u00a0 &#8211; N\u00e3o v\u00eas ser isso imposs\u00edvel?<\/p>\n<p style=\"text-align: justify;\">\u00a0\u00a0\u00a0\u00a0\u00a0\u00a0\u00a0\u00a0\u00a0\u00a0\u00a0 Ent\u00e3o, com um olhar angelical, mais para piedoso do que para inocente, o menino se revelou um enviado celestial para lhe dar a resposta que buscava e que concluiria seu volumoso estudo sobre as verdades divinas<\/p>\n<p style=\"text-align: justify;\">\u00a0\u00a0\u00a0\u00a0\u00a0\u00a0\u00a0\u00a0\u00a0\u00a0\u00a0 &#8211; Isso \u00e9 f\u00e1cil. Imposs\u00edvel mesmo \u00e9 compreender e explicar o mist\u00e9rio da Sant\u00edssima Trindade.<\/p>\n","protected":false},"excerpt":{"rendered":"<p>\u00a0\u00a0\u00a0\u00a0\u00a0\u00a0\u00a0\u00a0\u00a0\u00a0\u00a0 De todos os segredos e mist\u00e9rios que cercam a exist\u00eancia humana nenhum \u00e9 maior e mais inexplic\u00e1vel do que a Trindade e a Unidade de um Deus. Este que dizemos ser Uno e Trino, Criador e Redentor, Pai, Filho e Espirito Santo, um ser em tr\u00eas pessoas. Qual seu segredo, origem, mist\u00e9rio? Tentar explicar [&hellip;]<\/p>\n","protected":false},"author":17,"featured_media":55826,"comment_status":"open","ping_status":"closed","sticky":false,"template":"","format":"standard","meta":{"footnotes":""},"categories":[9],"tags":[],"class_list":["post-82295","post","type-post","status-publish","format-standard","has-post-thumbnail","hentry","category-artigos"],"_links":{"self":[{"href":"https:\/\/catolicanet.net\/wp-cnet\/wp-json\/wp\/v2\/posts\/82295","targetHints":{"allow":["GET"]}}],"collection":[{"href":"https:\/\/catolicanet.net\/wp-cnet\/wp-json\/wp\/v2\/posts"}],"about":[{"href":"https:\/\/catolicanet.net\/wp-cnet\/wp-json\/wp\/v2\/types\/post"}],"author":[{"embeddable":true,"href":"https:\/\/catolicanet.net\/wp-cnet\/wp-json\/wp\/v2\/users\/17"}],"replies":[{"embeddable":true,"href":"https:\/\/catolicanet.net\/wp-cnet\/wp-json\/wp\/v2\/comments?post=82295"}],"version-history":[{"count":1,"href":"https:\/\/catolicanet.net\/wp-cnet\/wp-json\/wp\/v2\/posts\/82295\/revisions"}],"predecessor-version":[{"id":82296,"href":"https:\/\/catolicanet.net\/wp-cnet\/wp-json\/wp\/v2\/posts\/82295\/revisions\/82296"}],"wp:featuredmedia":[{"embeddable":true,"href":"https:\/\/catolicanet.net\/wp-cnet\/wp-json\/wp\/v2\/media\/55826"}],"wp:attachment":[{"href":"https:\/\/catolicanet.net\/wp-cnet\/wp-json\/wp\/v2\/media?parent=82295"}],"wp:term":[{"taxonomy":"category","embeddable":true,"href":"https:\/\/catolicanet.net\/wp-cnet\/wp-json\/wp\/v2\/categories?post=82295"},{"taxonomy":"post_tag","embeddable":true,"href":"https:\/\/catolicanet.net\/wp-cnet\/wp-json\/wp\/v2\/tags?post=82295"}],"curies":[{"name":"wp","href":"https:\/\/api.w.org\/{rel}","templated":true}]}}