{"id":82233,"date":"2023-06-01T10:53:07","date_gmt":"2023-06-01T13:53:07","guid":{"rendered":"https:\/\/catolicanet.net\/wp-cnet\/?p=82233"},"modified":"2023-06-01T14:57:08","modified_gmt":"2023-06-01T17:57:08","slug":"tolkien-sua-vida-suas-obras-e-o-senso-religioso","status":"publish","type":"post","link":"https:\/\/catolicanet.net\/wp-cnet\/tolkien-sua-vida-suas-obras-e-o-senso-religioso\/","title":{"rendered":"Tolkien: sua vida, suas obras e o Senso Religioso"},"content":{"rendered":"<p style=\"text-align: justify;\">\u00c9 com grande alegria que o Movimento Comunh\u00e3o e Liberta\u00e7\u00e3o, convida para um encontro sobre\u00a0<em>Tolkien: sua vida, suas obras e o Senso Religioso<\/em>.<\/p>\n<p style=\"text-align: justify;\">O evento, organizado em parceria com a Revista Passos, contar\u00e1 com grandes especialistas sobre o mundo Fant\u00e1stico de Tolkien.<\/p>\n<p style=\"text-align: justify;\">Ser\u00e1 na sexta-feira, dia 16\/06, \u00e0s 18hs, no audit\u00f3rio sala 3148F, na UERJ (Campus Maracan\u00e3) &#8211;\u00a0Rua S\u00e3o Francisco Xavier, 524, Maracan\u00e3.<\/p>\n<p style=\"text-align: justify;\">Ser\u00e3o emitidos certificados para quem participar presencialmente (inscri\u00e7\u00e3o opcional no formul\u00e1rio):\u00a0<a href=\"https:\/\/docs.google.com\/forms\/d\/e\/1FAIpQLSfvfxZyGxG-gjsogpNaKOtQOYRES032KSyIOIXnxA2hYTGfyg\/viewform\">https:\/\/docs.google.com\/forms\/d\/e\/1FAIpQLSfvfxZyGxG-gjsogpNaKOtQOYRES032KSyIOIXnxA2hYTGfyg\/viewform<\/a><\/p>\n<p style=\"text-align: justify;\">Tamb\u00e9m ser\u00e1 poss\u00edvel assistir online pelo canal YouTube de CL.<\/p>\n<p style=\"text-align: justify;\">Participe voc\u00ea tamb\u00e9m dessa aventura! \u201cSem voc\u00ea n\u00e3o \u00e9 o mesmo\u201d, ent\u00e3o vamos juntos com a Passos comunicar a nossa vida! Contamos com a presen\u00e7a e a divulga\u00e7\u00e3o de todos voc\u00eas!\u00a0 Entrada franca.<\/p>\n<p><img loading=\"lazy\" decoding=\"async\" class=\"alignnone wp-image-82234 size-full\" src=\"https:\/\/catolicanet.net\/wp-cnet\/wp-content\/uploads\/2023\/06\/Encontro-UERJ-Tolkien.jpg\" alt=\"\" width=\"1600\" height=\"1600\" \/><\/p>\n","protected":false},"excerpt":{"rendered":"<p>\u00c9 com grande alegria que o Movimento Comunh\u00e3o e Liberta\u00e7\u00e3o, convida para um encontro sobre\u00a0Tolkien: sua vida, suas obras e o Senso Religioso. O evento, organizado em parceria com a Revista Passos, contar\u00e1 com grandes especialistas sobre o mundo Fant\u00e1stico de Tolkien. Ser\u00e1 na sexta-feira, dia 16\/06, \u00e0s 18hs, no audit\u00f3rio sala 3148F, na UERJ [&hellip;]<\/p>\n","protected":false},"author":1,"featured_media":82234,"comment_status":"open","ping_status":"closed","sticky":false,"template":"","format":"standard","meta":{"footnotes":""},"categories":[4],"tags":[],"class_list":["post-82233","post","type-post","status-publish","format-standard","has-post-thumbnail","hentry","category-cotidiano"],"_links":{"self":[{"href":"https:\/\/catolicanet.net\/wp-cnet\/wp-json\/wp\/v2\/posts\/82233","targetHints":{"allow":["GET"]}}],"collection":[{"href":"https:\/\/catolicanet.net\/wp-cnet\/wp-json\/wp\/v2\/posts"}],"about":[{"href":"https:\/\/catolicanet.net\/wp-cnet\/wp-json\/wp\/v2\/types\/post"}],"author":[{"embeddable":true,"href":"https:\/\/catolicanet.net\/wp-cnet\/wp-json\/wp\/v2\/users\/1"}],"replies":[{"embeddable":true,"href":"https:\/\/catolicanet.net\/wp-cnet\/wp-json\/wp\/v2\/comments?post=82233"}],"version-history":[{"count":1,"href":"https:\/\/catolicanet.net\/wp-cnet\/wp-json\/wp\/v2\/posts\/82233\/revisions"}],"predecessor-version":[{"id":82235,"href":"https:\/\/catolicanet.net\/wp-cnet\/wp-json\/wp\/v2\/posts\/82233\/revisions\/82235"}],"wp:featuredmedia":[{"embeddable":true,"href":"https:\/\/catolicanet.net\/wp-cnet\/wp-json\/wp\/v2\/media\/82234"}],"wp:attachment":[{"href":"https:\/\/catolicanet.net\/wp-cnet\/wp-json\/wp\/v2\/media?parent=82233"}],"wp:term":[{"taxonomy":"category","embeddable":true,"href":"https:\/\/catolicanet.net\/wp-cnet\/wp-json\/wp\/v2\/categories?post=82233"},{"taxonomy":"post_tag","embeddable":true,"href":"https:\/\/catolicanet.net\/wp-cnet\/wp-json\/wp\/v2\/tags?post=82233"}],"curies":[{"name":"wp","href":"https:\/\/api.w.org\/{rel}","templated":true}]}}