{"id":82188,"date":"2023-06-01T10:22:55","date_gmt":"2023-06-01T13:22:55","guid":{"rendered":"https:\/\/catolicanet.net\/wp-cnet\/?p=82188"},"modified":"2023-06-01T14:23:36","modified_gmt":"2023-06-01T17:23:36","slug":"tema-do-dnj-2023-esta-em-sintonia-com-a-campanha-da-fraternidade-sobre-a-fome","status":"publish","type":"post","link":"https:\/\/catolicanet.net\/wp-cnet\/tema-do-dnj-2023-esta-em-sintonia-com-a-campanha-da-fraternidade-sobre-a-fome\/","title":{"rendered":"TEMA DO DNJ 2023 EST\u00c1 EM SINTONIA COM A CAMPANHA DA FRATERNIDADE SOBRE A FOME"},"content":{"rendered":"<p style=\"text-align: justify;\">A Comiss\u00e3o Episcopal para a Juventude da Confer\u00eancia Nacional dos Bispos do Brasil (CNBB) divulgou o tema do Dia Nacional da Juventude (DNJ) 2023. Neste ano, a Pastoral Juvenil prop\u00f5e aprofundar a quest\u00e3o da fome, em sintonia com a Campanha da Fraternidade 2023 com o tema: \u201cE todos ficaram saciados\u201d (Lc 9,17).<\/p>\n<p style=\"text-align: justify;\">De acordo com a Pastoral Juvenil, \u201co tema, refletido e rezado, lembra o car\u00e1ter mission\u00e1rio do DNJ, e um convite do Senhor a estar \u201cao seu lado\u201d, para depois enviar a amar como Ele ama\u201d.<\/p>\n<p style=\"text-align: justify;\">Esse convite \u00e9 contido no plano da Pastoral Juvenil, \u201cAo seu lado\u201d, no eixo \u201cCidadania: casa comum e dignidade humana\u201d. O incentivo \u00e9 \u00e0 \u201cconscientiza\u00e7\u00e3o sobre a crise socioambiental de forma a motivar a\u00e7\u00f5es em defesa da vida e da Casa Comum nos diferentes contextos\u201d. O plano pastoral tamb\u00e9m visa motivar a atua\u00e7\u00e3o das juventudes nas diversas inst\u00e2ncias governamentais e organiza\u00e7\u00f5es civis de reflex\u00e3o e elabora\u00e7\u00e3o de pol\u00edticas p\u00fablicas, \u201ctendo em vista a promo\u00e7\u00e3o da vida plena para todos\u201d.<\/p>\n<h3 style=\"text-align: justify;\">Prepara\u00e7\u00e3o da celebra\u00e7\u00e3o<\/h3>\n<p style=\"text-align: justify;\">A Comiss\u00e3o Episcopal para a Juventude, em conformidade com as orienta\u00e7\u00f5es pastorais para a celebra\u00e7\u00e3o da Jornada Mundial da Juventude nas Igrejas particulares elaborado pelo Dicast\u00e9rio para os Leigos, a Fam\u00edlia e a Vida do Vaticano, prop\u00f4s um caminho pedag\u00f3gico \u201cnos rastros\u201d, com o seguinte cronograma:<\/p>\n<ul style=\"text-align: justify;\">\n<li>Em agosto, ap\u00f3s a JMJ Lisboa, o cartaz e o subs\u00eddio estar\u00e3o \u00e0 disposi\u00e7\u00e3o para download no site Jovens Conectados;<\/li>\n<li>Nos meses de agosto, setembro e outubro as express\u00f5es juvenis s\u00e3o convidadas a realizarem os encontros formativos contido no caderno do DNJ;<\/li>\n<li>Nas tr\u00eas primeiras semanas de outubro as express\u00f5es juvenis s\u00e3o convidadas a realizarem miss\u00f5es em suas par\u00f3quias, em sintonia com o m\u00eas mission\u00e1rio;<\/li>\n<li>No \u00faltimo domingo de outubro (oficialmente) celebra\u00e7\u00e3o do DNJ em todas as dioceses do Brasil. Visto que cada diocese poder\u00e1 realizar a celebra\u00e7\u00e3o do DNJ de acordo com seus calend\u00e1rios.<\/li>\n<\/ul>\n<p style=\"text-align: justify;\">\n<pre>Com informa\u00e7\u00f5es de Jovens Conectados<\/pre>\n","protected":false},"excerpt":{"rendered":"<p>A Comiss\u00e3o Episcopal para a Juventude da Confer\u00eancia Nacional dos Bispos do Brasil (CNBB) divulgou o tema do Dia Nacional da Juventude (DNJ) 2023. Neste ano, a Pastoral Juvenil prop\u00f5e aprofundar a quest\u00e3o da fome, em sintonia com a Campanha da Fraternidade 2023 com o tema: \u201cE todos ficaram saciados\u201d (Lc 9,17). De acordo com [&hellip;]<\/p>\n","protected":false},"author":1,"featured_media":82189,"comment_status":"open","ping_status":"closed","sticky":false,"template":"","format":"standard","meta":{"footnotes":""},"categories":[7],"tags":[],"class_list":["post-82188","post","type-post","status-publish","format-standard","has-post-thumbnail","hentry","category-cnbb"],"_links":{"self":[{"href":"https:\/\/catolicanet.net\/wp-cnet\/wp-json\/wp\/v2\/posts\/82188","targetHints":{"allow":["GET"]}}],"collection":[{"href":"https:\/\/catolicanet.net\/wp-cnet\/wp-json\/wp\/v2\/posts"}],"about":[{"href":"https:\/\/catolicanet.net\/wp-cnet\/wp-json\/wp\/v2\/types\/post"}],"author":[{"embeddable":true,"href":"https:\/\/catolicanet.net\/wp-cnet\/wp-json\/wp\/v2\/users\/1"}],"replies":[{"embeddable":true,"href":"https:\/\/catolicanet.net\/wp-cnet\/wp-json\/wp\/v2\/comments?post=82188"}],"version-history":[{"count":1,"href":"https:\/\/catolicanet.net\/wp-cnet\/wp-json\/wp\/v2\/posts\/82188\/revisions"}],"predecessor-version":[{"id":82190,"href":"https:\/\/catolicanet.net\/wp-cnet\/wp-json\/wp\/v2\/posts\/82188\/revisions\/82190"}],"wp:featuredmedia":[{"embeddable":true,"href":"https:\/\/catolicanet.net\/wp-cnet\/wp-json\/wp\/v2\/media\/82189"}],"wp:attachment":[{"href":"https:\/\/catolicanet.net\/wp-cnet\/wp-json\/wp\/v2\/media?parent=82188"}],"wp:term":[{"taxonomy":"category","embeddable":true,"href":"https:\/\/catolicanet.net\/wp-cnet\/wp-json\/wp\/v2\/categories?post=82188"},{"taxonomy":"post_tag","embeddable":true,"href":"https:\/\/catolicanet.net\/wp-cnet\/wp-json\/wp\/v2\/tags?post=82188"}],"curies":[{"name":"wp","href":"https:\/\/api.w.org\/{rel}","templated":true}]}}