{"id":82184,"date":"2023-06-01T10:20:40","date_gmt":"2023-06-01T13:20:40","guid":{"rendered":"https:\/\/catolicanet.net\/wp-cnet\/?p=82184"},"modified":"2023-06-01T14:22:23","modified_gmt":"2023-06-01T17:22:23","slug":"maes-que-oram-pelos-filhos-realizam-7-encontro-estadual-do-maranhao","status":"publish","type":"post","link":"https:\/\/catolicanet.net\/wp-cnet\/maes-que-oram-pelos-filhos-realizam-7-encontro-estadual-do-maranhao\/","title":{"rendered":"M\u00c3ES QUE ORAM PELOS FILHOS REALIZAM 7\u00b0 ENCONTRO ESTADUAL DO MARANH\u00c3O"},"content":{"rendered":"<p id=\"viewer-2ur2b\" class=\"xVISr Y9Dpf WkT0MK OZy-3 _40ACk qEvi6J WkT0MK public-DraftStyleDefault-block-depth0 fixed-tab-size public-DraftStyleDefault-text-ltr\" style=\"text-align: justify;\"><span class=\"B2EFF public-DraftStyleDefault-ltr\">Com o tema \u201cPara cumprir a vontade do Pai\u201d, o movimento M\u00e3es que Oram pelos Filhos reuniram mais de 1200 mission\u00e1rias no \u00faltimo dia 27 de maio, na capital, S\u00e3o Lu\u00eds.\u00a0<\/span><span class=\"B2EFF public-DraftStyleDefault-ltr\">A programa\u00e7\u00e3o contou com adora\u00e7\u00e3o ao Sant\u00edssimo Sacramento, palestras, ter\u00e7o pelos Filhos, e a presen\u00e7a de dom Gilberto Pastana, arcebispo de S\u00e3o Lu\u00eds e presidente do regional Nordeste 5 da CNBB.<\/span><\/p>\n<p id=\"viewer-821g5\" class=\"xVISr Y9Dpf WkT0MK OZy-3 _40ACk qEvi6J WkT0MK public-DraftStyleDefault-block-depth0 fixed-tab-size public-DraftStyleDefault-text-ltr\" style=\"text-align: justify;\"><span class=\"B2EFF public-DraftStyleDefault-ltr\">Todas as 12 dioceses do regional Nordeste 5 da CNBB estiveram representadas neste evento que re\u00fane as m\u00e3es participantes dos grupos do Maranh\u00e3o, ajudando-as a concluir o caminho de santidade e partir para a miss\u00e3o. No Maranh\u00e3o, existem atualmente 91 grupos, sendo 26 na capital e 65 no interior.<\/span><\/p>\n<p id=\"viewer-5ihq5\" class=\"xVISr Y9Dpf WkT0MK OZy-3 _40ACk qEvi6J WkT0MK public-DraftStyleDefault-block-depth0 fixed-tab-size public-DraftStyleDefault-text-ltr\" style=\"text-align: justify;\"><span class=\"B2EFF public-DraftStyleDefault-ltr\"><strong>Sobre o Movimento M\u00e3es que Oram pelos Filhos<\/strong><\/span><\/p>\n<p id=\"viewer-3dv5d\" class=\"xVISr Y9Dpf WkT0MK OZy-3 _40ACk qEvi6J WkT0MK public-DraftStyleDefault-block-depth0 fixed-tab-size public-DraftStyleDefault-text-ltr\" style=\"text-align: justify;\"><span class=\"B2EFF public-DraftStyleDefault-ltr\">O Carisma do movimento das m\u00e3es que oram pelos filhos existe como uma grande ferramenta que Deus, mediante seu esp\u00edrito, suscita na Igreja para levantar um ex\u00e9rcito de m\u00e3es que oram. Neste sentido, o carisma do Movimento \u00e9 restaura\u00e7\u00e3o das fam\u00edlias pelo poder da ora\u00e7\u00e3o de intercess\u00e3o, a partir do trip\u00e9 obedi\u00eancia, humildade e unidade.<\/span><\/p>\n<blockquote>\n<p id=\"viewer-bb0p4\" class=\"xVISr Y9Dpf WkT0MK OZy-3 _40ACk qEvi6J WkT0MK public-DraftStyleDefault-block-depth0 fixed-tab-size public-DraftStyleDefault-text-ltr\"><span class=\"B2EFF public-DraftStyleDefault-ltr\">\u201cO movimento M\u00e3es que Oram pelos Filhos tem por objetivo reunir m\u00e3es, tias, sejam m\u00e3es biol\u00f3gicas ou espirituais, em uma rede de ora\u00e7\u00e3o de intercess\u00e3o por seus filhos e por suas fam\u00edlias. Estas mulheres se re\u00fanem semanalmente em suas par\u00f3quias, tendo como base o estudo da Palavra, a espiritualidade, forma\u00e7\u00e3o e discernimento pessoal\u201d, destaca a coordenadora estadual do movimento de M\u00e3es que Oram pelos Filhos.<\/span><\/p>\n<\/blockquote>\n<p class=\"xVISr Y9Dpf WkT0MK OZy-3 _40ACk qEvi6J WkT0MK public-DraftStyleDefault-block-depth0 fixed-tab-size public-DraftStyleDefault-text-ltr\"><span class=\"B2EFF public-DraftStyleDefault-ltr\"><em>Com informa\u00e7\u00f5es do\u00a0<a href=\"https:\/\/www.cnbbne5.org\/post\/m%C3%A3es-que-oram-pelos-filhos-realizam-7-encontro-estadual-do-maranh%C3%A3o\" target=\"_blank\" rel=\"noopener\">regional Nordeste 5\u00a0<\/a><\/em><\/span><\/p>\n","protected":false},"excerpt":{"rendered":"<p>Com o tema \u201cPara cumprir a vontade do Pai\u201d, o movimento M\u00e3es que Oram pelos Filhos reuniram mais de 1200 mission\u00e1rias no \u00faltimo dia 27 de maio, na capital, S\u00e3o Lu\u00eds.\u00a0A programa\u00e7\u00e3o contou com adora\u00e7\u00e3o ao Sant\u00edssimo Sacramento, palestras, ter\u00e7o pelos Filhos, e a presen\u00e7a de dom Gilberto Pastana, arcebispo de S\u00e3o Lu\u00eds e presidente [&hellip;]<\/p>\n","protected":false},"author":1,"featured_media":82185,"comment_status":"open","ping_status":"closed","sticky":false,"template":"","format":"standard","meta":{"footnotes":""},"categories":[7],"tags":[],"class_list":["post-82184","post","type-post","status-publish","format-standard","has-post-thumbnail","hentry","category-cnbb"],"_links":{"self":[{"href":"https:\/\/catolicanet.net\/wp-cnet\/wp-json\/wp\/v2\/posts\/82184","targetHints":{"allow":["GET"]}}],"collection":[{"href":"https:\/\/catolicanet.net\/wp-cnet\/wp-json\/wp\/v2\/posts"}],"about":[{"href":"https:\/\/catolicanet.net\/wp-cnet\/wp-json\/wp\/v2\/types\/post"}],"author":[{"embeddable":true,"href":"https:\/\/catolicanet.net\/wp-cnet\/wp-json\/wp\/v2\/users\/1"}],"replies":[{"embeddable":true,"href":"https:\/\/catolicanet.net\/wp-cnet\/wp-json\/wp\/v2\/comments?post=82184"}],"version-history":[{"count":1,"href":"https:\/\/catolicanet.net\/wp-cnet\/wp-json\/wp\/v2\/posts\/82184\/revisions"}],"predecessor-version":[{"id":82186,"href":"https:\/\/catolicanet.net\/wp-cnet\/wp-json\/wp\/v2\/posts\/82184\/revisions\/82186"}],"wp:featuredmedia":[{"embeddable":true,"href":"https:\/\/catolicanet.net\/wp-cnet\/wp-json\/wp\/v2\/media\/82185"}],"wp:attachment":[{"href":"https:\/\/catolicanet.net\/wp-cnet\/wp-json\/wp\/v2\/media?parent=82184"}],"wp:term":[{"taxonomy":"category","embeddable":true,"href":"https:\/\/catolicanet.net\/wp-cnet\/wp-json\/wp\/v2\/categories?post=82184"},{"taxonomy":"post_tag","embeddable":true,"href":"https:\/\/catolicanet.net\/wp-cnet\/wp-json\/wp\/v2\/tags?post=82184"}],"curies":[{"name":"wp","href":"https:\/\/api.w.org\/{rel}","templated":true}]}}