{"id":82179,"date":"2023-06-01T09:10:46","date_gmt":"2023-06-01T12:10:46","guid":{"rendered":"https:\/\/catolicanet.net\/wp-cnet\/?p=82179"},"modified":"2023-06-01T14:16:55","modified_gmt":"2023-06-01T17:16:55","slug":"regional-sul-3-elege-bispos-referenciais-das-comissoes-para-o-proximo-quadrienio","status":"publish","type":"post","link":"https:\/\/catolicanet.net\/wp-cnet\/regional-sul-3-elege-bispos-referenciais-das-comissoes-para-o-proximo-quadrienio\/","title":{"rendered":"REGIONAL SUL 3 ELEGE BISPOS REFERENCIAIS DAS COMISS\u00d5ES PARA O PR\u00d3XIMO QUADRI\u00caNIO"},"content":{"rendered":"<p style=\"text-align: justify;\">O Conselho Episcopal Regional (CONSER) elegeu nesta ter\u00e7a-feira, 30 de maio, os bispos referenciais para cada uma das 12 Comiss\u00f5es no regional Sul 3, para o quadri\u00eanio (2023-2027). Alguns deles foram reconduzidos ao servi\u00e7o que j\u00e1 exerciam e outros foram eleitos pela primeira vez ou para retornarem \u00e0 Comiss\u00e3o.<\/p>\n<p style=\"text-align: justify;\">Em algumas comiss\u00f5es, o episcopado tamb\u00e9m avaliou a necessidade de mais um bispo para auxiliar no servi\u00e7o de acompanhamento das comiss\u00f5es.<\/p>\n<p style=\"text-align: justify;\">Confira a seguir:<\/p>\n<p style=\"text-align: justify;\"><strong>Comiss\u00e3o Episcopal para a A\u00e7\u00e3o Mission\u00e1ria e Coopera\u00e7\u00e3o Intereclesial<\/strong><\/p>\n<p style=\"text-align: justify;\">Presidente: Dom Jaime Pedro Kohl, Bispo de Os\u00f3rio<br \/>\nDom Nelio Zortea, Bispo de Cruz Alta<\/p>\n<p style=\"text-align: justify;\"><strong>Comiss\u00e3o Episcopal para a A\u00e7\u00e3o Sociotransformadora<\/strong><\/p>\n<p style=\"text-align: justify;\">Presidente: Dom Silvio Guterres Dutra, Bispo de Vacaria<br \/>\nDom Cleonir Dalbosco, Bispo de Bag\u00e9<br \/>\nDom Liro Vendelino Meurer, Bispo de Santo \u00c2ngelo<br \/>\nPe. Gil Pereira J\u00fanior, Administrador Diocesano do Rio Grande<\/p>\n<p style=\"text-align: justify;\"><strong>Comiss\u00e3o Episcopal para a Anima\u00e7\u00e3o B\u00edblico-Catequ\u00e9tica<\/strong><\/p>\n<p style=\"text-align: justify;\">Presidente: Dom Jacinto Bergmann, Arcebispo de Pelotas<br \/>\nDom Jos\u00e9 M\u00e1rio Angonese, Bispo de Uruguaiana<\/p>\n<p style=\"text-align: justify;\"><strong>Comiss\u00e3o Episcopal para a Comunica\u00e7\u00e3o<\/strong><\/p>\n<p style=\"text-align: justify;\">Presidente: Mons. Juarez Destro, Eleito Bispo Auxiliar de Porto Alegre<\/p>\n<p style=\"text-align: justify;\"><strong>Comiss\u00e3o Episcopal para a Cultura e Educa\u00e7\u00e3o<\/strong><\/p>\n<p style=\"text-align: justify;\">Presidente: Dom Jos\u00e9 Gislon, Bispo de Caxias do Sul<\/p>\n<p style=\"text-align: justify;\"><strong>Comiss\u00e3o Episcopal para a Doutrina da F\u00e9<\/strong><\/p>\n<p style=\"text-align: justify;\">Presidente: Dom Antonio Carlos Rossi Keller, Bispo de Frederico Westphalen<\/p>\n<p style=\"text-align: justify;\"><strong>Comiss\u00e3o Episcopal para a Ecumenismo e Di\u00e1logo Inter-Religioso<\/strong><\/p>\n<p style=\"text-align: justify;\">Presidente: Dom Rodolfo Weber, Arcebispo de Passo Fundo<\/p>\n<p style=\"text-align: justify;\"><strong>Comiss\u00e3o Episcopal para a Juventude<\/strong><\/p>\n<p style=\"text-align: justify;\">Presidente: Dom Darley Jos\u00e9 Kummer, Bispo Auxiliar de Porto Alegre<\/p>\n<p style=\"text-align: justify;\"><strong>Comiss\u00e3o Episcopal para o Laicato<\/strong><\/p>\n<p style=\"text-align: justify;\">Presidente: Dom Edson Batista de Mello, Bispo de Cachoeira do Sul<br \/>\nDom Jos\u00e9 Mario Stroeher, Bispo Em\u00e9rito do Rio Grande<\/p>\n<p style=\"text-align: justify;\"><strong>Comiss\u00e3o Episcopal para a Liturgia<\/strong><\/p>\n<p style=\"text-align: justify;\">Presidente: Dom Alo\u00edsio Dilli, Bispo de Santa Cruz do Sul<\/p>\n<p style=\"text-align: justify;\"><strong>Comiss\u00e3o Episcopal para os Minist\u00e9rios Ordenados e a Vida Consagrada<\/strong><\/p>\n<p style=\"text-align: justify;\">Presidente: Dom Jo\u00e3o Francisco Salm, Bispo de Novo Hamburgo<br \/>\nDom Adimir Mazali (Presb\u00edteros), Bispo de Erexim<br \/>\nDom Jos\u00e9 Gislon (Di\u00e1conos), Bispo de Caxias do Sul<br \/>\nDom Cleonir Dalbosco (Religiosos), Bispo de Bag\u00e9<br \/>\nMons. Juarez Destro (SAV), Eleito Bispo Auxiliar de Porto Alegre<\/p>\n<p style=\"text-align: justify;\"><strong>Comiss\u00e3o Episcopal para a Vida e Fam\u00edlia<\/strong><\/p>\n<p style=\"text-align: justify;\">Presidente: Dom Bertilo Morsch, Bispo Auxiliar de Porto Alegre<br \/>\nDom Adimir Mazali<\/p>\n","protected":false},"excerpt":{"rendered":"<p>O Conselho Episcopal Regional (CONSER) elegeu nesta ter\u00e7a-feira, 30 de maio, os bispos referenciais para cada uma das 12 Comiss\u00f5es no regional Sul 3, para o quadri\u00eanio (2023-2027). Alguns deles foram reconduzidos ao servi\u00e7o que j\u00e1 exerciam e outros foram eleitos pela primeira vez ou para retornarem \u00e0 Comiss\u00e3o. Em algumas comiss\u00f5es, o episcopado tamb\u00e9m [&hellip;]<\/p>\n","protected":false},"author":1,"featured_media":82181,"comment_status":"open","ping_status":"closed","sticky":false,"template":"","format":"standard","meta":{"footnotes":""},"categories":[7,13],"tags":[],"class_list":["post-82179","post","type-post","status-publish","format-standard","has-post-thumbnail","hentry","category-cnbb","category-featured"],"_links":{"self":[{"href":"https:\/\/catolicanet.net\/wp-cnet\/wp-json\/wp\/v2\/posts\/82179","targetHints":{"allow":["GET"]}}],"collection":[{"href":"https:\/\/catolicanet.net\/wp-cnet\/wp-json\/wp\/v2\/posts"}],"about":[{"href":"https:\/\/catolicanet.net\/wp-cnet\/wp-json\/wp\/v2\/types\/post"}],"author":[{"embeddable":true,"href":"https:\/\/catolicanet.net\/wp-cnet\/wp-json\/wp\/v2\/users\/1"}],"replies":[{"embeddable":true,"href":"https:\/\/catolicanet.net\/wp-cnet\/wp-json\/wp\/v2\/comments?post=82179"}],"version-history":[{"count":1,"href":"https:\/\/catolicanet.net\/wp-cnet\/wp-json\/wp\/v2\/posts\/82179\/revisions"}],"predecessor-version":[{"id":82182,"href":"https:\/\/catolicanet.net\/wp-cnet\/wp-json\/wp\/v2\/posts\/82179\/revisions\/82182"}],"wp:featuredmedia":[{"embeddable":true,"href":"https:\/\/catolicanet.net\/wp-cnet\/wp-json\/wp\/v2\/media\/82181"}],"wp:attachment":[{"href":"https:\/\/catolicanet.net\/wp-cnet\/wp-json\/wp\/v2\/media?parent=82179"}],"wp:term":[{"taxonomy":"category","embeddable":true,"href":"https:\/\/catolicanet.net\/wp-cnet\/wp-json\/wp\/v2\/categories?post=82179"},{"taxonomy":"post_tag","embeddable":true,"href":"https:\/\/catolicanet.net\/wp-cnet\/wp-json\/wp\/v2\/tags?post=82179"}],"curies":[{"name":"wp","href":"https:\/\/api.w.org\/{rel}","templated":true}]}}