{"id":82162,"date":"2023-05-31T10:13:19","date_gmt":"2023-05-31T13:13:19","guid":{"rendered":"https:\/\/catolicanet.net\/wp-cnet\/?p=82162"},"modified":"2023-05-31T12:15:17","modified_gmt":"2023-05-31T15:15:17","slug":"oito-belas-representacoes-nao-tradicionais-da-virgem-maria","status":"publish","type":"post","link":"https:\/\/catolicanet.net\/wp-cnet\/oito-belas-representacoes-nao-tradicionais-da-virgem-maria\/","title":{"rendered":"Oito belas representa\u00e7\u00f5es n\u00e3o tradicionais da Virgem Maria"},"content":{"rendered":"<p style=\"text-align: justify;\">A\u00a0Virgem Maria\u00a0era judia; n\u00e3o obstante, diferentes culturas e etnias retrataram frequentemente a M\u00e3e de Deus, Jesus e outros personagens b\u00edblicos como se pertencessem ao seu lugar de origem.<\/p>\n<p style=\"text-align: justify;\">Como por muitos s\u00e9culos o cristianismo se desenvolveu na Europa, estes personagens importantes da hist\u00f3ria da salva\u00e7\u00e3o foram representados como europeus de pele branca. Entretanto, outras culturas os representaram tamb\u00e9m de acordo com as suas pr\u00f3prias apar\u00eancias.<\/p>\n<p style=\"text-align: justify;\">A seguir, confira 8 formosas representa\u00e7\u00f5es n\u00e3o europeias da Virgem Maria:<\/p>\n<p style=\"text-align: justify;\"><strong>1. A Virgem com o Menino Jesus estilo tailand\u00eas<\/strong><\/p>\n<p style=\"text-align: justify;\">A imagem est\u00e1 na bas\u00edlica da Anuncia\u00e7\u00e3o em Nazar\u00e9, local onde, segundo a tradi\u00e7\u00e3o, teria acontecido a Anuncia\u00e7\u00e3o da Virgem Maria.<\/p>\n<p style=\"text-align: justify;\">Nesta\u00a0igreja\u00a0tamb\u00e9m h\u00e1 uma galeria de mosaicos com devo\u00e7\u00f5es marianas de diferentes pa\u00edses.<\/p>\n<p style=\"text-align: justify;\"><img decoding=\"async\" src=\"https:\/\/www.aciprensa.com\/images\/VirgenTailandesa-Flickrmojotrotters(CC-BY-NC-SA-2.0)-220518.jpg\" alt=\"\" \/><\/p>\n<p style=\"text-align: justify;\">Cr\u00e9dito: Flickr Mojotrotters (CC-BY-NC-SA-2.0)<\/p>\n<p style=\"text-align: justify;\"><strong>2. Pintura na igreja de Santa Maria de Si\u00e3o, Eti\u00f3pia<\/strong><\/p>\n<p style=\"text-align: justify;\">A imagem est\u00e1 na cidade de Axum, Eti\u00f3pia, onde, segundo a tradi\u00e7\u00e3o, estaria a verdadeira Arca da Alian\u00e7a do povo de Israel.<\/p>\n<p style=\"text-align: justify;\"><img decoding=\"async\" src=\"https:\/\/www.aciprensa.com\/images\/NuestrasenoradeHaileSelassie-wikipediaMikoStavrevcommons-220518.jpg\" alt=\"\" \/><\/p>\n<p style=\"text-align: justify;\">Cr\u00e9dito: Miko Stavrev &#8211; Wikimedia Commons.<\/p>\n<p style=\"text-align: justify;\"><strong>3. Nossa Senhora da China<\/strong><\/p>\n<p style=\"text-align: justify;\">Esta imagem pode ser apreciada na bas\u00edlica de Nossa Senhora de She Shan, China. O santu\u00e1rio \u00e9 dedicado a Nossa Senhora Aux\u00edlio dos Crist\u00e3os e \u00e9 a \u00fanica bas\u00edlica na China.<\/p>\n<p style=\"text-align: justify;\">Foi constru\u00edda em 1871 como agradecimento \u00e0 Virgem por salvar Shangai de um massacre contra os crist\u00e3os. O templo atual foi constru\u00eddo entre 1925 e 1935.<\/p>\n<p style=\"text-align: justify;\"><img decoding=\"async\" src=\"https:\/\/www.aciprensa.com\/images\/NuestraSenoraSheShan-XimenaRondon-220518.jpg\" alt=\"\" \/><\/p>\n<p style=\"text-align: justify;\">Cr\u00e9dito: Ximena Rond\u00f3n (ACI\u00a0Prensa)<\/p>\n<p style=\"text-align: justify;\"><strong>4. A Virgem e o Menino Jesus estilo japon\u00eas<\/strong><\/p>\n<p style=\"text-align: justify;\">Esta representa\u00e7\u00e3o tamb\u00e9m est\u00e1 na bas\u00edlica da Anuncia\u00e7\u00e3o em Nazar\u00e9, erguida onde, segundo a tradi\u00e7\u00e3o, teria acontecido a Anuncia\u00e7\u00e3o da Virgem Maria.<\/p>\n<p style=\"text-align: justify;\"><img decoding=\"async\" src=\"https:\/\/www.aciprensa.com\/images\/VirgenJaponesa-Flickrlarrywkoester(CC-BY-2.0)-220518.jpg\" alt=\"\" \/><\/p>\n<p style=\"text-align: justify;\">Cr\u00e9dito: Flickr Larrywkoester (CC-BY-2.0)<\/p>\n<p style=\"text-align: justify;\"><strong>5. A Virgem Negra de Czestochowa, Pol\u00f4nia<\/strong><\/p>\n<p style=\"text-align: justify;\">A Pol\u00f4nia guarda a imagem de sua padroeira, a Virgem de Czestochowa, no mosteiro Jasna Gora.<\/p>\n<p style=\"text-align: justify;\">Esta imagem tamb\u00e9m \u00e9 conhecida como \u201cA Virgem Negra\u201d e \u00e9 uma das mais veneradas na Pol\u00f4nia e Europa. Representa a Virgem Maria com o Menino Jesus nos bra\u00e7os. As marcas em seu rosto e pesco\u00e7o s\u00e3o consequ\u00eancia dos atentados cometidos durante sua hist\u00f3ria.<\/p>\n<p style=\"text-align: justify;\"><img decoding=\"async\" src=\"https:\/\/www.aciprensa.com\/images\/VirgenDeCzestochowa-wikipediadominiopublico-220518.jpg\" alt=\"\" \/><\/p>\n<p style=\"text-align: justify;\">Cr\u00e9dito: Wikipedia (Dominio P\u00fablico)<\/p>\n<p style=\"text-align: justify;\"><strong>6. Imagem da Virgem com o Menino Jesus,em Macao, China<\/strong><\/p>\n<p style=\"text-align: justify;\"><img decoding=\"async\" src=\"https:\/\/www.aciprensa.com\/images\/VirgenMacau-FlickrPondspider(CC-BY-NC-SA-2.0)-220518.jpg\" alt=\"\" \/><\/p>\n<p style=\"text-align: justify;\"><img decoding=\"async\" src=\"https:\/\/www.churchpop.com\/wp-content\/uploads\/2015\/01\/13.gif\" alt=\"\" \/>Cr\u00e9dito: Flickr Pondspider (CC-BY-NC-SA-2.0)<\/p>\n<p style=\"text-align: justify;\"><strong>7. Mosaico da Virgem Maria em Hagia Sophia, Turquia<\/strong><\/p>\n<p style=\"text-align: justify;\">O \u00edcone data de 1122 e est\u00e1 na bas\u00edlica de Santa Sofia, Istambul, Turquia. A imagem mostra a Virgem no centro com manto azul e o Menino Jesus em seu colo. Ele aben\u00e7oa com a m\u00e3o direita e segura um pergaminho com a esquerda.<img decoding=\"async\" src=\"https:\/\/churchpop.com\/wp-content\/uploads\/2015\/01\/113.jpg\" alt=\"\" \/><\/p>\n<h6 style=\"text-align: justify;\"><img decoding=\"async\" src=\"https:\/\/www.aciprensa.com\/images\/VirgenHaghiaSophiaTurquia-FlickrKotomi_(CC-BY-NC-2.0)-220518.jpg\" alt=\"\" \/><\/h6>\n<p style=\"text-align: justify;\">Cr\u00e9dito: Flickr Kotomi (CC-BY-NC-2.0)<\/p>\n<p style=\"text-align: justify;\"><strong>8. Representa\u00e7\u00e3o coreana da M\u00e3e de Deus<\/strong><\/p>\n<p style=\"text-align: justify;\">Esta imagem tamb\u00e9m est\u00e1 na bas\u00edlica da Anuncia\u00e7\u00e3o em Nazar\u00e9, constru\u00edda onde, segundo a tradi\u00e7\u00e3o, teria acontecido a Anuncia\u00e7\u00e3o da Virgem Maria.<\/p>\n<p style=\"text-align: justify;\"><img decoding=\"async\" src=\"https:\/\/www.aciprensa.com\/images\/VirgenCoreana-flickrlarrywkoester(CC-BY-2.0)-220518.jpg\" alt=\"\" \/><img decoding=\"async\" src=\"https:\/\/churchpop.com\/wp-content\/uploads\/2015\/01\/113.jpg\" alt=\"\" \/><\/p>\n<p style=\"text-align: justify;\">Cr\u00e9dito: Flickr Larrywkoester (CC-BY-2.0)<\/p>\n","protected":false},"excerpt":{"rendered":"<p>A\u00a0Virgem Maria\u00a0era judia; n\u00e3o obstante, diferentes culturas e etnias retrataram frequentemente a M\u00e3e de Deus, Jesus e outros personagens b\u00edblicos como se pertencessem ao seu lugar de origem. Como por muitos s\u00e9culos o cristianismo se desenvolveu na Europa, estes personagens importantes da hist\u00f3ria da salva\u00e7\u00e3o foram representados como europeus de pele branca. Entretanto, outras culturas [&hellip;]<\/p>\n","protected":false},"author":1,"featured_media":82163,"comment_status":"open","ping_status":"closed","sticky":false,"template":"","format":"standard","meta":{"footnotes":""},"categories":[4,13],"tags":[],"class_list":["post-82162","post","type-post","status-publish","format-standard","has-post-thumbnail","hentry","category-cotidiano","category-featured"],"_links":{"self":[{"href":"https:\/\/catolicanet.net\/wp-cnet\/wp-json\/wp\/v2\/posts\/82162","targetHints":{"allow":["GET"]}}],"collection":[{"href":"https:\/\/catolicanet.net\/wp-cnet\/wp-json\/wp\/v2\/posts"}],"about":[{"href":"https:\/\/catolicanet.net\/wp-cnet\/wp-json\/wp\/v2\/types\/post"}],"author":[{"embeddable":true,"href":"https:\/\/catolicanet.net\/wp-cnet\/wp-json\/wp\/v2\/users\/1"}],"replies":[{"embeddable":true,"href":"https:\/\/catolicanet.net\/wp-cnet\/wp-json\/wp\/v2\/comments?post=82162"}],"version-history":[{"count":1,"href":"https:\/\/catolicanet.net\/wp-cnet\/wp-json\/wp\/v2\/posts\/82162\/revisions"}],"predecessor-version":[{"id":82164,"href":"https:\/\/catolicanet.net\/wp-cnet\/wp-json\/wp\/v2\/posts\/82162\/revisions\/82164"}],"wp:featuredmedia":[{"embeddable":true,"href":"https:\/\/catolicanet.net\/wp-cnet\/wp-json\/wp\/v2\/media\/82163"}],"wp:attachment":[{"href":"https:\/\/catolicanet.net\/wp-cnet\/wp-json\/wp\/v2\/media?parent=82162"}],"wp:term":[{"taxonomy":"category","embeddable":true,"href":"https:\/\/catolicanet.net\/wp-cnet\/wp-json\/wp\/v2\/categories?post=82162"},{"taxonomy":"post_tag","embeddable":true,"href":"https:\/\/catolicanet.net\/wp-cnet\/wp-json\/wp\/v2\/tags?post=82162"}],"curies":[{"name":"wp","href":"https:\/\/api.w.org\/{rel}","templated":true}]}}