{"id":82128,"date":"2023-05-31T10:02:02","date_gmt":"2023-05-31T13:02:02","guid":{"rendered":"https:\/\/catolicanet.net\/wp-cnet\/?p=82128"},"modified":"2023-05-31T12:02:53","modified_gmt":"2023-05-31T15:02:53","slug":"dioceses-de-amargosa-e-barra-tem-novos-bispos","status":"publish","type":"post","link":"https:\/\/catolicanet.net\/wp-cnet\/dioceses-de-amargosa-e-barra-tem-novos-bispos\/","title":{"rendered":"Dioceses de Amargosa e Barra t\u00eam novos bispos"},"content":{"rendered":"<div class=\"article__subTitle\" style=\"text-align: justify;\">Dom Jo\u00e3o Batista Alves do Nascimento C.SS.R. sucede a Dom Luiz Fl\u00e1vio Cappio, O.F.M. na Diocese de Barra. J\u00e1 a Diocese de Amargosa ter\u00e1 o governo pastoral de Dom Juraci Gomes de Oliveira, do clero da Arquidiocese metropolitana de S\u00e3o Salvador da Bahia.<\/div>\n<div class=\"title__separator\" style=\"text-align: justify;\"><\/div>\n<div class=\"article__text\">\n<p style=\"text-align: justify;\"><b>Vatican News<\/b><\/p>\n<p style=\"text-align: justify;\">O Santo Padre aceitou a ren\u00fancia ao governo pastoral da Diocese de Barra (Brasil) apresentada por Dom Luiz Fl\u00e1vio Cappio, O.F.M., nomeando para suced\u00ea-lo\u00a0o Rev. P. Jo\u00e3o Batista Alves do Nascimento, C.SS.R., atual reitor do Santu\u00e1rio de Bom Jesus da Lapa, na cidade e diocese de mesmo nome.<\/p>\n<p style=\"text-align: justify;\"><i>Curriculum vitae<\/i><\/p>\n<p style=\"text-align: justify;\">Dom Jo\u00e3o Batista Alves do Nascimento, C.SS.R., nasceu em 3 de fevereiro de 1972 em Jord\u00e2nia, Diocese de Almenara, Estado de Minas Gerais. Ap\u00f3s concluir seus estudos em Filosofia e Teologia na Universidade Cat\u00f3lica do Salvador, em Salvador (BA), emitiu sua profiss\u00e3o religiosa em 8 de fevereiro de 1998 na Congrega\u00e7\u00e3o do Sant\u00edssimo Redentor (Redentoristas) e recebeu a ordena\u00e7\u00e3o sacerdotal em 16 de dezembro de 2001.<\/p>\n<p style=\"text-align: justify;\">Exerceu os seguintes cargos e desenvolveru estudos complementares: membro da equipe mission\u00e1ria (2002-2003); formador do per\u00edodo de Aspirantado (2004) e do Semin\u00e1rio de Filosofia (2005-2007 e 2015-2018); vig\u00e1rio do vice-provincial (2005-2007); licenciatura em espiritualidade na Pontif\u00edcia Faculdade Teol\u00f3gica e Pontif\u00edcio Instituto de Espiritualidade \u00abTeresianum\u00bb em Roma (2007-2009); superior da Vice-Prov\u00edncia Redentorista da Bahia (2011-2014); membro do Conselho dos Mission\u00e1rios Redentoristas da Bahia. Ademais, foi vig\u00e1rio paroquial e respons\u00e1vel da \u00e1rea pastoral na Arquidiocese de S\u00e3o Salvador da Bahia.<\/p>\n<p style=\"text-align: justify;\">Atualmente, \u00e9 membro do Conselho Presbiteral na Diocese de Bom Jesus da Lapa e, desde 2019, reitor do santu\u00e1rio de Bom Jesus da Lapa.<\/p>\n<h2 style=\"text-align: justify;\">Novo bispo para Diocese de Amargosa<\/h2>\n<p style=\"text-align: justify;\">Nesta quarta-feira, o Papa Francisco tamb\u00e9m nomeou bispo da Diocese de Amargosa (Brasil) o Rev. Juraci Gomes de Oliveira, do clero da Arquidiocese metropolitana de S\u00e3o Salvador da Bahia, at\u00e9 agora vig\u00e1rio geral.<\/p>\n<p style=\"text-align: justify;\"><i>Curriculum vitae<\/i><\/p>\n<p style=\"text-align: justify;\">Dom Juraci Gomes de Oliveira nasceu em 19 de agosto de 1956 em Catol\u00e9 do Rocha, Diocese de Cajazeiras, no Estado da Para\u00edba. Completou seus estudos em Filosofia e Teologia na Universidade Cat\u00f3lica de Pernambuco em Recife-PE e obteve a Licenciatura em Matrim\u00f4nio e Fam\u00edlia no Pontif\u00edcio Instituto Teol\u00f3gico Jo\u00e3o Paulo II, sede de Salvador (BA).<\/p>\n<p style=\"text-align: justify;\">Recebeu a ordena\u00e7\u00e3o sacerdotal em 3 de novembro de 1990. \u00c9 incardinado na Arquidiocese de S\u00e3o Salvador da Bahia, onde ocupou os seguintes cargos: p\u00e1roco de Santa Teresa d&#8217;\u00c1vila, de S\u00e3o Jos\u00e9 de Amaraina, de Nossa Senhora de Nazar\u00e9 e de Santo Amaro; capel\u00e3o das Igrejas de Nossa Senhora da Palma e de Nossa Senhora da Concei\u00e7\u00e3o da Lapa; administrador paroquial de Santo Andr\u00e9; vig\u00e1rio for\u00e2neo; vig\u00e1rio episcopal; diretor espiritual do Semin\u00e1rio Maior; professor da Universidade Cat\u00f3lica do Salvador e da Faculdade de S\u00e3o Bento, ambas em Salvador (BA); moderador da C\u00faria Arquidiocesana; membro do Cap\u00edtulo dos C\u00f4negos, do Col\u00e9gio dos Consultores e do conselho para os Assuntos Econ\u00f4micos; diretor administrativo da A\u00e7\u00e3o Social Arquidiocesana e atualmente vig\u00e1rio geral.<\/p>\n<\/div>\n","protected":false},"excerpt":{"rendered":"<p>Dom Jo\u00e3o Batista Alves do Nascimento C.SS.R. sucede a Dom Luiz Fl\u00e1vio Cappio, O.F.M. na Diocese de Barra. J\u00e1 a Diocese de Amargosa ter\u00e1 o governo pastoral de Dom Juraci Gomes de Oliveira, do clero da Arquidiocese metropolitana de S\u00e3o Salvador da Bahia. Vatican News O Santo Padre aceitou a ren\u00fancia ao governo pastoral da [&hellip;]<\/p>\n","protected":false},"author":1,"featured_media":82129,"comment_status":"open","ping_status":"closed","sticky":false,"template":"","format":"standard","meta":{"footnotes":""},"categories":[3],"tags":[],"class_list":["post-82128","post","type-post","status-publish","format-standard","has-post-thumbnail","hentry","category-vaticano"],"_links":{"self":[{"href":"https:\/\/catolicanet.net\/wp-cnet\/wp-json\/wp\/v2\/posts\/82128","targetHints":{"allow":["GET"]}}],"collection":[{"href":"https:\/\/catolicanet.net\/wp-cnet\/wp-json\/wp\/v2\/posts"}],"about":[{"href":"https:\/\/catolicanet.net\/wp-cnet\/wp-json\/wp\/v2\/types\/post"}],"author":[{"embeddable":true,"href":"https:\/\/catolicanet.net\/wp-cnet\/wp-json\/wp\/v2\/users\/1"}],"replies":[{"embeddable":true,"href":"https:\/\/catolicanet.net\/wp-cnet\/wp-json\/wp\/v2\/comments?post=82128"}],"version-history":[{"count":1,"href":"https:\/\/catolicanet.net\/wp-cnet\/wp-json\/wp\/v2\/posts\/82128\/revisions"}],"predecessor-version":[{"id":82130,"href":"https:\/\/catolicanet.net\/wp-cnet\/wp-json\/wp\/v2\/posts\/82128\/revisions\/82130"}],"wp:featuredmedia":[{"embeddable":true,"href":"https:\/\/catolicanet.net\/wp-cnet\/wp-json\/wp\/v2\/media\/82129"}],"wp:attachment":[{"href":"https:\/\/catolicanet.net\/wp-cnet\/wp-json\/wp\/v2\/media?parent=82128"}],"wp:term":[{"taxonomy":"category","embeddable":true,"href":"https:\/\/catolicanet.net\/wp-cnet\/wp-json\/wp\/v2\/categories?post=82128"},{"taxonomy":"post_tag","embeddable":true,"href":"https:\/\/catolicanet.net\/wp-cnet\/wp-json\/wp\/v2\/tags?post=82128"}],"curies":[{"name":"wp","href":"https:\/\/api.w.org\/{rel}","templated":true}]}}