{"id":82120,"date":"2023-05-31T09:58:29","date_gmt":"2023-05-31T12:58:29","guid":{"rendered":"https:\/\/catolicanet.net\/wp-cnet\/?p=82120"},"modified":"2023-05-31T11:59:42","modified_gmt":"2023-05-31T14:59:42","slug":"lednica-na-polonia-francisco-recorda-maior-encontro-de-jovens-catolicos-da-europa","status":"publish","type":"post","link":"https:\/\/catolicanet.net\/wp-cnet\/lednica-na-polonia-francisco-recorda-maior-encontro-de-jovens-catolicos-da-europa\/","title":{"rendered":"Lednica, na Pol\u00f4nia: Francisco recorda maior encontro de jovens cat\u00f3licos da Europa"},"content":{"rendered":"<figure class=\"article__image\"><span class=\"didascalia_img\">Francisco durante a Audi\u00eancia Geral desta quarta-feira (31), na Pra\u00e7a S\u00e3o Pedro\u00a0<\/span><\/figure>\n<div class=\"article__meta \" data-mediatype=\"\">\n<div class=\"article__subTitle\" style=\"text-align: justify;\">&#8220;Meus pensamentos se dirigem \u00e0queles que se reunir\u00e3o nos campos de Lednica, no primeiro s\u00e1bado de junho, para o Encontro de Jovens que tem como tema as palavras &#8216;Segue o Cordeiro&#8217;. Que a reflex\u00e3o sobre o mist\u00e9rio da Eucaristia ajude todos a escolher Cristo novamente, a acolh\u00ea-Lo em seus cora\u00e7\u00f5es&#8221;, disse o Papa Francisco na sauda\u00e7\u00e3o aos poloneses durante a Audi\u00eancia Geral desta quarta (31).<\/div>\n<div class=\"title__separator\" style=\"text-align: justify;\"><\/div>\n<div class=\"article__text\">\n<p style=\"text-align: justify;\"><b>Andressa Collet &#8211; Vatican News<\/b><\/p>\n<p style=\"text-align: justify;\">&#8220;Levem bandeiras com o s\u00edmbolo do cordeiro&#8221;, tema do Encontro Nacional de Jovens do\u00a0<a href=\"https:\/\/www.lednica2000.pl\/\" target=\"_blank\" rel=\"external nofollow noopener\">Lednica 2000<\/a>\u00a0que acontece no pr\u00f3ximo s\u00e1bado (1). Assim as redes sociais do evento convidam os participantes para aquele que \u00e9 considerado o maior encontro da juventude cat\u00f3lica da Europa por receber at\u00e9 150 mil pessoas do pa\u00eds e do exterior num \u00fanico dia.<\/p>\n<p style=\"text-align: justify;\">Anualmente, desde 1997, eles se re\u00fanem \u00e0s margens do lago Lednica, perto das cidades de Gniezno e Pozna\u0144, na Pol\u00f4nia, para renovar a ades\u00e3o a Cristo em horas de ora\u00e7\u00e3o comum e reflex\u00e3o. Nesse local, segundo documentos hist\u00f3ricos, aconteceu o batismo do pa\u00eds. Ali se encontra a &#8216;Porta do Peixe&#8217;, chamada como &#8216;Porta do Terceiro Mil\u00eanio&#8217;, e a Casa de S\u00e3o Jo\u00e3o Paulo II, onde s\u00e3o conservadas as mem\u00f3rias do Papa polon\u00eas. J\u00e1 o Papa argentino, na sauda\u00e7\u00e3o aos peregrinos poloneses durantea a Audi\u00eancia Geral desta quarta-feira (31), foi quem lembrou do evento do pr\u00f3ximo s\u00e1bado (1):<\/p>\n<div>\n<div class=\"article__embed article__embed--border embed_style\">\n<blockquote><p>\u201cSa\u00fado os poloneses aqui presentes e, ao invocar sobre cada um os dons do Esp\u00edrito Santo, confio-os \u00e0 prote\u00e7\u00e3o de Maria, Rainha da Pol\u00f4nia, e os aben\u00e7oo de cora\u00e7\u00e3o. Meus pensamentos tamb\u00e9m se dirigem \u00e0queles que se reunir\u00e3o nos campos de Lednica, no primeiro s\u00e1bado de junho, para o Encontro de Jovens que tem como tema as palavras &#8216;Segue o Cordeiro&#8217;. Que a reflex\u00e3o sobre o mist\u00e9rio da Eucaristia ajude todos a escolher Cristo novamente, a acolh\u00ea-Lo em seus cora\u00e7\u00f5es. Deus aben\u00e7oe esse encontro!\u201d<\/p><\/blockquote>\n<\/div>\n<\/div>\n<\/div>\n<\/div>\n","protected":false},"excerpt":{"rendered":"<p>Francisco durante a Audi\u00eancia Geral desta quarta-feira (31), na Pra\u00e7a S\u00e3o Pedro\u00a0 &#8220;Meus pensamentos se dirigem \u00e0queles que se reunir\u00e3o nos campos de Lednica, no primeiro s\u00e1bado de junho, para o Encontro de Jovens que tem como tema as palavras &#8216;Segue o Cordeiro&#8217;. Que a reflex\u00e3o sobre o mist\u00e9rio da Eucaristia ajude todos a escolher [&hellip;]<\/p>\n","protected":false},"author":1,"featured_media":82121,"comment_status":"open","ping_status":"closed","sticky":false,"template":"","format":"standard","meta":{"footnotes":""},"categories":[3],"tags":[],"class_list":["post-82120","post","type-post","status-publish","format-standard","has-post-thumbnail","hentry","category-vaticano"],"_links":{"self":[{"href":"https:\/\/catolicanet.net\/wp-cnet\/wp-json\/wp\/v2\/posts\/82120","targetHints":{"allow":["GET"]}}],"collection":[{"href":"https:\/\/catolicanet.net\/wp-cnet\/wp-json\/wp\/v2\/posts"}],"about":[{"href":"https:\/\/catolicanet.net\/wp-cnet\/wp-json\/wp\/v2\/types\/post"}],"author":[{"embeddable":true,"href":"https:\/\/catolicanet.net\/wp-cnet\/wp-json\/wp\/v2\/users\/1"}],"replies":[{"embeddable":true,"href":"https:\/\/catolicanet.net\/wp-cnet\/wp-json\/wp\/v2\/comments?post=82120"}],"version-history":[{"count":1,"href":"https:\/\/catolicanet.net\/wp-cnet\/wp-json\/wp\/v2\/posts\/82120\/revisions"}],"predecessor-version":[{"id":82122,"href":"https:\/\/catolicanet.net\/wp-cnet\/wp-json\/wp\/v2\/posts\/82120\/revisions\/82122"}],"wp:featuredmedia":[{"embeddable":true,"href":"https:\/\/catolicanet.net\/wp-cnet\/wp-json\/wp\/v2\/media\/82121"}],"wp:attachment":[{"href":"https:\/\/catolicanet.net\/wp-cnet\/wp-json\/wp\/v2\/media?parent=82120"}],"wp:term":[{"taxonomy":"category","embeddable":true,"href":"https:\/\/catolicanet.net\/wp-cnet\/wp-json\/wp\/v2\/categories?post=82120"},{"taxonomy":"post_tag","embeddable":true,"href":"https:\/\/catolicanet.net\/wp-cnet\/wp-json\/wp\/v2\/tags?post=82120"}],"curies":[{"name":"wp","href":"https:\/\/api.w.org\/{rel}","templated":true}]}}