{"id":82115,"date":"2023-05-31T11:56:15","date_gmt":"2023-05-31T14:56:15","guid":{"rendered":"https:\/\/catolicanet.net\/wp-cnet\/?p=82115"},"modified":"2023-05-31T11:56:15","modified_gmt":"2023-05-31T14:56:15","slug":"papa-seguir-exemplo-de-jovens-da-ucrania-e-russia-que-vivem-como-irmaos-na-italia","status":"publish","type":"post","link":"https:\/\/catolicanet.net\/wp-cnet\/papa-seguir-exemplo-de-jovens-da-ucrania-e-russia-que-vivem-como-irmaos-na-italia\/","title":{"rendered":"Papa: seguir exemplo de jovens da Ucr\u00e2nia e R\u00fassia que vivem como irm\u00e3os na It\u00e1lia"},"content":{"rendered":"<div class=\"article__subTitle\" style=\"text-align: justify;\">Francisco convida a rezar mais uma vez pela martirizada Ucr\u00e2nia, pedindo que quem tem responsabilidade pol\u00edtica se inspire em jovens, como aqueles presentes na Pra\u00e7a S\u00e3o Pedro nesta quarta-feira (31), oriundos de um projeto social italiano: a &#8220;Cittadella della Pace&#8221;, da comunidade de Rondine. Papa agradece o esfor\u00e7o di\u00e1rio pela constru\u00e7\u00e3o da paz especialmente daqueles &#8220;vindos da Ucr\u00e2nia e da R\u00fassia e de outros pa<\/div>\n<div class=\"title__separator\" style=\"text-align: justify;\"><\/div>\n<div class=\"article__text\">\n<p style=\"text-align: justify;\"><b>Andressa Collet &#8211; Vatican News<\/b><\/p>\n<p style=\"text-align: justify;\">Antes do in\u00edcio da guerra na Ucr\u00e2nia, quando o pa\u00eds foi invadido pela R\u00fassia em grande escala em fevereiro de 2022, especialistas de todo o mundo acreditavam que o conflito poderia ser decidido em dias. Por\u00e9m, j\u00e1 se passaram 15 meses e n\u00e3o h\u00e1 perspectiva para um fim, mesmo diante de in\u00fameros desdobramentos em n\u00edvel internacional e apelos p\u00fablicos do Papa Francisco, al\u00e9m de ora\u00e7\u00f5es e &#8220;cont\u00ednua invoca\u00e7\u00e3o ao Senhor pela paz&#8221;, como disse o pr\u00f3prio Pont\u00edfice ao receber o presidente Zelensky no Vaticano em 13 de maio. O Papa tamb\u00e9m j\u00e1 encarregou o cardeal italiano Matteo Zuppi a uma miss\u00e3o de paz na Ucr\u00e2nia, ainda sem data definida, para contribuir a reduzir as tens\u00f5es do conflito.<\/p>\n<p style=\"text-align: justify;\">Na sauda\u00e7\u00e3o final da Audi\u00eancia Geral desta quarta-feira (31), Francisco voltou a recordar o sofrimento vivido pela &#8220;martirizada Ucr\u00e2nia&#8221; em dois momentos. No primeiro, quando fez men\u00e7\u00e3o \u00e0 participa\u00e7\u00e3o, na Pra\u00e7a S\u00e3o Pedro, dos jovens da\u00a0<a href=\"https:\/\/rondine.org\/\" target=\"_blank\" rel=\"external nofollow noopener\">&#8220;Cittadella della Pace&#8221;<\/a>, um projeto desenvolvido na comunidade de Rondine, perto da cidade italiana de Arezzo, uma organiza\u00e7\u00e3o toscana comprometida na redu\u00e7\u00e3o dos conflitos armados no mundo com a difus\u00e3o de uma metodologia pr\u00f3pria atrav\u00e9s da transforma\u00e7\u00e3o criativa com iniciativas na forma\u00e7\u00e3o e instru\u00e7\u00e3o. O Papa dirigiu ao grupo, acompanhado pelo bispo, dom\u00a0Andrea Migliavacca, &#8220;um pensamento de gratid\u00e3o por aqueles que, vindos da Ucr\u00e2nia e da R\u00fassia e de outros pa\u00edses devastados pela guerra, decidiram n\u00e3o ser inimigos, mas viver como irm\u00e3os&#8221;.<\/p>\n<div>\n<div class=\"article__embed article__embed--border embed_style\">\n<blockquote><p>\u201cQue o exemplo de voc\u00eas possa suscitar inten\u00e7\u00f5es de paz em todos, inclusive naqueles que t\u00eam responsabilidades pol\u00edticas. E isso deve nos levar a rezar mais pela martirizada Ucr\u00e2nia e a estar pr\u00f3ximos dela.\u201d<\/p><\/blockquote>\n<\/div>\n<\/div>\n<p style=\"text-align: justify;\">Os jovens que frequentam a &#8220;World House&#8221; na pequena comunidade de Rondine, no interior da It\u00e1lia, surgem como exemplo de um esfor\u00e7o di\u00e1rio para se construir a paz, mesmo provenientes de \u00e1reas de tens\u00f5es e conflitos. Uma paz que tamb\u00e9m nasce da coragem da f\u00e9, como recordou o Papa ao final da Audi\u00eancia:<\/p>\n<p style=\"text-align: justify;\"><i>&#8220;Hoje, \u00faltimo dia do m\u00eas de maio, a Igreja celebra a visita de Maria \u00e0 sua prima Isabel, por quem \u00e9 proclamada bem-aventurada por ter acreditado na palavra do Senhor (cf. Lc 1,45). Olhemos para ela e imploremos o dom de uma f\u00e9 cada vez mais corajosa. Confiemos \u00e0 sua intercess\u00e3o materna todos os que s\u00e3o provados pela guerra, especialmente a querida e martirizada Ucr\u00e2nia, que tanto sofre.&#8221;<\/i><\/p>\n<\/div>\n","protected":false},"excerpt":{"rendered":"<p>Francisco convida a rezar mais uma vez pela martirizada Ucr\u00e2nia, pedindo que quem tem responsabilidade pol\u00edtica se inspire em jovens, como aqueles presentes na Pra\u00e7a S\u00e3o Pedro nesta quarta-feira (31), oriundos de um projeto social italiano: a &#8220;Cittadella della Pace&#8221;, da comunidade de Rondine. Papa agradece o esfor\u00e7o di\u00e1rio pela constru\u00e7\u00e3o da paz especialmente daqueles [&hellip;]<\/p>\n","protected":false},"author":1,"featured_media":82117,"comment_status":"open","ping_status":"closed","sticky":false,"template":"","format":"standard","meta":{"footnotes":""},"categories":[3],"tags":[],"class_list":["post-82115","post","type-post","status-publish","format-standard","has-post-thumbnail","hentry","category-vaticano"],"_links":{"self":[{"href":"https:\/\/catolicanet.net\/wp-cnet\/wp-json\/wp\/v2\/posts\/82115","targetHints":{"allow":["GET"]}}],"collection":[{"href":"https:\/\/catolicanet.net\/wp-cnet\/wp-json\/wp\/v2\/posts"}],"about":[{"href":"https:\/\/catolicanet.net\/wp-cnet\/wp-json\/wp\/v2\/types\/post"}],"author":[{"embeddable":true,"href":"https:\/\/catolicanet.net\/wp-cnet\/wp-json\/wp\/v2\/users\/1"}],"replies":[{"embeddable":true,"href":"https:\/\/catolicanet.net\/wp-cnet\/wp-json\/wp\/v2\/comments?post=82115"}],"version-history":[{"count":1,"href":"https:\/\/catolicanet.net\/wp-cnet\/wp-json\/wp\/v2\/posts\/82115\/revisions"}],"predecessor-version":[{"id":82118,"href":"https:\/\/catolicanet.net\/wp-cnet\/wp-json\/wp\/v2\/posts\/82115\/revisions\/82118"}],"wp:featuredmedia":[{"embeddable":true,"href":"https:\/\/catolicanet.net\/wp-cnet\/wp-json\/wp\/v2\/media\/82117"}],"wp:attachment":[{"href":"https:\/\/catolicanet.net\/wp-cnet\/wp-json\/wp\/v2\/media?parent=82115"}],"wp:term":[{"taxonomy":"category","embeddable":true,"href":"https:\/\/catolicanet.net\/wp-cnet\/wp-json\/wp\/v2\/categories?post=82115"},{"taxonomy":"post_tag","embeddable":true,"href":"https:\/\/catolicanet.net\/wp-cnet\/wp-json\/wp\/v2\/tags?post=82115"}],"curies":[{"name":"wp","href":"https:\/\/api.w.org\/{rel}","templated":true}]}}