{"id":82111,"date":"2023-05-31T09:27:06","date_gmt":"2023-05-31T12:27:06","guid":{"rendered":"https:\/\/catolicanet.net\/wp-cnet\/?p=82111"},"modified":"2023-05-31T11:42:47","modified_gmt":"2023-05-31T14:42:47","slug":"o-papa-matteo-ricci-seguiu-o-caminho-do-dialogo-e-da-amizade-com-todas-as-pessoas","status":"publish","type":"post","link":"https:\/\/catolicanet.net\/wp-cnet\/o-papa-matteo-ricci-seguiu-o-caminho-do-dialogo-e-da-amizade-com-todas-as-pessoas\/","title":{"rendered":"O Papa: Matteo Ricci seguiu o caminho do di\u00e1logo e da amizade com todas as pessoas"},"content":{"rendered":"<div class=\"article__subTitle\" style=\"text-align: justify;\">O estudo e a forma\u00e7\u00e3o despertam interesse e admira\u00e7\u00e3o, mas \u00e9 a coer\u00eancia da vida crist\u00e3 que atrai, disse Francisco na Audi\u00eancia Geral referindo-se \u00e0 miss\u00e3o do jesu\u00edta que, superando dificuldades e perigos, conseguiu entrar no grande pa\u00eds asi\u00e1tico h\u00e1 500 anos e anunciar a f\u00e9 crist\u00e3, modelo de incultura\u00e7\u00e3o<\/div>\n<div class=\"title__separator\" style=\"text-align: justify;\"><\/div>\n<div class=\"article__text\">\n<p style=\"text-align: justify;\"><b>Mariangela Jaguraba &#8211; Vatican News<\/b><\/p>\n<p style=\"text-align: justify;\">A catequese do Papa Francisco na Audi\u00eancia Geral, desta quarta-feira (31\/07), teve como exemplo de zelo apost\u00f3lico o pe. Matteo Ricci, italiano que foi \u00e0 China.<\/p>\n<div style=\"text-align: justify;\">\n<div class=\"article__embed article__embed--unwrap article__embed--dark\">\n<div class=\"article__innerTitle\">Ou\u00e7a e compartilhe<\/div>\n<div>\n<!--[if lt IE 9]><script>document.createElement('audio');<\/script><![endif]-->\n<audio class=\"wp-audio-shortcode\" id=\"audio-82111-1\" preload=\"none\" style=\"width: 100%;\" controls=\"controls\"><source type=\"audio\/mpeg\" src=\"https:\/\/media.vaticannews.va\/media\/audio\/s1\/2023\/05\/31\/11\/137108462_F137108462.mp3?_=1\" \/><a href=\"https:\/\/media.vaticannews.va\/media\/audio\/s1\/2023\/05\/31\/11\/137108462_F137108462.mp3\">https:\/\/media.vaticannews.va\/media\/audio\/s1\/2023\/05\/31\/11\/137108462_F137108462.mp3<\/a><\/audio>\n<\/div>\n<\/div>\n<\/div>\n<p style=\"text-align: justify;\">&#8220;Natural de Macerata, na regi\u00e3o das Marcas, depois de ter estudado nas escolas dos jesu\u00edtas e de ter entrado na Companhia de Jesus, entusiasmado pelos relat\u00f3rios dos mission\u00e1rios, como muitos outros jovens, seus companheiros, pediu para ser enviado para as miss\u00f5es do Extremo Oriente. Depois da tentativa de Francisco Xavier, mais vinte e cinco jesu\u00edtas procuraram, sem sucesso, entrar na China&#8221;, sublinhou o Papa.<\/p>\n<p style=\"text-align: justify;\">De acordo com Francisco, &#8220;Matteo Ricci e um de seus confrades se prepararam muito bem, estudando cuidadosamente a l\u00edngua e os costumes chineses, e no final conseguiram estabelecer-se no sul do pa\u00eds. Foram necess\u00e1rios dezoito anos, com quatro etapas em quatro cidades diferentes, antes de chegar a Pequim, que era o centro. Com const\u00e2ncia e paci\u00eancia, animado por uma f\u00e9 inabal\u00e1vel, Matteo Ricci conseguiu superar dificuldades e perigos, desconfian\u00e7as e oposi\u00e7\u00f5es&#8221;.<\/p>\n<div style=\"text-align: justify;\">\n<div class=\"article__embed article__embed--border embed_style\">\n<blockquote><p>\u201cEle seguiu sempre o caminho do di\u00e1logo e da amizade com todas as pessoas que encontrou, e isto abriu-lhe muitas portas para o an\u00fancio da f\u00e9 crist\u00e3.\u201d<\/p><\/blockquote>\n<\/div>\n<\/div>\n<h2 style=\"text-align: justify;\">Comportamento de incultura\u00e7\u00e3o<\/h2>\n<p style=\"text-align: justify;\"><i>A sua primeira obra em l\u00edngua chinesa foi precisamente um tratado &#8220;Sobre a amizade&#8221;, que teve grande resson\u00e2ncia. Para se integrar na cultura e na vida chinesas, num primeiro per\u00edodo vestia-se como os bonzos budistas, conforme o costume do pa\u00eds, mas depois compreendeu que a melhor maneira era assumir o estilo de vida e os trajes dos eruditos. Estudou profundamente os seus textos cl\u00e1ssicos, a fim de poder apresentar o cristianismo em di\u00e1logo positivo com a sua sabedoria confucionista e os usos e costumes da sociedade chinesa.\u00a0<b>Isso se chama um comportamento de incultura\u00e7\u00e3o.<\/b>\u00a0Estes mission\u00e1rios<b>\u00a0<\/b>souberam \u201cinculturar\u201d a f\u00e9 crist\u00e3 em di\u00e1logo com a cultura grega.<\/i><\/p>\n<p style=\"text-align: justify;\">Segundo o Papa, &#8220;a sua excelente prepara\u00e7\u00e3o cient\u00edfica suscitava o interesse e a admira\u00e7\u00e3o dos homens cultos, come\u00e7ando pelo seu famoso mapa-m\u00fandi, o mapa de todo o mundo ent\u00e3o conhecido, com os diferentes continentes, que revela aos chineses, pela primeira vez, uma realidade fora da China muito mais vasta do que pensavam&#8221;.<\/p>\n<div style=\"text-align: justify;\">\n<div class=\"article__embed article__embed--unwrap article__embed--dark\">\n<div class=\"embed-container\"><iframe id=\"48151343\" title=\"Audi\u00eancia Geral 31 de maio de 2023 Papa Francisco\" src=\"https:\/\/www.youtube.com\/embed\/HpPQtlyTDUA?wmode=opaque&amp;rel=0&amp;autohide=1&amp;showinfo=0&amp;wmode=transparent&amp;modestbranding=1&amp;enablejsapi=1&amp;origin=https:\/\/www.vaticannews.va&amp;start=&amp;end=\" allowfullscreen=\"allowfullscreen\" data-gtm-yt-inspected-7781034_9=\"true\" data-gtm-yt-inspected-8=\"true\" data-gtm-yt-inspected-13=\"true\" data-mce-fragment=\"1\"><\/iframe><\/div>\n<div class=\"article__innerTitle\">Veja o Papa Francisco na Audi\u00eancia Geral<\/div>\n<\/div>\n<\/div>\n<p style=\"text-align: justify;\">De acordo com o Papa, &#8220;os conhecimentos matem\u00e1ticos e astron\u00f4micos de Ricci e de seus seguidores mission\u00e1rios contribu\u00edram para um encontro fecundo entre a cultura e a ci\u00eancia do Ocidente e do Oriente, que ent\u00e3o viver\u00e1 uma das suas \u00e9pocas mais felizes, no sinal do di\u00e1logo e da amizade. Com efeito, a obra de Matteo Ricci nunca teria sido poss\u00edvel sem a colabora\u00e7\u00e3o de seus grandes amigos chineses, como os famosos \u201cDoutor Paulo\u201d (Xu Guangqi) e o \u201cDoutor Le\u00e3o\u201d (Li Zhizao)&#8221;.<\/p>\n<h2 style=\"text-align: justify;\">A coer\u00eancia dos evangelizadores<\/h2>\n<p style=\"text-align: justify;\">&#8220;No entanto, a fama de Ricci como homem de ci\u00eancia n\u00e3o deve obscurecer a motiva\u00e7\u00e3o mais profunda de todos os seus esfor\u00e7os:\u00a0<b>o an\u00fancio do Evangelho<\/b>. A credibilidade obtida mediante o di\u00e1logo cient\u00edfico conferia-lhe autoridade para propor a verdade da f\u00e9 e da moral crist\u00e3, que ele debate de modo aprofundado nas suas principais obras chinesas, como\u00a0<i>O verdadeiro significado do Senhor do C\u00e9u<\/i>&#8220;, sublinhou Francisco. &#8220;<b>Esses mission\u00e1rios rezavam, pregavam, se moviam, faziam jogadas pol\u00edticas, tudo isso, mas rezavam. \u00c9 o que alimenta a vida mission\u00e1ria, uma vida de caridade, ajudavam os outros, humildade<\/b>\u00a0e um total desinteresse por honras e riquezas que levam muitos dos seus disc\u00edpulos e amigos a aceitar a f\u00e9 cat\u00f3lica\u00a0<b>porque viam um homem t\u00e3o inteligente, t\u00e3o s\u00e1bio, t\u00e3o astuto, no bom sentido da palavra, para fazer as coisas e t\u00e3o fiel, que diziam: O que prega \u00e9 verdadeiro, \u00e9 uma personalidade que d\u00e1 testemunho<\/b>&#8220;, disse ainda o Papa.<\/p>\n<div style=\"text-align: justify;\">\n<div class=\"article__embed article__embed--border embed_style\">\n<blockquote><p>\u201cTestemunha com a pr\u00f3pria vida o que anuncia. Esta \u00e9 a coer\u00eancia dos evangelizadores. Isso cabe a todos n\u00f3s crist\u00e3os que somos evangelizadores. Eu posso rezar o Credo de cor, posso dizer todas as coisas que acreditamos, mas se a vida n\u00e3o for coerente com isso, n\u00e3o serve a nada. O que atrai as pessoas \u00e9 o testemunho de coer\u00eancia. N\u00f3s crist\u00e3os vivemos o que pregamos. N\u00e3o fazer de conta de viver como crist\u00e3os e depois viver como mundanos. Fiquem atentos! Olhando para esses mission\u00e1rios, esse era italiano, a for\u00e7a maior \u00e9 a coer\u00eancia. Eles s\u00e3o coerentes.\u201d<\/p><\/blockquote>\n<\/div>\n<\/div>\n<p style=\"text-align: justify;\">&#8220;Matteo Ricci faleceu em Pequim, em 1610, aos 57 anos. Um homem que dedicou toda a sua vida \u00e0 miss\u00e3o.\u00a0<b>O esp\u00edrito mission\u00e1rio de Mateo Ricci \u00e9 um modelo vivo atual. O seu amor pelo povo chin\u00eas \u00e9 um modelo, mas o que \u00e9 uma estrada atual \u00e9 a coer\u00eancia de vida, o testemunho de sua vida como crist\u00e3o.<\/b><\/p>\n<div style=\"text-align: justify;\">\n<div class=\"article__embed article__embed--border embed_style\">\n<blockquote><p>\u201cEle levou o cristianismo \u00e0 China. Ele \u00e9 grande porque \u00e9 um grande cientista, ele \u00e9 grande porque \u00e9 corajoso, ele \u00e9 grande porque escreveu muitos livros, mas sobretudo \u00e9 grande porque foi coerente com a sua voca\u00e7\u00e3o, coerente com o desejo de seguir Jesus Cristo.\u201d<\/p><\/blockquote>\n<\/div>\n<\/div>\n<p style=\"text-align: justify;\"><b>Irm\u00e3os e irm\u00e3s, hoje n\u00f3s, cada um de n\u00f3s, se pergunte: &#8220;Sou coerente ou sou um pouco mais ou menos<\/b>?&#8221;, concluiu Francisco.<\/p>\n<\/div>\n","protected":false},"excerpt":{"rendered":"<p>O estudo e a forma\u00e7\u00e3o despertam interesse e admira\u00e7\u00e3o, mas \u00e9 a coer\u00eancia da vida crist\u00e3 que atrai, disse Francisco na Audi\u00eancia Geral referindo-se \u00e0 miss\u00e3o do jesu\u00edta que, superando dificuldades e perigos, conseguiu entrar no grande pa\u00eds asi\u00e1tico h\u00e1 500 anos e anunciar a f\u00e9 crist\u00e3, modelo de incultura\u00e7\u00e3o Mariangela Jaguraba &#8211; Vatican News [&hellip;]<\/p>\n","protected":false},"author":1,"featured_media":82112,"comment_status":"open","ping_status":"closed","sticky":false,"template":"","format":"standard","meta":{"footnotes":""},"categories":[13,3],"tags":[],"class_list":["post-82111","post","type-post","status-publish","format-standard","has-post-thumbnail","hentry","category-featured","category-vaticano"],"_links":{"self":[{"href":"https:\/\/catolicanet.net\/wp-cnet\/wp-json\/wp\/v2\/posts\/82111","targetHints":{"allow":["GET"]}}],"collection":[{"href":"https:\/\/catolicanet.net\/wp-cnet\/wp-json\/wp\/v2\/posts"}],"about":[{"href":"https:\/\/catolicanet.net\/wp-cnet\/wp-json\/wp\/v2\/types\/post"}],"author":[{"embeddable":true,"href":"https:\/\/catolicanet.net\/wp-cnet\/wp-json\/wp\/v2\/users\/1"}],"replies":[{"embeddable":true,"href":"https:\/\/catolicanet.net\/wp-cnet\/wp-json\/wp\/v2\/comments?post=82111"}],"version-history":[{"count":1,"href":"https:\/\/catolicanet.net\/wp-cnet\/wp-json\/wp\/v2\/posts\/82111\/revisions"}],"predecessor-version":[{"id":82113,"href":"https:\/\/catolicanet.net\/wp-cnet\/wp-json\/wp\/v2\/posts\/82111\/revisions\/82113"}],"wp:featuredmedia":[{"embeddable":true,"href":"https:\/\/catolicanet.net\/wp-cnet\/wp-json\/wp\/v2\/media\/82112"}],"wp:attachment":[{"href":"https:\/\/catolicanet.net\/wp-cnet\/wp-json\/wp\/v2\/media?parent=82111"}],"wp:term":[{"taxonomy":"category","embeddable":true,"href":"https:\/\/catolicanet.net\/wp-cnet\/wp-json\/wp\/v2\/categories?post=82111"},{"taxonomy":"post_tag","embeddable":true,"href":"https:\/\/catolicanet.net\/wp-cnet\/wp-json\/wp\/v2\/tags?post=82111"}],"curies":[{"name":"wp","href":"https:\/\/api.w.org\/{rel}","templated":true}]}}