{"id":82012,"date":"2023-05-26T09:46:42","date_gmt":"2023-05-26T12:46:42","guid":{"rendered":"https:\/\/catolicanet.net\/wp-cnet\/?p=82012"},"modified":"2023-05-26T12:47:50","modified_gmt":"2023-05-26T15:47:50","slug":"caritas-e-organizacoes-da-sociedade-civil-realizam-ato-publico-em-memoria-das-vitimas-das-chuvas-em-pernambuco","status":"publish","type":"post","link":"https:\/\/catolicanet.net\/wp-cnet\/caritas-e-organizacoes-da-sociedade-civil-realizam-ato-publico-em-memoria-das-vitimas-das-chuvas-em-pernambuco\/","title":{"rendered":"C\u00c1RITAS E ORGANIZA\u00c7\u00d5ES DA SOCIEDADE CIVIL REALIZAM ATO P\u00daBLICO EM MEM\u00d3RIA DAS V\u00cdTIMAS DAS CHUVAS EM PERNAMBUCO"},"content":{"rendered":"<p style=\"text-align: justify;\">A C\u00e1ritas Brasileira Regional Nordeste 2 \u2013 organismo vinculado \u00e0 CNBB Nordeste 2 \u2013 realiza o ato \u201c1 ano de luto. 1 ano de luta\u201d, a partir das 9h do domingo (28), no Recife (PE). A iniciativa far\u00e1 mem\u00f3ria as 134 pessoas mortas e outras 125 mil desabrigadas ou desalojadas por consequ\u00eancias das chuvas, que atingiram Pernambuco em maio de 2022. A mobiliza\u00e7\u00e3o tamb\u00e9m \u00e9 para reivindicar aos poderes p\u00fablicos o desenvolvimento de a\u00e7\u00f5es estruturadoras capazes de evitar novas trag\u00e9dias.<\/p>\n<p style=\"text-align: justify;\">\u201cO per\u00edodo de inverno mal come\u00e7ou e as cidades da regi\u00e3o metropolitana j\u00e1 est\u00e3o em alerta m\u00e1ximo temendo uma nova trag\u00e9dia. Milhares de pessoas nos territ\u00f3rios passaram a noite sem dormir\u201d, afirma, em nota, a\u00a0<a role=\"link\" href=\"https:\/\/caritasne2.org.br\/\" target=\"_blank\" rel=\"noreferrer noopener\">C\u00e1ritas Nordeste 2<\/a>.<\/p>\n<p style=\"text-align: justify;\">Al\u00e9m do organismo regional, h\u00e1 outras 19 entidades da sociedade civil e coletivos de moradores das \u00e1reas mais atingidas pelas chuvas do ano passado envolvidas na manifesta\u00e7\u00e3o. Para chamar a aten\u00e7\u00e3o para a emerg\u00eancia do tema, durante o ato os grupos far\u00e3o uma caminhada pelo Bairro do Recife at\u00e9 a Pra\u00e7a do Marco Zero, um dos pontos tur\u00edsticos da \u00e1rea portu\u00e1ria da cidade.<\/p>\n<p style=\"text-align: justify;\"><a href=\"https:\/\/cnbbne2.org.br\/caritas-nordeste-2-e-organizacoes-da-sociedade-civil-realizam-ato-publico-em-memoria-das-vitimas-das-chuvas-em-pernambuco\/\" target=\"_blank\" rel=\"noopener\">Confira a not\u00edcia na \u00edntegra.<\/a><\/p>\n","protected":false},"excerpt":{"rendered":"<p>A C\u00e1ritas Brasileira Regional Nordeste 2 \u2013 organismo vinculado \u00e0 CNBB Nordeste 2 \u2013 realiza o ato \u201c1 ano de luto. 1 ano de luta\u201d, a partir das 9h do domingo (28), no Recife (PE). A iniciativa far\u00e1 mem\u00f3ria as 134 pessoas mortas e outras 125 mil desabrigadas ou desalojadas por consequ\u00eancias das chuvas, que [&hellip;]<\/p>\n","protected":false},"author":1,"featured_media":82013,"comment_status":"open","ping_status":"closed","sticky":false,"template":"","format":"standard","meta":{"footnotes":""},"categories":[7],"tags":[],"class_list":["post-82012","post","type-post","status-publish","format-standard","has-post-thumbnail","hentry","category-cnbb"],"_links":{"self":[{"href":"https:\/\/catolicanet.net\/wp-cnet\/wp-json\/wp\/v2\/posts\/82012","targetHints":{"allow":["GET"]}}],"collection":[{"href":"https:\/\/catolicanet.net\/wp-cnet\/wp-json\/wp\/v2\/posts"}],"about":[{"href":"https:\/\/catolicanet.net\/wp-cnet\/wp-json\/wp\/v2\/types\/post"}],"author":[{"embeddable":true,"href":"https:\/\/catolicanet.net\/wp-cnet\/wp-json\/wp\/v2\/users\/1"}],"replies":[{"embeddable":true,"href":"https:\/\/catolicanet.net\/wp-cnet\/wp-json\/wp\/v2\/comments?post=82012"}],"version-history":[{"count":1,"href":"https:\/\/catolicanet.net\/wp-cnet\/wp-json\/wp\/v2\/posts\/82012\/revisions"}],"predecessor-version":[{"id":82014,"href":"https:\/\/catolicanet.net\/wp-cnet\/wp-json\/wp\/v2\/posts\/82012\/revisions\/82014"}],"wp:featuredmedia":[{"embeddable":true,"href":"https:\/\/catolicanet.net\/wp-cnet\/wp-json\/wp\/v2\/media\/82013"}],"wp:attachment":[{"href":"https:\/\/catolicanet.net\/wp-cnet\/wp-json\/wp\/v2\/media?parent=82012"}],"wp:term":[{"taxonomy":"category","embeddable":true,"href":"https:\/\/catolicanet.net\/wp-cnet\/wp-json\/wp\/v2\/categories?post=82012"},{"taxonomy":"post_tag","embeddable":true,"href":"https:\/\/catolicanet.net\/wp-cnet\/wp-json\/wp\/v2\/tags?post=82012"}],"curies":[{"name":"wp","href":"https:\/\/api.w.org\/{rel}","templated":true}]}}