{"id":81983,"date":"2023-05-24T09:15:53","date_gmt":"2023-05-24T12:15:53","guid":{"rendered":"https:\/\/catolicanet.net\/wp-cnet\/?p=81983"},"modified":"2023-05-26T11:17:08","modified_gmt":"2023-05-26T14:17:08","slug":"recebei-o-espirito-santo-5","status":"publish","type":"post","link":"https:\/\/catolicanet.net\/wp-cnet\/recebei-o-espirito-santo-5\/","title":{"rendered":"Recebei o Esp\u00edrito Santo!"},"content":{"rendered":"<p style=\"text-align: justify;\">Celebramos mais um Pentecostes em nossa caminhada neste mundo. O tema deste domingo \u00e9, evidentemente, o Esp\u00edrito Santo, ou como se diz em Minas Gerais o Divino Esp\u00edrito Santo. Dom de Deus a todos os crentes, o Esp\u00edrito d\u00e1 vida, renova, transforma, constr\u00f3i comunidade e faz nascer o Homem Novo.<\/p>\n<p style=\"text-align: justify;\">Pentecostes, no tempo de Jesus, era uma festa muito popular. Celebrada cinquenta dias ap\u00f3s a P\u00e1scoa, lembrava a alegria da colheita e a conclus\u00e3o da Alian\u00e7a no monte Sinai. Para a Igreja, Pentecostes, \u00e9 a festa do Esp\u00edrito Santo e da Nova Alian\u00e7a. O dom do Esp\u00edrito Santo habita em cada fiel batizado a p\u00f4r as suas qualidades e aptid\u00f5es a servi\u00e7o do crescimento e da vitalidade da comunidade eclesial.<\/p>\n<p style=\"text-align: justify;\">Com o Domingo de Pentecostes chegamos a plenitude do Mist\u00e9rio Pascal pela vinda do Esp\u00edrito Santo, o Defensor, sobre a comunidade reunida que expressa sua confian\u00e7a no amor do Cristo que a re\u00fane. Hoje somos n\u00f3s esse povo que, reunido em torno do amor do Ressuscitado, celebrando sua P\u00e1scoa, \u00e9 preenchido pela for\u00e7a do Divino Esp\u00edrito Santo.<\/p>\n<p style=\"text-align: justify;\">Em Pentecostes, tanto em S\u00e3o Lucas (Atos dos Ap\u00f3stolos) quanto em Jo\u00e3o (Evangelho), contemplamos a doa\u00e7\u00e3o do Esp\u00edrito Santo, o dom de Deus, \u00e0 primeira comunidade reunida.<\/p>\n<p style=\"text-align: justify;\">O Evangelho (Jo 20,19-23) apresenta-nos a comunidade crist\u00e3, reunida \u00e0 volta de Jesus ressuscitado. Para Jo\u00e3o, esta comunidade passa a ser uma comunidade viva, recriada, nova, a partir do dom do Esp\u00edrito. \u00c9 o Esp\u00edrito que permite aos crentes superar o medo e as limita\u00e7\u00f5es e dar testemunho no mundo desse amor que Jesus viveu at\u00e9 \u00e0s \u00faltimas consequ\u00eancias. Estando reunidos, os disc\u00edpulos, recebem do Ressuscitado os dons da alegria, da paz e do Esp\u00edrito. Tendo recebido o Esp\u00edrito Santo criador, renovador e animador da vida (Sl 103; Gn 2,7), os disc\u00edpulos s\u00e3o enviados em miss\u00e3o. A miss\u00e3o da Igreja, inspirada e impulsionada pelo Esp\u00edrito Santo continua, ainda hoje, em cada pessoa d\u00f3cil ao Esp\u00edrito Santo, disposta a anunciar a convers\u00e3o a Jesus, abandonando o pecado e reunindo-se em comunidade de amor e fraternidade, de paz e comunh\u00e3o, de partilha e de miss\u00e3o.<\/p>\n<p style=\"text-align: justify;\">Na primeira leitura(At 2,1-11), Lucas sugere que o Esp\u00edrito \u00e9 a lei nova que orienta a caminhada dos crentes. \u00c9 Ele que cria a nova comunidade do Povo de Deus, que faz com que os homens sejam capazes de ultrapassar as suas diferen\u00e7as e comunicar, que une numa mesma comunidade de amor, povos de todas as ra\u00e7as e culturas. Estando todos reunidos, veio sobre eles o Esp\u00edrito Santo, os disc\u00edpulos come\u00e7aram a falar, ou a anunciar, o Evangelho. \u00c9 a reuni\u00e3o de l\u00ednguas na \u00fanica l\u00edngua do Esp\u00edrito Santo, a l\u00edngua do amor, mais forte que a dispers\u00e3o (Babel: Gn 11,1-9). D\u00f3ceis ao Esp\u00edrito Santo, todos somos unidos na l\u00edngua da solidariedade. Pelo Esp\u00edrito unificador, entendemos e somos entendidos: \u00e9 a l\u00edngua do entendimento rec\u00edproco, dom de Deus, doado a quem se re\u00fane \u00e0 comunidade de f\u00e9, corpo m\u00edstico de Jesus, cuja cabe\u00e7a \u00e9 o pr\u00f3prio Cristo Ressuscitado.<\/p>\n<p style=\"text-align: justify;\">Na segunda leitura (1Cor 12,3b-7.12-13), Paulo avisa que o Esp\u00edrito \u00e9 a fonte de onde brota a vida da comunidade crist\u00e3. \u00c9 Ele que concede os dons que enriquecem a comunidade e que fomenta a unidade de todos os membros; por isso, esses dons n\u00e3o podem ser usados para benef\u00edcio pessoal, mas devem ser postos ao servi\u00e7o de todos. \u00c9 na comunidade que cada membro p\u00f5e seus dons, talentos e capacidades, recebidos do Esp\u00edrito Santo, \u00e0 disposi\u00e7\u00e3o de todos, para o bem comum e como testemunho de unidade para o mundo! Ora, \u201cfomos batizados num \u00fanico Esp\u00edrito, para formarmos um \u00fanico corpo, e todos n\u00f3s bebemos de um \u00fanico Esp\u00edrito!\u201d<\/p>\n<p style=\"text-align: justify;\">A Solenidade de Pentecostes renova a consci\u00eancia de que a presen\u00e7a vivificante do Esp\u00edrito Santo habita em n\u00f3s. Tamb\u00e9m nos d\u00e1 a coragem de sair das paredes protetoras dos nossos \u201ccen\u00e1culos\u201d, pequenos grupos, sem nos acomodarmos numa vida tranquila nem nos fecharmos em h\u00e1bitos est\u00e9reis. Elevemos agora nosso pensamento a Nossa Senhora, Maria Sant\u00edssima. Ela estava l\u00e1, com os ap\u00f3stolos, quando o Esp\u00edrito Santo veio, foi protagonista da primeira comunidade da admir\u00e1vel experi\u00eancia do Pentecostes. E oremos a Ela para que obtenha para a Igreja um esp\u00edrito mission\u00e1rio fervoroso!<\/p>\n<p style=\"text-align: justify;\">N\u00f3s, os cat\u00f3licos, precisamos nos matricular na escola dos dons do Divino Esp\u00edrito Santo: s\u00e3o eles que aninam a nossa caminhada de f\u00e9. Tenhamos a certeza de que as palavras de Jesus s\u00e3o atuais e provocadoras: \u201cAssim como Pai me enviou, tamb\u00e9m eu vos envio: Recebei o Esp\u00edrito Santo!\u201d. Com os dons do Esp\u00edrito Santo em nossa vida nosso dever \u00e9 sempre evangelizar todos os povos!<\/p>\n","protected":false},"excerpt":{"rendered":"<p>Celebramos mais um Pentecostes em nossa caminhada neste mundo. O tema deste domingo \u00e9, evidentemente, o Esp\u00edrito Santo, ou como se diz em Minas Gerais o Divino Esp\u00edrito Santo. Dom de Deus a todos os crentes, o Esp\u00edrito d\u00e1 vida, renova, transforma, constr\u00f3i comunidade e faz nascer o Homem Novo. Pentecostes, no tempo de Jesus, [&hellip;]<\/p>\n","protected":false},"author":10,"featured_media":55817,"comment_status":"open","ping_status":"closed","sticky":false,"template":"","format":"standard","meta":{"footnotes":""},"categories":[9],"tags":[],"class_list":["post-81983","post","type-post","status-publish","format-standard","has-post-thumbnail","hentry","category-artigos"],"_links":{"self":[{"href":"https:\/\/catolicanet.net\/wp-cnet\/wp-json\/wp\/v2\/posts\/81983","targetHints":{"allow":["GET"]}}],"collection":[{"href":"https:\/\/catolicanet.net\/wp-cnet\/wp-json\/wp\/v2\/posts"}],"about":[{"href":"https:\/\/catolicanet.net\/wp-cnet\/wp-json\/wp\/v2\/types\/post"}],"author":[{"embeddable":true,"href":"https:\/\/catolicanet.net\/wp-cnet\/wp-json\/wp\/v2\/users\/10"}],"replies":[{"embeddable":true,"href":"https:\/\/catolicanet.net\/wp-cnet\/wp-json\/wp\/v2\/comments?post=81983"}],"version-history":[{"count":1,"href":"https:\/\/catolicanet.net\/wp-cnet\/wp-json\/wp\/v2\/posts\/81983\/revisions"}],"predecessor-version":[{"id":81984,"href":"https:\/\/catolicanet.net\/wp-cnet\/wp-json\/wp\/v2\/posts\/81983\/revisions\/81984"}],"wp:featuredmedia":[{"embeddable":true,"href":"https:\/\/catolicanet.net\/wp-cnet\/wp-json\/wp\/v2\/media\/55817"}],"wp:attachment":[{"href":"https:\/\/catolicanet.net\/wp-cnet\/wp-json\/wp\/v2\/media?parent=81983"}],"wp:term":[{"taxonomy":"category","embeddable":true,"href":"https:\/\/catolicanet.net\/wp-cnet\/wp-json\/wp\/v2\/categories?post=81983"},{"taxonomy":"post_tag","embeddable":true,"href":"https:\/\/catolicanet.net\/wp-cnet\/wp-json\/wp\/v2\/tags?post=81983"}],"curies":[{"name":"wp","href":"https:\/\/api.w.org\/{rel}","templated":true}]}}