{"id":81981,"date":"2023-05-27T09:12:08","date_gmt":"2023-05-27T12:12:08","guid":{"rendered":"https:\/\/catolicanet.net\/wp-cnet\/?p=81981"},"modified":"2023-05-26T11:14:53","modified_gmt":"2023-05-26T14:14:53","slug":"vigilia-de-pentecostes-3","status":"publish","type":"post","link":"https:\/\/catolicanet.net\/wp-cnet\/vigilia-de-pentecostes-3\/","title":{"rendered":"Vig\u00edlia de Pentecostes"},"content":{"rendered":"<p style=\"text-align: center;\"><strong><em>Enviai o vosso Esp\u00edrito, Senhor, e da terra toda a face renovai. (Sl 103\/104)<\/em><\/strong><\/p>\n<p style=\"text-align: justify;\">Neste s\u00e1bado, dia 27 de maio, celebramos a Vig\u00edlia de Pentecostes. Antes de alguma solenidade importante da Igreja, sempre acontece a vig\u00edlia. Ao longo do ano, acontecem v\u00e1rias grandes vig\u00edlias: as mais conhecidas s\u00e3o: Vig\u00edlia da P\u00e1scoa (a mais importante do ano e celebrada no S\u00e1bado Santo), a Vig\u00edlia do Natal (celebrada na noite do dia 24 de dezembro) e a Vig\u00edlia de Pentecostes (celebrada na noite que antecede a solenidade). Com a terceira edi\u00e7\u00e3o t\u00edpica do Missa romano se acrescentaram outras.<\/p>\n<p style=\"text-align: justify;\">A Vig\u00edlia de Pentecostes tamb\u00e9m \u00e9 uma das mais belas e importantes da Igreja, pois acontece na noite que antecede a grande solenidade de Pentecostes. Ao longo da vig\u00edlia, podemos pedir que o Esp\u00edrito Santo venha sobre n\u00f3s com todos os seus dons. Celebrar Pentecostes \u00e9 celebrar a perfei\u00e7\u00e3o de Deus e a totalidade de seu amor por n\u00f3s. Pois os sete dons do Esp\u00edrito Santo que Deus derrama sobre n\u00f3s \u00e9 perfei\u00e7\u00e3o de seu amor por n\u00f3s. Deus nos escolheu e nos enviou, do mesmo modo que fez com os disc\u00edpulos.<\/p>\n<p style=\"text-align: justify;\">A Vig\u00edlia de Pentecostes, ao mesmo modo que as outras vig\u00edlias, celebra-se a partir das 18h. A vig\u00edlia poderia ser celebrada de madrugada e ir at\u00e9 ao amanhecer, mas \u00e9 claro que devido \u00e0s quest\u00f5es pastorais e de seguran\u00e7a, a vig\u00edlia \u00e9 celebrada por volta das 20h. A vig\u00edlia tem a dura\u00e7\u00e3o de duas a tr\u00eas horas, mais ou menos. Pe\u00e7amos com fervor que o Esp\u00edrito Santo venha sobre a Igreja e sobre cada um de n\u00f3s e renove em n\u00f3s o amor a Cristo e \u00e0 Igreja. Que o Esp\u00edrito Santo venha em socorro da nossa fraqueza e nos d\u00ea o dom da fortaleza.<\/p>\n<p style=\"text-align: justify;\">Com a celebra\u00e7\u00e3o da Vig\u00edlia de Pentecostes somos convidados a nos abrir \u00e0 a\u00e7\u00e3o do Esp\u00edrito Santo e pedir que venha sobre n\u00f3s os sete dons. O Esp\u00edrito Santo vem em socorro da nossa fraqueza e nos ajuda a n\u00e3o perder f\u00e9 e nem a esperan\u00e7a em dias melhores. Somos os escolhidos e amados por Deus, desde o nosso batismo pertencemos a Ele e recebemos a marca indel\u00e9vel do Esp\u00edrito Santo. Ao longo da nossa vida, temos que viver segundo o Esp\u00edrito Santo e n\u00e3o segundo a carne.<\/p>\n<p style=\"text-align: justify;\">Ao longo da vig\u00edlia, al\u00e9m de pedir os dons do Esp\u00edrito Santo sobre cada um de n\u00f3s, tem a liturgia da Palavra com uma leitura do antigo testamento, salmo responsorial, segunda leitura e evangelho. A celebra\u00e7\u00e3o de Pentecostes encerra as celebra\u00e7\u00f5es do tempo pascal, e o C\u00edrio Pascal \u00e9 apagado e guardado, mas ele deve permanecer aceso no nosso cora\u00e7\u00e3o. A cor vermelha predominante na celebra\u00e7\u00e3o de Pentecostes indica a cor do amor que devemos pela Igreja de Cristo e nos lembra a cor do fogo, que deve abrasar o nosso cora\u00e7\u00e3o.<\/p>\n<p style=\"text-align: justify;\">Temos como sugest\u00e3o no diret\u00f3rio lit\u00fargico 4 leituras do AT, salmo responsorial e duas leituras do NT. Selecionamos as leituras abaixo como oportunidade de reflex\u00e3o.<\/p>\n<p style=\"text-align: justify;\">A primeira leitura escolhida \u00e9 do livro de G\u00eanesis <em>(Gn 11, 1-9). <\/em>At\u00e9 ent\u00e3o, os povos falavam uma l\u00edngua s\u00f3 e todos se entendiam e tinham um \u00fanico objetivo em comum. At\u00e9 ent\u00e3o os homens partiram do Oriente e foram parar na plan\u00edcie de Sinear e ali se estabeleceram. Eles tiveram a ideia de construir uma torre que atingisse o c\u00e9u e dessa forma ficassem famosos. A torre se chamaria \u201ctorre de babel\u201d. O Senhor vendo aquilo resolve intervir e ver que cidade e que torre eles estavam construindo. O Senhor percebe que aquele era s\u00f3 o come\u00e7o de seus empreendimentos e decide descer \u00e0 terra e misturar as suas l\u00ednguas, ou seja, cada um falaria uma l\u00edngua, de modo que n\u00e3o se entenderiam. E o Senhor os dispersou pela superf\u00edcie da terra e eles cessaram de construir a torre.<\/p>\n<p style=\"text-align: justify;\">O salmo responsorial \u00e9 o <em>103 (104)<\/em>, que nos diz em seu refr\u00e3o: <em>\u201cEnviai o vosso esp\u00edrito Senhor, e da terra toda face renovai\u201d. <\/em>Pe\u00e7amos a Deus que envie o Esp\u00edrito Santo e transforme o cora\u00e7\u00e3o das pessoas. Que o Esp\u00edrito Santo derrame os seus dons sobre a humanidade e os povos vivam no amor e na conc\u00f3rdia.<\/p>\n<p style=\"text-align: justify;\">A segunda leitura dessa vig\u00edlia \u00e9 de Romanos (<em>Rm 8, 22-27). <\/em>Paulo relata em sua carta aos romanos que toda a humanidade est\u00e1 gemendo, como em dores de parto. Um contexto bem atual para os dias de hoje, em que vivemos conflitos, guerras e tantas viol\u00eancias em nossas cidades. A humanidade pede socorro e geme como em dores de parto. Mas n\u00e3o devemos desistir da ora\u00e7\u00e3o e de pedir com f\u00e9 que o Esp\u00edrito Santo venha sobre n\u00f3s. Pe\u00e7amos que ele venha em socorro da nossa fraqueza e nos ajude a rezar, que por meio do Esp\u00edrito Santo alcancemos a salva\u00e7\u00e3o.<\/p>\n<p style=\"text-align: justify;\">O Evangelho escolhido para essa vig\u00edlia \u00e9 segundo Jo\u00e3o <em>(Jo 7, 37-39).<\/em> Jesus \u00e9 a fonte de \u00e1gua viva que sacia a sede da humanidade. Muitos se perguntavam como Ele poderia se dar em comida e bebida? Isso s\u00f3 era poss\u00edvel gra\u00e7as \u00e0 a\u00e7\u00e3o do Esp\u00edrito Santo. Igualmente, nos dias de hoje, somente pela a\u00e7\u00e3o do Esp\u00edrito Santo temos o Corpo e Sangue de Cristo.<\/p>\n<p style=\"text-align: justify;\">O Esp\u00edrito Santo nos ilumina com a f\u00e9 e por meio da f\u00e9 podemos acreditar que aquele p\u00e3o e vinho apresentados ao altar se tornaram, pela a\u00e7\u00e3o do esp\u00edrito, em Corpo e Sangue de Cristo. Que o Esp\u00edrito Santo de Deus renove a nossa f\u00e9 e a nossa esperan\u00e7a e possamos sempre ter na Igreja a presen\u00e7a real de Jesus Cristo, atrav\u00e9s da Eucaristia. Que possamos abrir os nossos olhos para a f\u00e9.<\/p>\n<p style=\"text-align: justify;\">Celebremos com f\u00e9 e esperan\u00e7a a solenidade de Pentecostes, participando das celebra\u00e7\u00f5es da vig\u00edlia e do dia de Pentecostes. Que o Esp\u00edrito Santo venha sobre cada um de n\u00f3s e nos fa\u00e7a novas criaturas. Coloquemos em pratica a nossa f\u00e9 no dia a dia e que possamos sempre crer no alimento que nos garantir\u00e1 a vida eterna, que \u00e9 o Corpo e Sangue de Cristo. Am\u00e9m.<\/p>\n","protected":false},"excerpt":{"rendered":"<p>Enviai o vosso Esp\u00edrito, Senhor, e da terra toda a face renovai. (Sl 103\/104) Neste s\u00e1bado, dia 27 de maio, celebramos a Vig\u00edlia de Pentecostes. Antes de alguma solenidade importante da Igreja, sempre acontece a vig\u00edlia. Ao longo do ano, acontecem v\u00e1rias grandes vig\u00edlias: as mais conhecidas s\u00e3o: Vig\u00edlia da P\u00e1scoa (a mais importante do [&hellip;]<\/p>\n","protected":false},"author":5,"featured_media":55819,"comment_status":"open","ping_status":"closed","sticky":false,"template":"","format":"standard","meta":{"footnotes":""},"categories":[9],"tags":[],"class_list":["post-81981","post","type-post","status-publish","format-standard","has-post-thumbnail","hentry","category-artigos"],"_links":{"self":[{"href":"https:\/\/catolicanet.net\/wp-cnet\/wp-json\/wp\/v2\/posts\/81981","targetHints":{"allow":["GET"]}}],"collection":[{"href":"https:\/\/catolicanet.net\/wp-cnet\/wp-json\/wp\/v2\/posts"}],"about":[{"href":"https:\/\/catolicanet.net\/wp-cnet\/wp-json\/wp\/v2\/types\/post"}],"author":[{"embeddable":true,"href":"https:\/\/catolicanet.net\/wp-cnet\/wp-json\/wp\/v2\/users\/5"}],"replies":[{"embeddable":true,"href":"https:\/\/catolicanet.net\/wp-cnet\/wp-json\/wp\/v2\/comments?post=81981"}],"version-history":[{"count":1,"href":"https:\/\/catolicanet.net\/wp-cnet\/wp-json\/wp\/v2\/posts\/81981\/revisions"}],"predecessor-version":[{"id":81982,"href":"https:\/\/catolicanet.net\/wp-cnet\/wp-json\/wp\/v2\/posts\/81981\/revisions\/81982"}],"wp:featuredmedia":[{"embeddable":true,"href":"https:\/\/catolicanet.net\/wp-cnet\/wp-json\/wp\/v2\/media\/55819"}],"wp:attachment":[{"href":"https:\/\/catolicanet.net\/wp-cnet\/wp-json\/wp\/v2\/media?parent=81981"}],"wp:term":[{"taxonomy":"category","embeddable":true,"href":"https:\/\/catolicanet.net\/wp-cnet\/wp-json\/wp\/v2\/categories?post=81981"},{"taxonomy":"post_tag","embeddable":true,"href":"https:\/\/catolicanet.net\/wp-cnet\/wp-json\/wp\/v2\/tags?post=81981"}],"curies":[{"name":"wp","href":"https:\/\/api.w.org\/{rel}","templated":true}]}}