{"id":81929,"date":"2023-05-24T09:38:54","date_gmt":"2023-05-24T12:38:54","guid":{"rendered":"https:\/\/catolicanet.net\/wp-cnet\/?p=81929"},"modified":"2023-05-24T15:41:02","modified_gmt":"2023-05-24T18:41:02","slug":"dom-ricardo-hoepers-e-nomeado-bispo-auxiliar-da-arquidiocese-de-brasilia-df","status":"publish","type":"post","link":"https:\/\/catolicanet.net\/wp-cnet\/dom-ricardo-hoepers-e-nomeado-bispo-auxiliar-da-arquidiocese-de-brasilia-df\/","title":{"rendered":"DOM RICARDO HOEPERS \u00c9 NOMEADO BISPO AUXILIAR DA ARQUIDIOCESE DE BRAS\u00cdLIA (DF)"},"content":{"rendered":"<p style=\"text-align: justify;\">O secret\u00e1rio-geral da Confer\u00eancia Nacional dos Bispos do Brasil (CNBB), dom Ricardo Hoepers, foi nomeado pelo Papa Francisco, nesta quarta-feira, como novo bispo auxiliar da Arquidiocese de Bras\u00edlia (DF). O prelado foi transferido da Diocese do Rio Grande (RS) para a sede titular episcopal de Tisdro.<\/p>\n<p style=\"text-align: justify;\">Por ter sido eleito secret\u00e1rio-geral da CNBB, fun\u00e7\u00e3o que deve ser exercida em tempo integral por um bispo residente na sede da Confer\u00eancia Episcopal, dom Ricardo teve de deixar a diocese da qual era titular e a Santa S\u00e9 providenciou a nomea\u00e7\u00e3o como bispo auxiliar. A escolha do Papa Francisco foi a arquidiocese de Bras\u00edlia, mesmo local da sede da CNBB.<\/p>\n<p style=\"text-align: justify;\">Os outros tr\u00eas membros da Presid\u00eancia da CNBB emitiram uma sauda\u00e7\u00e3o a dom Ricardo. O novo bispo auxiliar da arquidiocese de Bras\u00edlia divulgou uma mensagem de agradecimento.<\/p>\n<h3 style=\"text-align: justify;\"><span data-contrast=\"auto\">Biografia<\/span><\/h3>\n<p style=\"text-align: justify;\">Nascido em 16 de dezembro de 1970, dom Ricardo ingressou no Semin\u00e1rio Arquidiocesano S\u00e3o Jos\u00e9, em Curitiba, aos 15 anos. Foi ordenado presb\u00edtero no dia de S\u00e3o Jo\u00e3o Bosco, 31 de janeiro de 1999, ap\u00f3s ter cursado Filosofia na Universidade Federal do Paran\u00e1 e Teologia no Studium Theologicum, da Faculdade Claretiana de Teologia, ambas na capital paranaense.<\/p>\n<p style=\"text-align: justify;\">Tem especializa\u00e7\u00e3o e mestrado em Bio\u00e9tica, respectivamente pela Faculdade S\u00e3o Camilo, de S\u00e3o Paulo (1999), e pela Academia Afonsiana, de Roma (2011). Tamb\u00e9m tem mestrado em Educa\u00e7\u00e3o pela Pontif\u00edcia Universidade Cat\u00f3lica do Paran\u00e1 e doutorado em Teologia Moral pela Academia Afonsiana.<\/p>\n<p style=\"text-align: justify;\">Acumulou experi\u00eancias como docente e tamb\u00e9m diretor de institui\u00e7\u00e3o de ensino superior. Na arquidiocese de Curitiba, foi coordenador geral do clero, membro do Conselho Presbiteral e do Col\u00e9gio de Consultores. No Regional Sul 2 da CNBB, foi assistente eclesi\u00e1stico da Pastoral da Pessoa com Defici\u00eancia.<\/p>\n<p style=\"text-align: justify;\">Em 2016, foi nomeado bispo do Rio Grande (RS) e recebeu a Ordena\u00e7\u00e3o Episcopal pelas m\u00e3os do arcebispo de Curitiba (PR), dom Jos\u00e9 Antonio Peruzzo, no dia 14 de maio daquele ano. Em 2018, dom Ricardo Hoepers representou a CNBB numa audi\u00eancia p\u00fablica que debateu a descriminaliza\u00e7\u00e3o do aborto no Supremo Tribunal Federal (STF). Foi eleito em primeiro escrut\u00ednio para a presid\u00eancia da Comiss\u00e3o para a Vida e a Fam\u00edlia, na 57\u00aa Assembleia Geral da CNBB, em 2019. No Regional Sul 3 da CNBB, articulou o Observat\u00f3rio Regional de Bio\u00e9tica.<\/p>\n<p style=\"text-align: justify;\">Dom Ricardo Hoepers faz parte da Equipe de Anima\u00e7\u00e3o Nacional do S\u00ednodo 2021-2024 e presidiu, no \u00faltimo quadri\u00eanio, a Comiss\u00e3o Especial de Bio\u00e9tica, articulando especialistas em iniciativas de forma\u00e7\u00e3o e de embasamento para posi\u00e7\u00f5es da Confer\u00eancia na defesa, promo\u00e7\u00e3o e cuidado com a vida humana.<\/p>\n<p style=\"text-align: justify;\">No \u00faltimo dia 25 de abril, durante a 60\u00aa Assembleia Geral da CNBB, foi eleito secret\u00e1rio-geral para o quadri\u00eanio 2023-2027. Dom Ricardo chegou em Bras\u00edlia no dia 8 de maio.<\/p>\n<p>&nbsp;<\/p>\n<h3 class=\"s6\"><span class=\"s5\"><span class=\"bumpedFont15\">Sauda\u00e7\u00e3o da CNBB a Dom Ricardo Hoepers<\/span><\/span><\/h3>\n<p style=\"text-align: justify;\">Estimado irm\u00e3o, Dom Ricardo Hoepers,<\/p>\n<p style=\"text-align: justify;\">Valemo-nos desta mensagem para expressar nossa sauda\u00e7\u00e3o ao senhor pela nomea\u00e7\u00e3o como novo Bispo Auxiliar da Arquidiocese de Bras\u00edlia, desejando que esta nova miss\u00e3o em seu minist\u00e9rio seja iluminada pelo exemplo e profecia de S\u00e3o Jo\u00e3o Bosco e conduzida sob a prote\u00e7\u00e3o maternal de Nossa Senhora Aparecida, de forma especial neste momento em que cumpre a fun\u00e7\u00e3o de secret\u00e1rio-geral da nossa Confer\u00eancia Episcopal.<\/p>\n<p style=\"text-align: justify;\">Que sua presen\u00e7a na Arquidiocese que compreende a nossa amada Capital Federal, sob a lideran\u00e7a do Cardeal Arcebispo Dom Paulo Cezar Costa, possa ser frut\u00edfera no fortalecimento do an\u00fancio do Evangelho e sempre mais sinal de comunh\u00e3o desta Confer\u00eancia com a Igreja Particular que a acolhe em seu territ\u00f3rio.<\/p>\n<p style=\"text-align: justify;\">Em Cristo,<\/p>\n<p style=\"text-align: justify;\"><strong>Dom Jaime Spengler\u00a0<\/strong><br \/>\n<span data-contrast=\"auto\">Arcebispo de Porto Alegre (RS)<\/span><br \/>\n<span data-contrast=\"auto\">Presidente da CNBB<\/span><\/p>\n<p style=\"text-align: justify;\"><strong>Dom Jo\u00e3o Justino de Medeiros Silva\u00a0<\/strong><br \/>\n<span data-contrast=\"auto\">Arcebispo de Goi\u00e2nia (GO)<\/span><br \/>\n<span data-contrast=\"auto\">Primeiro Vice-presidente da CNBB<\/span><\/p>\n<p style=\"text-align: justify;\"><strong>Dom Paulo Jackson N\u00f3brega de Sousa\u00a0<\/strong><br \/>\n<span data-contrast=\"auto\">Bispo de Garanhuns (PE)<\/span><br \/>\n<span data-contrast=\"auto\">Segundo Vice-presidente da CNBB<\/span><span data-ccp-props=\"{&quot;201341983&quot;:0,&quot;335559739&quot;:160,&quot;335559740&quot;:259}\">\u00a0<\/span><\/p>\n<h3 class=\"s6\"><span class=\"s5\"><span class=\"bumpedFont15\">Mensagem de Dom Ricardo Hoepers<\/span><\/span><\/h3>\n<p>24\/05\/2023<\/p>\n<blockquote>\n<p class=\"s8\"><em><span class=\"s7\">Elige ergo\u00a0<\/span><span class=\"s7\">vitam<\/span><span class=\"s7\">\u00a0(<\/span><span class=\"s7\">Dt<\/span><span class=\"s7\">\u00a030,19)<\/span><\/em><\/p>\n<h4><span class=\"s4\">Ao Santo Padre, Papa Francisco<\/span><\/h4>\n<\/blockquote>\n<p style=\"text-align: justify;\">Gostaria de agradecer profundamente ao Santo Padre, o Papa Francisco, por confiar a mim esta miss\u00e3o pastoral, como Bispo Auxiliar da Arquidiocese de Bras\u00edlia, atribuindo-me a Sede Titular de Tisdro. Estou sempre \u00e0 disposi\u00e7\u00e3o do Santo Padre e, de maneira especial, muito comovido pela compreens\u00e3o e sensibilidade que o Papa Francisco teve de proporcionar minha a\u00e7\u00e3o pastoral na mesma Igreja Local onde est\u00e1 a Sede da CNBB, possibilitando total integra\u00e7\u00e3o entre o Minist\u00e9rio Pastoral com o Secretariado Geral da CNBB.<\/p>\n<blockquote>\n<h4><span class=\"s4\">A Dom Paulo Cezar, Cardeal Costa<\/span><\/h4>\n<\/blockquote>\n<p style=\"text-align: justify;\">Agrade\u00e7o tamb\u00e9m, o nosso Cardeal, Dom Paulo Cezar, Arcebispo de Bras\u00edlia, pela disposi\u00e7\u00e3o em acolher-me. O seu \u201csim generoso\u201d, ao aceitar-me como Bispo Auxiliar, expressa sua unidade e apre\u00e7o pela CNBB, bem como, um zelo apost\u00f3lico que assegura o servi\u00e7o do meu Minist\u00e9rio Pastoral nesta Igreja Particular.<\/p>\n<blockquote>\n<h4><span class=\"s4\">Ao N\u00fancio Apost\u00f3lico, Dom Giambattista\u00a0<\/span><span class=\"s4\">Diquattro<\/span><\/h4>\n<\/blockquote>\n<p style=\"text-align: justify;\">Ao N\u00fancio Apost\u00f3lico, Dom Giambattista Diquatto, a minha gratid\u00e3o pelo empenho e imediata aten\u00e7\u00e3o \u00e0s necessidades da CNBB. Sua visita, para saudar-me na Sede da CNBB, logo no primeiro dia, quando cheguei em Bras\u00edlia, foi um grande gesto de paternidade espiritual que me trouxe alento e confian\u00e7a diante da radical mudan\u00e7a de vida e de miss\u00e3o.<\/p>\n<blockquote>\n<h4><span class=\"s4\">\u00c0 Diocese do Rio Grande, aos Bispos do Regional Sul 3 e \u00e0 Prov\u00edncia de Pelotas<\/span><\/h4>\n<\/blockquote>\n<p style=\"text-align: justify;\">Quero expressar, de maneira especial, minha gratid\u00e3o \u00e0 Diocese do Rio Grande: Dom Jos\u00e9 M\u00e1rio Stroeher, Bispo Em\u00e9rito, os presb\u00edteros, di\u00e1conos, religiosos e religiosas, seminaristas e todo o povo de Deus, que nos \u00faltimos 7 anos me ensinaram a viver meu episcopado, com a ternura e com a firmeza necess\u00e1rias, para enfrentarmos juntos todos os desafios das fronteiras existenciais e geogr\u00e1ficas na Diocese mais meridional do nosso pa\u00eds. Jamais esquecerei todo o testemunho do Evangelho vivido no dia a dia daqueles que Deus me confiou, na Igreja Particular do Rio Grande. Aos meus queridos irm\u00e3os no Episcopado do Regional Sul 3, minha sauda\u00e7\u00e3o e minha mais alta considera\u00e7\u00e3o. Ficar\u00e3o marcados no meu cora\u00e7\u00e3o, os momentos vividos e a acolhida que me deram, desde o primeiro momento em que cheguei no extremo sul. N\u00e3o posso deixar de reconhecer, com profunda gratid\u00e3o, a Prov\u00edncia de Pelotas e a Universidade Cat\u00f3lica de Pelotas, onde colaborei diretamente. Aos irm\u00e3os da Prov\u00edncia, meu apre\u00e7o e minha estima: Dom Jacinto Bergmann, Arcebispo de Pelotas\/RS, e Dom Cleonir Dalbosco, Bispo de Bag\u00e9\/RS.<\/p>\n<h4 style=\"text-align: justify;\"><span class=\"s4\">\u00c0 Arquidiocese de Bras\u00edlia \u00a0<\/span><\/h4>\n<p style=\"text-align: justify;\">Enfim, sa\u00fado com alegria o Arcebispo, os Bispos, clero, religiosos e religiosas, seminaristas e todo o povo de Deus e coloco-me a servi\u00e7o da Arquidiocese de Bras\u00edlia. A partir de hoje, faremos parte da mesma fam\u00edlia, e venho somar com voc\u00eas na disposi\u00e7\u00e3o de trabalharmos incansavelmente no an\u00fancio do Evangelho da Vida, isto \u00e9, na promo\u00e7\u00e3o, defesa e cuidado com a vida desde a concep\u00e7\u00e3o at\u00e9 o seu fim natural. Que as fam\u00edlias desta Arquidiocese sejam um Santu\u00e1rio da Vida.<\/p>\n<p style=\"text-align: justify;\">Sob o Manto Protetor de Nossa Senhora Aparecida, e a intercess\u00e3o de S\u00e3o Jo\u00e3o Bosco,<\/p>\n<p style=\"text-align: justify;\"><em><span class=\"s4\"><strong>Dom Ricardo Hoepers<\/strong><\/span><\/em><br \/>\n<em>Bispo eleito Auxiliar da Arquidiocese de Bras\u00edlia<\/em><br \/>\n<em>Secret\u00e1rio-Geral da CNBB<\/em><\/p>\n","protected":false},"excerpt":{"rendered":"<p>O secret\u00e1rio-geral da Confer\u00eancia Nacional dos Bispos do Brasil (CNBB), dom Ricardo Hoepers, foi nomeado pelo Papa Francisco, nesta quarta-feira, como novo bispo auxiliar da Arquidiocese de Bras\u00edlia (DF). O prelado foi transferido da Diocese do Rio Grande (RS) para a sede titular episcopal de Tisdro. Por ter sido eleito secret\u00e1rio-geral da CNBB, fun\u00e7\u00e3o que [&hellip;]<\/p>\n","protected":false},"author":1,"featured_media":81930,"comment_status":"open","ping_status":"closed","sticky":false,"template":"","format":"standard","meta":{"footnotes":""},"categories":[7],"tags":[],"class_list":["post-81929","post","type-post","status-publish","format-standard","has-post-thumbnail","hentry","category-cnbb"],"_links":{"self":[{"href":"https:\/\/catolicanet.net\/wp-cnet\/wp-json\/wp\/v2\/posts\/81929","targetHints":{"allow":["GET"]}}],"collection":[{"href":"https:\/\/catolicanet.net\/wp-cnet\/wp-json\/wp\/v2\/posts"}],"about":[{"href":"https:\/\/catolicanet.net\/wp-cnet\/wp-json\/wp\/v2\/types\/post"}],"author":[{"embeddable":true,"href":"https:\/\/catolicanet.net\/wp-cnet\/wp-json\/wp\/v2\/users\/1"}],"replies":[{"embeddable":true,"href":"https:\/\/catolicanet.net\/wp-cnet\/wp-json\/wp\/v2\/comments?post=81929"}],"version-history":[{"count":1,"href":"https:\/\/catolicanet.net\/wp-cnet\/wp-json\/wp\/v2\/posts\/81929\/revisions"}],"predecessor-version":[{"id":81931,"href":"https:\/\/catolicanet.net\/wp-cnet\/wp-json\/wp\/v2\/posts\/81929\/revisions\/81931"}],"wp:featuredmedia":[{"embeddable":true,"href":"https:\/\/catolicanet.net\/wp-cnet\/wp-json\/wp\/v2\/media\/81930"}],"wp:attachment":[{"href":"https:\/\/catolicanet.net\/wp-cnet\/wp-json\/wp\/v2\/media?parent=81929"}],"wp:term":[{"taxonomy":"category","embeddable":true,"href":"https:\/\/catolicanet.net\/wp-cnet\/wp-json\/wp\/v2\/categories?post=81929"},{"taxonomy":"post_tag","embeddable":true,"href":"https:\/\/catolicanet.net\/wp-cnet\/wp-json\/wp\/v2\/tags?post=81929"}],"curies":[{"name":"wp","href":"https:\/\/api.w.org\/{rel}","templated":true}]}}